{"id":30024,"date":"2022-12-27T11:54:45","date_gmt":"2022-12-27T14:54:45","guid":{"rendered":"https:\/\/corrientesdetarde.com\/?p=30024"},"modified":"2022-12-27T11:54:48","modified_gmt":"2022-12-27T14:54:48","slug":"una-mujer-mato-a-punaladas-a-su-ex-tras-sufrir-violencia-de-genero-y-le-confeso-el-crimen-a-su-vecino","status":"publish","type":"post","link":"https:\/\/corrientesdetarde.com\/index.php\/crimen-y-justicia\/una-mujer-mato-a-punaladas-a-su-ex-tras-sufrir-violencia-de-genero-y-le-confeso-el-crimen-a-su-vecino\/","title":{"rendered":"Una mujer mat\u00f3 a pu\u00f1aladas a su ex tras sufrir violencia de g\u00e9nero y le confes\u00f3 el crimen a su vecino"},"content":{"rendered":"\n<p>El asesinato ocurri\u00f3 en la localidad de Los Cardales en la v\u00edspera a Nochebuena. Qued\u00f3 detenida por homicidio agravado por el v\u00ednculo.<\/p>\n\n\n\n<p>Patricia Salinas, de 42 a\u00f1os, fue detenida en las \u00faltimas horas en la localidad de Los Cardales, provincia de Buenos Aires, despu\u00e9s de llamar al 911 y confesar que hab\u00eda asesinado a pu\u00f1aladas a su expareja, a quien hab\u00eda denunciado por violencia de g\u00e9nero hace menos de un a\u00f1o.<\/p>\n\n\n\n<p>La relaci\u00f3n entre Salinas y L\u00e1zaro Choque ya hab\u00eda tenido varias idas y vueltas. Incluso, el hombre ten\u00eda una medida de prohibici\u00f3n de acercamiento por parte del Juzgado de Paz de Exaltaci\u00f3n de la Cruz desde el 2 de marzo pasado.<\/p>\n\n\n\n<p>La pareja hab\u00eda vuelto a convivir recientemente en el fondo de una propiedad ubicada en Gar\u00edn al 200, que en la v\u00edspera de la Nochebuena se convirti\u00f3 en la escena del crimen.<\/p>\n\n\n\n<p>&#8220;Gordo, creo que lo mat\u00e9&#8221;, le dijo Salinas a un vecino con el que se cruz\u00f3 en la madrugada del 23 de diciembre. Unos minutos despu\u00e9s, ella misma tambi\u00e9n llam\u00f3 a la polic\u00eda y avis\u00f3 que su pareja estaba muerta en el interior de su vivienda y que ella lo hab\u00eda matado.<\/p>\n\n\n\n<p>Salinas qued\u00f3 detenida ese mismo viernes por la noche, pero se neg\u00f3 a declarar ante el fiscal del caso Juan Manuel Esperante, de la UFI descentralizada Exaltaci\u00f3n de la Cruz. Entre las primeras medidas, Esperante imput\u00f3 a la mujer por el delito de homicidio agravado por el v\u00ednculo y orden\u00f3 que sea sometida a una serie de pericias psiqui\u00e1tricas y psicol\u00f3gicas.<\/p>\n","protected":false},"excerpt":{"rendered":"<p>El asesinato ocurri\u00f3 en la localidad de Los Cardales en la v\u00edspera a Nochebuena. Qued\u00f3 detenida por homicidio agravado por el v\u00ednculo. Patricia Salinas, de 42 a\u00f1os, fue detenida en&hellip; <\/p>\n","protected":false},"author":4,"featured_media":30031,"comment_status":"closed","ping_status":"open","sticky":false,"template":"","format":"standard","meta":{"footnotes":""},"categories":[5],"tags":[],"class_list":["post-30024","post","type-post","status-publish","format-standard","has-post-thumbnail","hentry","category-crimen-y-justicia"],"_links":{"self":[{"href":"https:\/\/corrientesdetarde.com\/index.php\/wp-json\/wp\/v2\/posts\/30024","targetHints":{"allow":["GET"]}}],"collection":[{"href":"https:\/\/corrientesdetarde.com\/index.php\/wp-json\/wp\/v2\/posts"}],"about":[{"href":"https:\/\/corrientesdetarde.com\/index.php\/wp-json\/wp\/v2\/types\/post"}],"author":[{"embeddable":true,"href":"https:\/\/corrientesdetarde.com\/index.php\/wp-json\/wp\/v2\/users\/4"}],"replies":[{"embeddable":true,"href":"https:\/\/corrientesdetarde.com\/index.php\/wp-json\/wp\/v2\/comments?post=30024"}],"version-history":[{"count":1,"href":"https:\/\/corrientesdetarde.com\/index.php\/wp-json\/wp\/v2\/posts\/30024\/revisions"}],"predecessor-version":[{"id":30032,"href":"https:\/\/corrientesdetarde.com\/index.php\/wp-json\/wp\/v2\/posts\/30024\/revisions\/30032"}],"wp:featuredmedia":[{"embeddable":true,"href":"https:\/\/corrientesdetarde.com\/index.php\/wp-json\/wp\/v2\/media\/30031"}],"wp:attachment":[{"href":"https:\/\/corrientesdetarde.com\/index.php\/wp-json\/wp\/v2\/media?parent=30024"}],"wp:term":[{"taxonomy":"category","embeddable":true,"href":"https:\/\/corrientesdetarde.com\/index.php\/wp-json\/wp\/v2\/categories?post=30024"},{"taxonomy":"post_tag","embeddable":true,"href":"https:\/\/corrientesdetarde.com\/index.php\/wp-json\/wp\/v2\/tags?post=30024"}],"curies":[{"name":"wp","href":"https:\/\/api.w.org\/{rel}","templated":true}]}}