{"id":30224,"date":"2022-12-28T09:36:17","date_gmt":"2022-12-28T12:36:17","guid":{"rendered":"https:\/\/corrientesdetarde.com\/?p=30224"},"modified":"2022-12-28T09:36:43","modified_gmt":"2022-12-28T12:36:43","slug":"conoce-la-historia-del-cura-influencer-de-madre-correntina-que-explota-las-redes","status":"publish","type":"post","link":"https:\/\/corrientesdetarde.com\/index.php\/sociales\/conoce-la-historia-del-cura-influencer-de-madre-correntina-que-explota-las-redes\/","title":{"rendered":"Conoc\u00e9 la historia del cura influencer de madre correntina que explota las redes"},"content":{"rendered":"\n<p>El nombre de Luis Zazano es mundialmente conocido. Apenas tiene 37 a\u00f1os y su historia de vida ha sido desde que se orden\u00f3 como sacerdote una revelaci\u00f3n. Se define como &#8220;influencer del de arriba&#8221;.&nbsp; La Gaceta de Tucum\u00e1n, donde realiza su actividad sacerdotal, le hizo una entrevista y el religioso cont\u00f3 que su madre es correntina.<\/p>\n\n\n\n<p>El sacerdote es reconocido por los mensajes que graba cada ma\u00f1ana, audios con los cuales difunde el Evangelio y mediante los cuales ha logrado fundar Misioneros Digitales Cat\u00f3licos, una comunidad formada por laicos de varios pa\u00edses. La asociaci\u00f3n hoy tiene miembros en Estados Unidos, Guatemala, Paraguay, Colombia y Europa. Y no solo funciona por los audios de whatsapp, sino que adem\u00e1s mediante convenio con universidades, se dictan cursos y capacitaciones a distancia.<\/p>\n\n\n\n<p>En sus redes, Zazano se luce como buen comunicador. Uno de sus \u00faltimos posteos en Facebook es el d\u00eda de la final de la copa del mundo. Lleva puesta la camiseta de la selecci\u00f3n argentina y est\u00e1 parado dentro de la iglesia. En un movimiento r\u00e1pido el padre Luis Zazano toma su celular en modo selfie y saluda con fuerza a sus seguidores (que superan los 50 mil). Comienza el relato hablando sobre los or\u00edgenes, sobre el inicio de la vida y aquello que somos. Les cuenta la historia de San Jos\u00e9, a quien Dios le presenta un camino que no ten\u00eda planificado, habla del sacrificio y de no bajar los brazos. &#8220;\u00c9l persever\u00f3 y sigui\u00f3 adelante&#8221;, se\u00f1ala. R\u00e1pidamente, linkea esa historia con Leo Messi. &#8220;Lo hemos liquidado y criticado y hoy, lleg\u00f3 hasta su \u00faltimo mundial. Por eso, aunque te maten todos, segu\u00ed con Cristo&#8221;, cierra optimista y con una sonrisa.<\/p>\n\n\n\n<p>Luis Zazano no es un cura convencional, es m\u00e1s, busca diferenciarse. Ser ese Luis, le ha costado trabajo (terapia de por medio) porque tuvo que superar algunas crisis personales cuando m\u00e1s de una vez &nbsp;se pregunt\u00f3 si estaba haciendo lo correcto.<\/p>\n\n\n\n<p><strong>LA CHARLA<\/strong>&nbsp;<\/p>\n\n\n\n<p><strong>\u00bfC\u00f3mo nace tu v\u00ednculo con Dios, la Iglesia y la religi\u00f3n?&nbsp;<\/strong><\/p>\n\n\n\n<p>Vengo de una familia que no es cat\u00f3lica. No est\u00e1 comprometida con el catolicismo. Mi mam\u00e1 es correntina y se conoci\u00f3 con pap\u00e1 en Buenos Aires en 1969. Un a\u00f1o despu\u00e9s se casaron y armaron su vida ac\u00e1, en Tucum\u00e1n. Tuvieron a sus hijos.Tengo tres hermanos mayores y despu\u00e9s de casi 20 a\u00f1os nac\u00ed yo, el m\u00e1s peque\u00f1o.<\/p>\n\n\n\n<p>En esa \u00e9poca, por algunos problemas de salud de mi mam\u00e1, muchas veces estuve al cuidado de mis hermanos mayores. As\u00ed que si, he sido siempre el malcriado.<br>De chico fui a un colegio parroquial, era religioso, pero jam\u00e1s hab\u00eda estado inserto en grupos juveniles cat\u00f3licos. Hasta que me puse de novio.<\/p>\n\n\n\n<p><strong>\u00bfQu\u00e9 pas\u00f3 entonces?&nbsp;<\/strong><\/p>\n\n\n\n<p>Ella formaba parte de un grupo catolico. As\u00ed que empec\u00e9 a ir a misa todos los domingos, salvo cuando jugaba Atl\u00e9tico, ah\u00ed negociabamos e \u00edbamos los s\u00e1bados. Pero yo siempre hab\u00eda criticado a los curas. \u00a1Los liquidaba!<br>&nbsp;<br><strong>\u00bfPor qu\u00e9?&nbsp;<\/strong><\/p>\n\n\n\n<p>Recuerdos que tengo de ni\u00f1o. Una vez mi mam\u00e1 me fue a buscar al colegio, y el cura dijo algo que me molest\u00f3 mucho y nunca olvid\u00e9. Ella usaba un bast\u00f3n para ayudarse a caminar, y \u00e9l le pregunt\u00f3 que le hab\u00eda pasado. Mi madre le di\u00f3 una explicaci\u00f3n a lo que el cura le respondi\u00f3:<\/p>\n\n\n\n<p>Eso le pasa por no venir a la Iglesia, Dios debe haberla castigado. Fue una mala experiencia, pero puse a los curas en la misma bolsa. Ese d\u00eda fue un antes y un despu\u00e9s. &nbsp;<\/p>\n\n\n\n<p><strong>\u00bfC\u00f3mo pasaste entonces a querer convertirte en uno?&nbsp;<\/strong><br>El 2001 fue una \u00e9poca muy dif\u00edcil econ\u00f3mica y socialmente en nuestro pa\u00eds. En ese entonces, empezaron a surgir muchos comedores, donde iban ni\u00f1os que no ten\u00edan para comer. Mi novia, pertenec\u00eda a un grupo catolico y empezamos a ir juntos a ayudar. En ese momento, los dos estudiabamos Medicina. Mi sue\u00f1o siempre hab\u00eda sido, casarme, tener hijos y ser m\u00e9dico. Pero ya ves, hoy la tortilla se dio vuelta. De hecho, en el comedor sent\u00eda que me acercaba mucho a los chicos, porque mi idea era ser pediatra. Ahora soy m\u00e9dico del alma.<br>En fin. Me cost\u00f3 mucho decidirme. &nbsp;<\/p>\n\n\n\n<p><strong>\u00bfC\u00f3mo fue?&nbsp;<\/strong><br>Ten\u00eda otra vida, muy distinta. Mi primer gran experiencia fue en un retiro espiritual donde conoc\u00ed al Padre Carlitos S\u00e1nchez, actual Arzobispo. Tomamos mate, charlamos y \u00e9l se volvi\u00f3 mi amigo cura. Fui encontr\u00e1ndome con un mundo espiritual que me dio vuelta. Me cambi\u00f3 el chip. Me di cuenta de la existencia de un Dios latente.<\/p>\n\n\n\n<p><br>Pero el proceso fue muy dif\u00edcil. Me cost\u00f3 mucho decidir cu\u00e1l era mi vocaci\u00f3n. Tuve dudas, porque deb\u00eda elegir entre dos cosas buenas en mi vida. Mi novia, a quien quer\u00eda mucho y Dios.<br>&nbsp;<br><strong>\u00bfC\u00f3mo reaccion\u00f3 tu entorno cuando se lo comunicaste?&nbsp;<\/strong><\/p>\n\n\n\n<p>Mi novia, muy mal. Pens\u00f3 que la enga\u00f1aba, se enoj\u00f3 mucho, pero entend\u00ed su dolor. Y en mi casa no me cre\u00edan. \u00a1Les cost\u00f3 un fardo!<\/p>\n\n\n\n<p>Mi pap\u00e1 dej\u00f3 de hablarme durante casi tres a\u00f1os. Recuerdo que me pregunt\u00f3 \u00bfQu\u00e9 te pas\u00f3? \u00bfNo te gustan las mujeres? \u00bfPorque vas a encerrarte a un seminario?, hasta me cort\u00f3 los v\u00edveres.<\/p>\n\n\n\n<p>La \u00fanica que me apoy\u00f3 fue mi hermana, que era maestra. Ella me acompa\u00f1\u00f3 en todo momento y mir\u00e1 lo que son las cosas, a\u00f1os m\u00e1s tarde ella se convirti\u00f3 en monja de clausura. Asi que \u00a1fue todo muy loco!<\/p>\n\n\n\n<p><strong>\u00bfQui\u00e9n es hoy Luis Zazano?&nbsp;<\/strong><\/p>\n\n\n\n<p>Si me hac\u00edas esa pregunta hace un tiempo no pod\u00eda responderla. Tuve mi crisis fuerte, no sab\u00eda qui\u00e9n era yo. Luch\u00e9 contra mi mismo, por eso hoy puedo decir que soy un chico que lucha por su vida, comprendiendo que debo vivir en la realidad, qu\u00e9 tengo errores y los manifiesto. Trabajo en mis virtudes para tener una actitud servicial desde el sacerdocio. Soy Luis, no comido por un sacerdocio, sino plenificado por el.<\/p>\n\n\n\n<p><strong>\u00bfEsa crisis tuvo que ver con tu elecci\u00f3n?&nbsp;<\/strong><\/p>\n\n\n\n<p>La gente suele pensar que las crisis en el sacerdocio s\u00f3lo son en funci\u00f3n de una mujer y no hay nada m\u00e1s alejado.<\/p>\n\n\n\n<p>La crisis en mi caso tuvo que ver con un exceso de actividades, activismo le llamo yo. De pronto me di cuenta que mi agenda estaba repleta de actividades pero no encontraba el momento para mi. Hay una realidad detr\u00e1s de eso que no queres ver. Lo mismo nos pasa a los cura. Dejas de lado actividades como reunirte con amigos, o dedicar tiempo a la lectura, etc.<br>&nbsp;<br>Creo que es muy importante hacer un trabajo de madurez afectiva y apoyarse en profesionales. Porque en ese proceso, a veces,aparece el fracaso. En mi caso, mi terapeuta y un gu\u00eda espiritual fueron de mucha ayuda. El siempre me dec\u00eda, el tiempo de crisis no es tiempo de decisiones. Por eso esper\u00e9 para resolver mi situaci\u00f3n.<\/p>\n\n\n\n<p><strong>En ese proceso, \u00bfpensaste en dejar todo?&nbsp;<\/strong><\/p>\n\n\n\n<p>Y s\u00ed, claro que pens\u00e9 en dejar todo. Tuve una lucha interna y cre\u00ed que estaba equivocado.<br>Hab\u00eda recibido algunas cr\u00edticas por mi trabajo y el pedido de que dedique m\u00e1s tiempo a mi parroquia. &nbsp;<\/p>\n\n\n\n<p>No soy el Luis que puede estar todo el d\u00eda en la parroquia, a mi me gusta moverme, estar de un lado a otro. Vincularme de m\u00faltiples maneras con mi comunidad. Entonces dije \u00bfquiz\u00e1 yo deba cambiar, o ser\u00e1 este estilo de vida que no encaja en la iglesia o en mi familia?<\/p>\n\n\n\n<p><strong>\u00bfQu\u00e9 cosas no negocias en tu vida?&nbsp;<\/strong><\/p>\n\n\n\n<p>Hay tres pilares que no debo perder: Mi identidad, que es responder a quien soy; mi autenticidad que implica mostrarme como soy y mi autoestima para valorarme por lo que soy. Si pierdo estos tres pilares mi vida tarde o temprano va a declinar. Nos pasa a todos.<\/p>\n\n\n\n<p>\u00bfCu\u00e1l es la relaci\u00f3n que tienen los fieles con la Iglesia hoy?<br>Quienes integramos la Instituci\u00f3n iglesia hemos cometido errores. Como dec\u00eda el Papa Francisco, hubo muchos aduaneros eclesiales que determinaron quienes pod\u00edan entrar y quienes deb\u00edan salir de la Iglesia. Y a veces no nos damos cuenta que hay personas que buscan reconciliarse con Dios.<br>&nbsp;<br><strong>&#8230; Tu mensaje en esta Navidad&#8230;<\/strong>&nbsp;<\/p>\n\n\n\n<p>Este tiempo de Navidad, es para vivir la experiencia de un Dios que viene a iluminar las oscuridades de nuestra vida. Todos tenemos momentos dolorosos en donde no queremos volverlo a mirar, porque nos dio tanta tristeza. As\u00ed vino Dios a la humanidad que entraba a la tristeza, y les trajo alegr\u00eda. Por eso, como bien dice el \u00c1ngel, al\u00e9grense porque traigo una gran noticia.<\/p>\n\n\n\n<p>Hoy, la noticia es que tu vida vale y hay mucho que hacer por tu felicidad. Que Dios, La Virgen y los Santos los acompa\u00f1en.<\/p>\n\n\n\n<p>\u00a1Hasta el cielo no paramos! &nbsp;<\/p>\n","protected":false},"excerpt":{"rendered":"<p>El nombre de Luis Zazano es mundialmente conocido. Apenas tiene 37 a\u00f1os y su historia de vida ha sido desde que se orden\u00f3 como sacerdote una revelaci\u00f3n. Se define como&hellip; <\/p>\n","protected":false},"author":4,"featured_media":30306,"comment_status":"closed","ping_status":"open","sticky":false,"template":"","format":"standard","meta":{"footnotes":""},"categories":[17],"tags":[],"class_list":["post-30224","post","type-post","status-publish","format-standard","has-post-thumbnail","hentry","category-sociales"],"_links":{"self":[{"href":"https:\/\/corrientesdetarde.com\/index.php\/wp-json\/wp\/v2\/posts\/30224","targetHints":{"allow":["GET"]}}],"collection":[{"href":"https:\/\/corrientesdetarde.com\/index.php\/wp-json\/wp\/v2\/posts"}],"about":[{"href":"https:\/\/corrientesdetarde.com\/index.php\/wp-json\/wp\/v2\/types\/post"}],"author":[{"embeddable":true,"href":"https:\/\/corrientesdetarde.com\/index.php\/wp-json\/wp\/v2\/users\/4"}],"replies":[{"embeddable":true,"href":"https:\/\/corrientesdetarde.com\/index.php\/wp-json\/wp\/v2\/comments?post=30224"}],"version-history":[{"count":2,"href":"https:\/\/corrientesdetarde.com\/index.php\/wp-json\/wp\/v2\/posts\/30224\/revisions"}],"predecessor-version":[{"id":30308,"href":"https:\/\/corrientesdetarde.com\/index.php\/wp-json\/wp\/v2\/posts\/30224\/revisions\/30308"}],"wp:featuredmedia":[{"embeddable":true,"href":"https:\/\/corrientesdetarde.com\/index.php\/wp-json\/wp\/v2\/media\/30306"}],"wp:attachment":[{"href":"https:\/\/corrientesdetarde.com\/index.php\/wp-json\/wp\/v2\/media?parent=30224"}],"wp:term":[{"taxonomy":"category","embeddable":true,"href":"https:\/\/corrientesdetarde.com\/index.php\/wp-json\/wp\/v2\/categories?post=30224"},{"taxonomy":"post_tag","embeddable":true,"href":"https:\/\/corrientesdetarde.com\/index.php\/wp-json\/wp\/v2\/tags?post=30224"}],"curies":[{"name":"wp","href":"https:\/\/api.w.org\/{rel}","templated":true}]}}