{"id":30294,"date":"2022-12-28T09:22:46","date_gmt":"2022-12-28T12:22:46","guid":{"rendered":"https:\/\/corrientesdetarde.com\/?p=30294"},"modified":"2022-12-28T09:22:49","modified_gmt":"2022-12-28T12:22:49","slug":"en-medio-del-conflicto-por-la-coparticipacion-la-iglesia-pidio-el-maximo-respeto-a-la-constitucion-nacional","status":"publish","type":"post","link":"https:\/\/corrientesdetarde.com\/index.php\/nacionales\/en-medio-del-conflicto-por-la-coparticipacion-la-iglesia-pidio-el-maximo-respeto-a-la-constitucion-nacional\/","title":{"rendered":"<strong>En medio del conflicto por la coparticipaci\u00f3n, la Iglesia pidi\u00f3 el m\u00e1ximo respeto a la Constituci\u00f3n Nacional<\/strong>"},"content":{"rendered":"\n<p>El mensaje forma parte del saludo de fin de a\u00f1o de la Conferencia Episcopal Argentina en donde, adem\u00e1s, se solicita dejar de lado \u201clas agresiones, descalificaciones, y todo lo que ponga en riesgo la institucionalidad\u201d<\/p>\n\n\n\n<p>\u201c<strong>2023, un nosotros que nos incluya y hermane a todos<\/strong>\u201d. Bajo este t\u00edtulo, la Iglesia difundi\u00f3 un mensaje de fin de a\u00f1o en el que abog\u00f3 por el \u201cm\u00e1ximo respeto\u201d a la Constituci\u00f3n Nacional en medio del conflicto entre el Gobierno y la ciudad de Buenos Aires por los fondos de la coparticipaci\u00f3n, y solicit\u00f3 alcanzar los consensos b\u00e1sicos que permitan superar los \u201c<strong>problemas urgentes del pa\u00eds<\/strong>\u201d.<\/p>\n\n\n\n<p>A su vez, en el texto firmado por las autoridades de la Comisi\u00f3n Ejecutiva de la Conferencia Episcopal Argentina se sostiene que \u201ces imprescindible superar la desmesura que nos lleva a agredir y descalificar a quienes no piensan como nosotros\u201d. \u201cLa crisis que vivimos exige para este nuevo a\u00f1o 2023 no pensar solo en preservar los intereses personales, partidarios y electorales\u201d, se agreg\u00f3.<\/p>\n\n\n\n<p>En otro pasaje del comunicado se hace referencia a la necesidad de dejar de lado \u201ctodo lo que acreciente las divisiones,&nbsp;<strong>ponga en riesgo la institucionalidad<\/strong>&nbsp;y postergue la discusi\u00f3n de los temas urgentes en relaci\u00f3n con la pobreza, la deuda social, la educaci\u00f3n y el crecimiento del pa\u00eds\u201d.<\/p>\n\n\n\n<p>La Iglesia ya se hab\u00eda pronunciado de manera cr\u00edtica sobre la realidad argentina a principios de noviembre, en ocasi\u00f3n de la asamblea plenaria 121. En aquella oportunidad,&nbsp;<strong>Monse\u00f1or Oscar Ojea<\/strong>, obispo de San Isidro y presidente de la Conferencia Episcopal Argentina, advirti\u00f3 durante su homil\u00eda sobre \u201chondas fracturas\u201d de la sociedad, y sostuvo que \u201c<strong>la profunda divisi\u00f3n es motivo de esc\u00e1ndalo<\/strong>&nbsp;y es causa de perplejidad para muchas personas\u201d.<\/p>\n\n\n\n<p>\u201cMuchos creen que la identidad se construye diferenci\u00e1ndonos, marcando nuestra diversidad en el modo de pensar y de sentir con el otro\u201d, se\u00f1al\u00f3 Ojea en aquel discurso, y agreg\u00f3: \u201cAfianzar la identidad diferenci\u00e1ndonos de los dem\u00e1s es propio del adolescente que piensa crecer afirmando sus diferencias y sus distancias con el resto. Sin embargo, los cristianos sabemos que la identidad se construye por pertenencia, nace del enamoramiento que nos impulsa a identificarnos con el Amado y su ideal\u201d.<\/p>\n\n\n\n<p>l<strong>a buena imagen para pensar la Iglesia hoy puede ser la del exilio<\/strong>\u201d. Y a\u00f1adi\u00f3: \u201cVivimos una situaci\u00f3n an\u00e1loga a la que el Pueblo de Dios vivi\u00f3 en Babilonia. Ante el cambio de \u00e9poca muchas veces nos quedamos at\u00f3nitos y paralizados. Nos resulta dif\u00edcil encontrar el camino, el modo de ser y estar en la nueva situaci\u00f3n como le suced\u00eda al pueblo elegido en aquel pa\u00eds extranjero, pero estar a la defensiva, cerrarnos y no escuchar es lo que nos hace perder identidad\u201d.<\/p>\n\n\n\n<p>Por otro lado, en ocasi\u00f3n del mensaje por la navidad, el obispo de San Isidro reflexion\u00f3 sobre el triunfo de la selecci\u00f3n argentina en el Mundial de F\u00fatbol en Qatar 2022. \u201cEl ser humano es la \u00fanica criatura que no solo vive la vida, sino que necesita celebrarla (&#8230;). En el caso de la \u00faltima alegr\u00eda que hemos vivido, sentimos que estamos bajo una misma bandera, nos salud\u00e1bamos en la calle los que no se saludaban nunca; la celebraci\u00f3n fue como una gran revancha, de mucho tiempo sin celebrar\u201d, consider\u00f3.<\/p>\n\n\n\n<p>\u201cFue una revancha porque no celebramos nada los argentinos; cuando tenemos d\u00edas feriados por fechas patrias ni siquiera sabemos de qu\u00e9 se trata, estamos como desarraigados, vac\u00edos, desconfiados, hemos perdido ra\u00edces, y la fiesta y celebraci\u00f3n nos da pertenencia\u201d, a\u00f1adi\u00f3.<\/p>\n\n\n\n<p>Adem\u00e1s de Ojea, la mesa ejecutiva de la CEA est\u00e1 integrada por el vicepresidente primero, monse\u00f1or Marcelo Daniel Colombo, arzobispo de Mendoza; el vicepresidente segundo, monse\u00f1or Carlos Alfonso Azpiroz Costa, arzobispo de Bah\u00eda Blanca, y el secretario general, monse\u00f1or Alberto Germ\u00e1n Bochatey, obispo auxiliar de La Plata.<\/p>\n\n\n\n<p>Hace dos semanas, los obispos se reunieron en la Casa Rosada con el presidente&nbsp;<strong>Alberto Fern\u00e1ndez<\/strong>, a quien le expresaron su \u201c<strong>gran preocupaci\u00f3n por la pobreza en el pa\u00eds<\/strong>\u201d y pusieron el \u00e9nfasis en el \u201cimpacto negativo de la inflaci\u00f3n en los sueldos de los trabajadores\u201d.<\/p>\n","protected":false},"excerpt":{"rendered":"<p>El mensaje forma parte del saludo de fin de a\u00f1o de la Conferencia Episcopal Argentina en donde, adem\u00e1s, se solicita dejar de lado \u201clas agresiones, descalificaciones, y todo lo que&hellip; <\/p>\n","protected":false},"author":7,"featured_media":30295,"comment_status":"closed","ping_status":"open","sticky":false,"template":"","format":"standard","meta":{"footnotes":""},"categories":[10],"tags":[],"class_list":["post-30294","post","type-post","status-publish","format-standard","has-post-thumbnail","hentry","category-nacionales"],"_links":{"self":[{"href":"https:\/\/corrientesdetarde.com\/index.php\/wp-json\/wp\/v2\/posts\/30294","targetHints":{"allow":["GET"]}}],"collection":[{"href":"https:\/\/corrientesdetarde.com\/index.php\/wp-json\/wp\/v2\/posts"}],"about":[{"href":"https:\/\/corrientesdetarde.com\/index.php\/wp-json\/wp\/v2\/types\/post"}],"author":[{"embeddable":true,"href":"https:\/\/corrientesdetarde.com\/index.php\/wp-json\/wp\/v2\/users\/7"}],"replies":[{"embeddable":true,"href":"https:\/\/corrientesdetarde.com\/index.php\/wp-json\/wp\/v2\/comments?post=30294"}],"version-history":[{"count":1,"href":"https:\/\/corrientesdetarde.com\/index.php\/wp-json\/wp\/v2\/posts\/30294\/revisions"}],"predecessor-version":[{"id":30296,"href":"https:\/\/corrientesdetarde.com\/index.php\/wp-json\/wp\/v2\/posts\/30294\/revisions\/30296"}],"wp:featuredmedia":[{"embeddable":true,"href":"https:\/\/corrientesdetarde.com\/index.php\/wp-json\/wp\/v2\/media\/30295"}],"wp:attachment":[{"href":"https:\/\/corrientesdetarde.com\/index.php\/wp-json\/wp\/v2\/media?parent=30294"}],"wp:term":[{"taxonomy":"category","embeddable":true,"href":"https:\/\/corrientesdetarde.com\/index.php\/wp-json\/wp\/v2\/categories?post=30294"},{"taxonomy":"post_tag","embeddable":true,"href":"https:\/\/corrientesdetarde.com\/index.php\/wp-json\/wp\/v2\/tags?post=30294"}],"curies":[{"name":"wp","href":"https:\/\/api.w.org\/{rel}","templated":true}]}}