{"id":30297,"date":"2022-12-28T09:28:05","date_gmt":"2022-12-28T12:28:05","guid":{"rendered":"https:\/\/corrientesdetarde.com\/?p=30297"},"modified":"2022-12-28T09:28:08","modified_gmt":"2022-12-28T12:28:08","slug":"messi-asistio-a-la-fiesta-de-15-de-su-sobrina-en-rosario-fue-recibido-por-una-multitud-y-bailo-muchachos-al-ritmo-de-los-palmeras","status":"publish","type":"post","link":"https:\/\/corrientesdetarde.com\/index.php\/espectaculos\/messi-asistio-a-la-fiesta-de-15-de-su-sobrina-en-rosario-fue-recibido-por-una-multitud-y-bailo-muchachos-al-ritmo-de-los-palmeras\/","title":{"rendered":"<strong>Messi asisti\u00f3 a la fiesta de 15 de su sobrina en Rosario: fue recibido por una multitud y bail\u00f3 \u201cMuchachos\u201d al ritmo de Los Palmeras<\/strong>"},"content":{"rendered":"\n<p>El capit\u00e1n de la selecci\u00f3n argentina campeona del mundo particip\u00f3 junto al resto de su familia de la celebraci\u00f3n de Mora, hija de su hermano Rodrigo<\/p>\n\n\n\n<p><strong>Lionel Messi&nbsp;<\/strong>disfruta de sus d\u00edas m\u00e1s felices.Y lo hace en su Rosario natal despu\u00e9s de haberse consagrado campe\u00f3n del mundo con la selecci\u00f3n argentina, el mayor hito de su gloriosa carrera deportiva. Despu\u00e9s de hacer historia en el Mundial de Qatar, el capit\u00e1n del combinado nacional se tom\u00f3 un merecido descanso en su ciudad y recibir\u00e1 el a\u00f1o nuevo en Argentina antes de volver a Par\u00eds para sumarse al PSG de cara al resto de la temporada.<\/p>\n\n\n\n<p>Este martes por la noche, Leo junto a&nbsp;<strong>Antonela Roccuzzo<\/strong>&nbsp;y sus tres hijos,&nbsp;<strong>Thiago, Mateo y Ciro<\/strong>, hicieron su primera aparici\u00f3n p\u00fablica cuando se trasladaron desde su residencia en el country Kentucky de Funes hasta la zona norte de Rosario para asistir a<strong>&nbsp;la fiesta de 15 a\u00f1os de su sobrina Mora, hija de Rodrigo, uno de sus hermanos<\/strong>.<\/p>\n\n\n\n<p>Messi lleg\u00f3 en su camioneta y&nbsp;<strong>fue recibido por una multitud en el ingreso al sal\u00f3n donde se realiz\u00f3 la celebraci\u00f3n<\/strong>. Seg\u00fan indic\u00f3 la prensa rosarina, el astro argentino arrib\u00f3 a la entrada un minuto antes de las 21 y lo hizo detr\u00e1s de una camioneta de color blanco. Una vez que los vecinos del lugar se dieron cuenta qui\u00e9n era el personaje que estaba detr\u00e1s del volante, se abalanzaron contra el veh\u00edculo.<\/p>\n\n\n\n<p>En las im\u00e1genes que mostr\u00f3 el programa<em>&nbsp;Telenoche<\/em>, que se emite por el Canal 3 de Rosario, se puede ver c\u00f3mo los efectivos de seguridad del lugar intentaron contener el avance del p\u00fablico contra el auto de Leo. Es m\u00e1s, en varias ocasiones le pidieron que esperara para intentar seguir su marcha e ingresar al lugar para no causar ninguna lesi\u00f3n a las personas que se acercaron a intentar ver a su \u00eddolo.<\/p>\n\n\n\n<p>Otro de los aspectos a destacar fue la vestimenta que eligieron los Messi para asistir a la celebraci\u00f3n de un integrante de la familia. Lionel se puso&nbsp;<strong>un traje de color celeste con una camiseta blanca<\/strong>, lo mismo que sus hijos. Por su parte, a Antonela se la pudo ver vestida de color negro.<\/p>\n\n\n\n<p>Una vez que los presentes le gritaron \u201cDale Campe\u00f3n\u201d y \u201cOl\u00e9, ol\u00e9, Leo, Leo\u201d, Messi pudo ingresar al evento que se llev\u00f3 a cabo en la zona de&nbsp;<em>La Florida<\/em>, en la calle David Pe\u00f1a al 100. Despu\u00e9s de \u00e9l, ingresaron sus padres, Celia y Jorge.<\/p>\n\n\n\n<p>Una vez dentro del lugar, la sobrina de Messi pudo disfrutar de una noche especial. De la fiesta particip\u00f3 el grupo de cumbia santafesino&nbsp;<strong>Los Palmeras<\/strong>, que enton\u00f3 sus cl\u00e1sicos, y adem\u00e1s hubo un momento especial en el que se festej\u00f3 el t\u00edtulo que logr\u00f3 Argentina en el \u00faltimo Mundial de Qatar. En un video que se viraliz\u00f3 en las redes sociales se lo pudo ver a Leo cantar la canci\u00f3n \u201cMuchachos\u201d junto a Antonela y su hermano, el pap\u00e1 de la cumpla\u00f1era.<\/p>\n\n\n\n<p>Adem\u00e1s, como ya es su costumbre, varios de los integrantes que participaron de la celebraci\u00f3n aprovecharon para tomarse algunas selfies con el capit\u00e1n de los campeones del mundo.<\/p>\n\n\n\n<p>Los que vienen ser\u00e1n los \u00faltimos d\u00edas del 10 de la Selecci\u00f3n en el pa\u00eds. Es que el DT del Paris Saint Germain Christopher Galtier confirm\u00f3 que, una vez que llegue el 2023, Messi viajar\u00e1 con destino a la capital de Francia para sumarse a los entrenamientos del equipo parisino.<\/p>\n\n\n\n<p>En la rueda de prensa previa al partido entre el club parisino y el Racing de Estrasburgo en lo que significa el reinicio de la Ligue 1, el entrenador galo Christophe Galtier fue consultado acerca de cu\u00e1ndo volver\u00e1 el rosarino. \u201cLeo tuvo un Mundial muy grande. Volvi\u00f3 a Argentina, decidimos que iba a estar ausente hasta el 1 de enero.&nbsp;<strong>Se unir\u00e1 a nosotros el 2 o el 3 y luego reanudar\u00e1 la competencia<\/strong>\u201d, afirm\u00f3 el t\u00e9cnico galo.<\/p>\n","protected":false},"excerpt":{"rendered":"<p>El capit\u00e1n de la selecci\u00f3n argentina campeona del mundo particip\u00f3 junto al resto de su familia de la celebraci\u00f3n de Mora, hija de su hermano Rodrigo Lionel Messi&nbsp;disfruta de sus&hellip; <\/p>\n","protected":false},"author":7,"featured_media":30298,"comment_status":"closed","ping_status":"open","sticky":false,"template":"","format":"standard","meta":{"footnotes":""},"categories":[19],"tags":[],"class_list":["post-30297","post","type-post","status-publish","format-standard","has-post-thumbnail","hentry","category-espectaculos"],"_links":{"self":[{"href":"https:\/\/corrientesdetarde.com\/index.php\/wp-json\/wp\/v2\/posts\/30297","targetHints":{"allow":["GET"]}}],"collection":[{"href":"https:\/\/corrientesdetarde.com\/index.php\/wp-json\/wp\/v2\/posts"}],"about":[{"href":"https:\/\/corrientesdetarde.com\/index.php\/wp-json\/wp\/v2\/types\/post"}],"author":[{"embeddable":true,"href":"https:\/\/corrientesdetarde.com\/index.php\/wp-json\/wp\/v2\/users\/7"}],"replies":[{"embeddable":true,"href":"https:\/\/corrientesdetarde.com\/index.php\/wp-json\/wp\/v2\/comments?post=30297"}],"version-history":[{"count":1,"href":"https:\/\/corrientesdetarde.com\/index.php\/wp-json\/wp\/v2\/posts\/30297\/revisions"}],"predecessor-version":[{"id":30301,"href":"https:\/\/corrientesdetarde.com\/index.php\/wp-json\/wp\/v2\/posts\/30297\/revisions\/30301"}],"wp:featuredmedia":[{"embeddable":true,"href":"https:\/\/corrientesdetarde.com\/index.php\/wp-json\/wp\/v2\/media\/30298"}],"wp:attachment":[{"href":"https:\/\/corrientesdetarde.com\/index.php\/wp-json\/wp\/v2\/media?parent=30297"}],"wp:term":[{"taxonomy":"category","embeddable":true,"href":"https:\/\/corrientesdetarde.com\/index.php\/wp-json\/wp\/v2\/categories?post=30297"},{"taxonomy":"post_tag","embeddable":true,"href":"https:\/\/corrientesdetarde.com\/index.php\/wp-json\/wp\/v2\/tags?post=30297"}],"curies":[{"name":"wp","href":"https:\/\/api.w.org\/{rel}","templated":true}]}}