{"id":30309,"date":"2022-12-28T09:39:44","date_gmt":"2022-12-28T12:39:44","guid":{"rendered":"https:\/\/corrientesdetarde.com\/?p=30309"},"modified":"2022-12-28T09:39:48","modified_gmt":"2022-12-28T12:39:48","slug":"extienden-hasta-febrero-el-envio-de-recetas-por-whatsapp-para-enfermos-cronicos","status":"publish","type":"post","link":"https:\/\/corrientesdetarde.com\/index.php\/informacion-general\/extienden-hasta-febrero-el-envio-de-recetas-por-whatsapp-para-enfermos-cronicos\/","title":{"rendered":"Extienden hasta febrero el env\u00edo de recetas por WhatsApp para enfermos cr\u00f3nicos"},"content":{"rendered":"\n<p>Tras las cr\u00edticas, el Ministerio de Salud de la Naci\u00f3n inform\u00f3 que prorrog\u00f3 el uso de la foto de la orden m\u00e9dica para determinados casos.<\/p>\n\n\n\n<p>La publicaci\u00f3n en el Bolet\u00edn Oficial de un cambio en las recetas digitalizadas, gener\u00f3 fuertes inconvenientes en los pacientes que buscaban adquirir medicamentos para tratar sus patolog\u00edas por lo que el Ministerio de Salud emiti\u00f3 un comunicado en el que advirti\u00f3 que, para aquellos con tratamientos cr\u00f3nicos, se mantendr\u00e1 la modalidad previa hasta el 28 de febrero.<\/p>\n\n\n\n<p>La cartera sanitaria indic\u00f3: &#8220;Lo que se dej\u00f3 sin efecto es la prescripci\u00f3n de medicamentos a trav\u00e9s de fotos de las recetas enviadas por mensaje de texto, aplicaciones de mensajer\u00eda v\u00eda web, mail o fax, que hab\u00eda sido autorizada con car\u00e1cter excepcional durante el Aislamiento Social Preventivo Obligatorio. Estas fotos de recetas no son recetas digitales o electr\u00f3nicas&#8221;, recalc\u00f3.<\/p>\n\n\n\n<p>&#8220;El Ministerio de Salud, la Superintendencia de Servicios de Salud, el Consejo de Obras y Servicios Sociales Provinciales de la Rep\u00fablica Argentina, la Confederaci\u00f3n Farmac\u00e9utica Argentina, la Asociaci\u00f3n de Propietarios de Farmacias Argentinas, la Federaci\u00f3n Argentina de C\u00e1maras de Farmacias y la Federaci\u00f3n Farmac\u00e9utica acompa\u00f1an la Resoluci\u00f3n Ministerial 3622\/22 y ratifican la importancia de retornar al sistema de recetas previo al Aislamiento Social Preventivo Obligatorio (ASPO), que permite una trazabilidad y seguridad adecuadas de los medicamentos y alienta su uso racional&#8221;, informaron en un comunicado emitido anoche.<\/p>\n\n\n\n<p>&nbsp;<br>Previamente, hab\u00edan asegurado que &#8220;en acuerdo con asociaciones farmac\u00e9uticas, el Consejo de Obras y Servicios Sociales Provinciales de la Rep\u00fablica Argentina y la Superintendencia de Salud, se defini\u00f3 que a aquellos pacientes con enfermedades cr\u00f3nicas que ven\u00edan utilizando esta modalidad hasta hoy, se les aceptar\u00e1 la foto de la receta en las farmacias hasta el pr\u00f3ximo 28 de febrero, para facilitar el proceso de transici\u00f3n&#8221;.<\/p>\n\n\n\n<p>Es que, seg\u00fan indicaron en el documento conjunto, &#8220;de modo excepcional, se hab\u00eda autorizado, mientras durara el ASPO, la utilizaci\u00f3n de fotos de recetas enviadas por canales digitales (Whatsapp y correo electr\u00f3nico) para tratamientos cr\u00f3nicos con una validez de siete d\u00edas, mecanismo s\u00f3lo aceptable en tiempos de emergencia&#8221;.<\/p>\n\n\n\n<p><br>&nbsp;&#8220;La resoluci\u00f3n 696\/20 hab\u00eda sido emitida para que los pacientes con patolog\u00edas cr\u00f3nicas no tuvieran que circular para continuar su tratamiento en medio del aislamiento. En un contexto epidemiol\u00f3gico y sanitario diferente, es imprescindible retomar los procedimientos habituales, que permiten una mayor seguridad y trazabilidad de los medicamentos, promoviendo su uso racional&#8221;, afirmaron el escrito previo.&nbsp;<\/p>\n\n\n\n<p>Y continuaron que, &#8220;pasada la emergencia, resulta conveniente volver a los mecanismos anteriores, que garantizan una mayor seguridad porque tienen menos posibilidades de ser falsificados y alientan un uso responsable de los medicamentos, tal como se acord\u00f3 con ministros y ministras de salud de todo el pa\u00eds en el Consejo Federal de Salud del 4 de octubre del presente a\u00f1o&#8221;.<\/p>\n\n\n\n<p>&nbsp;<br>Los cambios se decidieron para fortalecer la trazabilidad en el expendio de f\u00e1rmacos, ya que la prescripci\u00f3n de medicamentos debe realizarse con todos los mecanismos de seguridad correspondientes: las recetas deben asegurar la identidad de pacientes y m\u00e9dicos y el medicamento prescrito debe estar autorizado por el ANMAT, ser identificado por su nombre gen\u00e9rico y formar parte de una indicaci\u00f3n terap\u00e9utica validada cient\u00edficamente, dentro del uso racional de medicamentos.<\/p>\n\n\n\n<p>&#8220;Como antes de la pandemia, las recetas digitales y\/o electr\u00f3nicas que se aceptan son las que tienen firma electr\u00f3nica o digital, tal como lo establecen la Ley de Receta Digital, que est\u00e1 en fase de implementaci\u00f3n, y la Ley de Firma Electr\u00f3nica&#8221;, explicaron desde la cartera sanitaria y agregaron: &#8220;Se espera que, a partir de la reglamentaci\u00f3n de esta ley, se ampl\u00eden los prestadores que tengan este servicio y, por lo tanto, se simplifique la accesibilidad de los pacientes al medicamento&#8221;.<\/p>\n\n\n\n<p>Por \u00faltimo, en el comunicado divulgado este martes, recalcaron que &#8220;en la mayor\u00eda de las provincias y de los subsectores del sistema de salud (obras sociales provinciales, sistema p\u00fablico de salud y algunas obras sociales nacionales y prepagas), la posibilidad de presentar recetas a trav\u00e9s de fotos no est\u00e1 vigente dado que, luego del ASPO, la resoluci\u00f3n dej\u00f3 de estar vigente&#8221; y reiteraron que &#8220;la derogaci\u00f3n de este mecanismo es una medida consensuada con ministros y ministras de las 24 jurisdicciones en el marco del Consejo Federal de Salud&#8221;<\/p>\n\n\n\n<p>&#8220;La prescripci\u00f3n de medicamentos mediante recetas electr\u00f3nicas o digitales sigue igual que hasta el momento en todo el territorio nacional. Cualquier farmacia, servicios de farmacia de los establecimientos de salud y establecimientos de salud deben suministrar los medicamentos prescriptos con firma manuscrita o electr\u00f3nica&#8221;, concluyeron.<\/p>\n","protected":false},"excerpt":{"rendered":"<p>Tras las cr\u00edticas, el Ministerio de Salud de la Naci\u00f3n inform\u00f3 que prorrog\u00f3 el uso de la foto de la orden m\u00e9dica para determinados casos. La publicaci\u00f3n en el Bolet\u00edn&hellip; <\/p>\n","protected":false},"author":4,"featured_media":30310,"comment_status":"closed","ping_status":"open","sticky":false,"template":"","format":"standard","meta":{"footnotes":""},"categories":[1],"tags":[],"class_list":["post-30309","post","type-post","status-publish","format-standard","has-post-thumbnail","hentry","category-informacion-general"],"_links":{"self":[{"href":"https:\/\/corrientesdetarde.com\/index.php\/wp-json\/wp\/v2\/posts\/30309","targetHints":{"allow":["GET"]}}],"collection":[{"href":"https:\/\/corrientesdetarde.com\/index.php\/wp-json\/wp\/v2\/posts"}],"about":[{"href":"https:\/\/corrientesdetarde.com\/index.php\/wp-json\/wp\/v2\/types\/post"}],"author":[{"embeddable":true,"href":"https:\/\/corrientesdetarde.com\/index.php\/wp-json\/wp\/v2\/users\/4"}],"replies":[{"embeddable":true,"href":"https:\/\/corrientesdetarde.com\/index.php\/wp-json\/wp\/v2\/comments?post=30309"}],"version-history":[{"count":1,"href":"https:\/\/corrientesdetarde.com\/index.php\/wp-json\/wp\/v2\/posts\/30309\/revisions"}],"predecessor-version":[{"id":30311,"href":"https:\/\/corrientesdetarde.com\/index.php\/wp-json\/wp\/v2\/posts\/30309\/revisions\/30311"}],"wp:featuredmedia":[{"embeddable":true,"href":"https:\/\/corrientesdetarde.com\/index.php\/wp-json\/wp\/v2\/media\/30310"}],"wp:attachment":[{"href":"https:\/\/corrientesdetarde.com\/index.php\/wp-json\/wp\/v2\/media?parent=30309"}],"wp:term":[{"taxonomy":"category","embeddable":true,"href":"https:\/\/corrientesdetarde.com\/index.php\/wp-json\/wp\/v2\/categories?post=30309"},{"taxonomy":"post_tag","embeddable":true,"href":"https:\/\/corrientesdetarde.com\/index.php\/wp-json\/wp\/v2\/tags?post=30309"}],"curies":[{"name":"wp","href":"https:\/\/api.w.org\/{rel}","templated":true}]}}