{"id":30457,"date":"2022-12-28T20:43:35","date_gmt":"2022-12-28T23:43:35","guid":{"rendered":"https:\/\/corrientesdetarde.com\/?p=30457"},"modified":"2022-12-28T23:42:14","modified_gmt":"2022-12-29T02:42:14","slug":"un-jubilado-mato-a-balazos-a-un-ladron-que-irrumpio-en-su-casa","status":"publish","type":"post","link":"https:\/\/corrientesdetarde.com\/index.php\/policiales\/un-jubilado-mato-a-balazos-a-un-ladron-que-irrumpio-en-su-casa\/","title":{"rendered":"Un jubilado mat\u00f3 a balazos a un ladr\u00f3n que irrumpi\u00f3 en su casa"},"content":{"rendered":"\n<p>Al llegar al lugar, los efectivos se encontraron con un hombre desvanecido sobre la vereda, ensangrentado y con una herida de disparo en el t\u00f3rax. A ra\u00edz de ello se procedi\u00f3 al llamado de una ambulancia que termin\u00f3 de constatar que la persona hab\u00eda muerto.<\/p>\n\n\n\n<p>Inmediatamente, el personal de la seccional 5ta solicit\u00f3 revisar las c\u00e1maras de seguridad de uno de los domicilios de la calle Grecia. Puntualmente el ubicado a la altura 5882. All\u00ed pudieron observar toda la secuencia.<\/p>\n\n\n\n<figure class=\"wp-block-image\"><img decoding=\"async\" src=\"https:\/\/www.radiodos.com.ar\/content\/bucket\/6\/185196w770h785c.webp.webp\" alt=\"\"\/><\/figure>\n\n\n\n<p>El hombre que posteriormente perdi\u00f3 la vida hab\u00eda intentado ingresar a la vivienda luego de ir colg\u00e1ndose de los techos de casas linderas con el objetivo de cometer un il\u00edcito. Minutos despu\u00e9s se lo observa corriendo y arroj\u00e1ndose al techo de otra casa tom\u00e1ndose el est\u00f3mago. Luego de realizar unos treinta metros se desvanece en la vereda, fellciendo en el lugar.<\/p>\n\n\n\n<p>A ra\u00edz de ello, se entrevistaron con el propietario de la vivienda, de nombre Juan Carlos Gonz\u00e1lez, de 76 a\u00f1os, quien afirm\u00f3 haber disparado de manera espont\u00e1nea a la persona que quiso ingresar a robar a su casa. La justicia abri\u00f3 una investigaci\u00f3n y qued\u00f3 imputado por el delito de homicidio.<\/p>\n\n\n\n<p>Por otra parte, el intendente de Lan\u00fas, N\u00e9stor Grindetti, se manifest\u00f3 al respecto en redes sociales. &#8220;Hoy es un dia muy triste. Quiero expresar mi solidaridad con Juan Carlos Gonzalez que tuvo que elegir entre su vida y la de un delincuente que se meti\u00f3 en su casa de Villa Diamante a robarle&#8221;, expres\u00f3.<\/p>\n\n\n\n<p>&#8220;Imagino el infierno que debe estar pasando y nosotros desde @lanusmunicipio le enviamos nuestro total apoyo. Siempre es lamentable una circunstancia d\u00f3nde una persona pierde la vida, pero no tengo dudas en defender y asistir a un vecino que sufre un delito. Estoy con \u00e9l&#8221;, a\u00f1adi\u00f3.<\/p>\n","protected":false},"excerpt":{"rendered":"<p>Al llegar al lugar, los efectivos se encontraron con un hombre desvanecido sobre la vereda, ensangrentado y con una herida de disparo en el t\u00f3rax. A ra\u00edz de ello se&hellip; <\/p>\n","protected":false},"author":1,"featured_media":30459,"comment_status":"closed","ping_status":"open","sticky":false,"template":"","format":"standard","meta":{"footnotes":""},"categories":[33],"tags":[],"class_list":["post-30457","post","type-post","status-publish","format-standard","has-post-thumbnail","hentry","category-policiales"],"_links":{"self":[{"href":"https:\/\/corrientesdetarde.com\/index.php\/wp-json\/wp\/v2\/posts\/30457","targetHints":{"allow":["GET"]}}],"collection":[{"href":"https:\/\/corrientesdetarde.com\/index.php\/wp-json\/wp\/v2\/posts"}],"about":[{"href":"https:\/\/corrientesdetarde.com\/index.php\/wp-json\/wp\/v2\/types\/post"}],"author":[{"embeddable":true,"href":"https:\/\/corrientesdetarde.com\/index.php\/wp-json\/wp\/v2\/users\/1"}],"replies":[{"embeddable":true,"href":"https:\/\/corrientesdetarde.com\/index.php\/wp-json\/wp\/v2\/comments?post=30457"}],"version-history":[{"count":1,"href":"https:\/\/corrientesdetarde.com\/index.php\/wp-json\/wp\/v2\/posts\/30457\/revisions"}],"predecessor-version":[{"id":30462,"href":"https:\/\/corrientesdetarde.com\/index.php\/wp-json\/wp\/v2\/posts\/30457\/revisions\/30462"}],"wp:featuredmedia":[{"embeddable":true,"href":"https:\/\/corrientesdetarde.com\/index.php\/wp-json\/wp\/v2\/media\/30459"}],"wp:attachment":[{"href":"https:\/\/corrientesdetarde.com\/index.php\/wp-json\/wp\/v2\/media?parent=30457"}],"wp:term":[{"taxonomy":"category","embeddable":true,"href":"https:\/\/corrientesdetarde.com\/index.php\/wp-json\/wp\/v2\/categories?post=30457"},{"taxonomy":"post_tag","embeddable":true,"href":"https:\/\/corrientesdetarde.com\/index.php\/wp-json\/wp\/v2\/tags?post=30457"}],"curies":[{"name":"wp","href":"https:\/\/api.w.org\/{rel}","templated":true}]}}