{"id":30474,"date":"2022-12-28T21:14:26","date_gmt":"2022-12-29T00:14:26","guid":{"rendered":"https:\/\/corrientesdetarde.com\/?p=30474"},"modified":"2022-12-28T21:14:31","modified_gmt":"2022-12-29T00:14:31","slug":"bolivia-detuvieron-al-lider-opositor-y-gobernador-del-departamento-de-santa-cruz-luis-camacho","status":"publish","type":"post","link":"https:\/\/corrientesdetarde.com\/index.php\/internacionales\/bolivia-detuvieron-al-lider-opositor-y-gobernador-del-departamento-de-santa-cruz-luis-camacho\/","title":{"rendered":"Bolivia: detuvieron al l\u00edder opositor y gobernador del departamento de Santa Cruz Luis Camacho"},"content":{"rendered":"\n<h2 class=\"wp-block-heading\">Est\u00e1 acusado de impulsar un \u201cgolpe de Estado\u201d que deriv\u00f3 en la salida del poder de Evo Morales en 2019. La gobernaci\u00f3n denunci\u00f3 que se encuentra con paradero desconocido.<\/h2>\n\n\n\n<p><\/p>\n\n\n\n<p>El gobernador del departamento boliviano de Santa Cruz, el l\u00edder opositor&nbsp;<strong>Luis Fernando Camacho<\/strong>, fue detenido este mi\u00e9rcoles por agentes de la Polic\u00eda.<\/p>\n\n\n\n<p>La Gobernaci\u00f3n de Santa Cruz denunci\u00f3 en un comunicado que Camacho \u201c<strong>ha sido secuestrado en un operativo policial absolutamente irregular<\/strong>, y llevado con rumbo desconocido\u201d. Seg\u00fan la prensa local, el funcionario era trasladado a La Paz.<\/p>\n\n\n\n<p>La Fiscal\u00eda General del Estado dijo que el gobernador fue arrestado en el marco de la causa que investiga un supuesto golpe de Estado que deriv\u00f3 en la ca\u00edda del gobierno de Evo Morales en 2019.<\/p>\n\n\n\n<p>\u201cLa decisi\u00f3n fiscal&nbsp;<strong>no se trata de un secuestro o persecuci\u00f3n pol\u00edtica<\/strong>, por el contrario, fue emitida en el mes de octubre de la presente gesti\u00f3n y cuenta con control jurisdiccional del Juez D\u00e9cimo de Instrucci\u00f3n en lo Penal del Tribunal Departamental de Justicia de La Paz\u201d, afirm\u00f3 la Fiscal\u00eda en una nota.<\/p>\n\n\n\n<p>El arresto fue confirmado por el ministro de Gobierno (Interior),&nbsp;<strong>Eduardo del Castillo<\/strong>. \u201dInformamos al pueblo boliviano, que la Polic\u00eda Boliviana dio cumplimiento a la orden de aprehensi\u00f3n en contra del se\u00f1or Luis Fernando Camacho\u201d, dijo el funcionario.<\/p>\n\n\n\n<h2 class=\"wp-block-heading\">Qui\u00e9n es el l\u00edder opositor boliviano Luis Camacho<\/h2>\n\n\n\n<p>Camacho ya hab\u00eda sido citado por el Senado para que responda preguntas en el recinto, pero no se present\u00f3. Por ello fue advertido con otra denuncia penal.<\/p>\n\n\n\n<p>El diario cruce\u00f1o&nbsp;<em>El Deber<\/em>&nbsp;y la caden<em>a Fides<\/em>&nbsp;informaron sobre su arresto, ocurrido entre la sede de la Gobernaci\u00f3n y el domicilio particular de Camacho.<\/p>\n\n\n\n<figure class=\"wp-block-image\"><img decoding=\"async\" src=\"https:\/\/tn.com.ar\/resizer\/6UqJCVsjVBKgQpVrYFEOhfvlMkw=\/767x0\/smart\/filters:format(webp)\/cloudfront-us-east-1.images.arcpublishing.com\/artear\/7KX2MYIB25EPXAHXT4AZOXFRR4.jpg\" alt=\"El gobernador de la regi\u00f3n boliviana de Santa Cruz, el opositor Luis Fernando Camacho (Foto: EFE\/Juan Carlos Torrej\u00f3n)\n\"\/><figcaption>El gobernador de la regi\u00f3n boliviana de Santa Cruz, el opositor Luis Fernando Camacho (Foto: EFE\/Juan Carlos Torrej\u00f3n)Por:&nbsp;<strong>EFE Servicios<\/strong><\/figcaption><\/figure>\n\n\n\n<p>El gobernador, uno de los l\u00edderes de la oposici\u00f3n boliviana, es investigado por su rol en la ca\u00edda del entonces presidente&nbsp;<strong>Evo Morales<\/strong>.<\/p>\n\n\n\n<p>Camacho tom\u00f3 notoriedad en 2019 al liderar en Santa Cruz las protestas por las denuncias del supuesto fraude electoral a favor del entonces presidente Morales en los fallidos comicios generales de ese a\u00f1o. Ese conflicto deriv\u00f3 en la renuncia de Morales a la Presidencia, lo que para el actual Gobierno de Arce y el oficialismo fue un \u201cgolpe de Estado\u201d en su contra<\/p>\n\n\n\n<p>Camacho fue denunciado por el supuesto golpe contra Morales en un proceso por el cual est\u00e1 encarcelada la expresidenta interna<strong>&nbsp;Jeanine \u00c1\u00f1ez<\/strong>. Adem\u00e1s de ese proceso, tambi\u00e9n hay en su contra numerosas denuncias del oficialismo por la huelga de 36 d\u00edas cumplida en Santa Cruz entre octubre y noviembre de este a\u00f1o para exigir la pronta realizaci\u00f3n del censo de poblaci\u00f3n.<\/p>\n\n\n\n<figure class=\"wp-block-image\"><img decoding=\"async\" src=\"https:\/\/tn.com.ar\/resizer\/gmN64BFQKhZ25TP8KDQR87fZDTY=\/767x0\/smart\/filters:format(webp)\/cloudfront-us-east-1.images.arcpublishing.com\/artear\/SUZEQBIBPVDBXDWJADHMDZ2SGQ.jfif\" alt=\"Luis Camacho, principal l\u00edder opositor boliviano (Foto: AP)\"\/><figcaption>Luis Camacho, principal l\u00edder opositor boliviano (Foto: AP)<\/figcaption><\/figure>\n\n\n\n<p>Se trata de uno de los principales l\u00edderes de derecha y comanda la segunda fuerza pol\u00edtica de la oposici\u00f3n en el Parlamento,&nbsp;<strong>Creemos<\/strong>, detr\u00e1s del partido Comunidad Ciudadana (CC), del expresidente Carlos Mesa. El Movimiento Al Socialismo (MAS), del presidente izquierdista Luis Arce y de su mentor, Evo Morales, es la principal fuerza legislativa.<\/p>\n\n\n\n<p>De 43 a\u00f1os, Camacho pas\u00f3 por el Movimiento Nacionalista Revolucionario (MNR), fue n\u00famero dos del Comit\u00e9 C\u00edvico de Santa Cruz y luego su titular, y candidato a presidente en 2020.<\/p>\n\n\n\n<figure class=\"wp-block-image\"><img decoding=\"async\" src=\"https:\/\/tn.com.ar\/resizer\/PaeGY2VF5WA-5T-nSsgQweoWUOY=\/767x0\/smart\/filters:format(webp)\/cloudfront-us-east-1.images.arcpublishing.com\/artear\/MKI6DXWORJDZVOWLMFGLV3Y5QM.jpg\" alt=\"Un polic\u00eda custodia a un miembro de la seguridad de Luis Camacho durante el operativo (Foto: diario El Deber)\"\/><figcaption>Un polic\u00eda custodia a un miembro de la seguridad de Luis Camacho durante el operativo (Foto: diario El Deber)<\/figcaption><\/figure>\n\n\n\n<h2 class=\"wp-block-heading\">Luis Camacho fue detenido entre gases lacrim\u00f3genos e insultos<\/h2>\n\n\n\n<p>Los dos diarios coinciden en que Camacho fue enca\u00f1onado para que subiera a un auto policial y que era llevado al aeropuerto de Viru Viru, desde donde volar\u00eda a La Paz.<\/p>\n\n\n\n<p>Un video citado por<em>&nbsp;EFE<\/em>&nbsp;muestra que el veh\u00edculo en el que viajaba el gobernador cruce\u00f1o fue interceptado por al menos dos motorizados y le lanzaron un gas lacrim\u00f3geno para obligarlo a detenerse. Luego se le escucha salir del veh\u00edculo tosiendo mientras unos hombres le gritan que se tire al piso en medio de insultos.<\/p>\n\n\n\n<p><\/p>\n\n\n\n<p>\u201dSolo sabemos que fue secuestrado. Lo sacaron de su veh\u00edculo. Rompieron el vidrio del motorizado y ahora lo est\u00e1n llevando a Viru Viru\u201d, dijo el abogado del mandatario,&nbsp;<strong>Mart\u00edn Camacho<\/strong>.<\/p>\n\n\n\n<p>El abogado del gobernador explic\u00f3 que poco antes del \u201cviolento operativo\u201d, Camacho hab\u00eda sido citado por una acusaci\u00f3n de una supuesta violaci\u00f3n de varias d\u00e9cadas atr\u00e1s.<\/p>\n\n\n\n<p><\/p>\n\n\n\n<p><\/p>\n","protected":false},"excerpt":{"rendered":"<p>Est\u00e1 acusado de impulsar un \u201cgolpe de Estado\u201d que deriv\u00f3 en la salida del poder de Evo Morales en 2019. La gobernaci\u00f3n denunci\u00f3 que se encuentra con paradero desconocido. El&hellip; <\/p>\n","protected":false},"author":1,"featured_media":30475,"comment_status":"closed","ping_status":"open","sticky":false,"template":"","format":"standard","meta":{"footnotes":""},"categories":[11],"tags":[],"class_list":["post-30474","post","type-post","status-publish","format-standard","has-post-thumbnail","hentry","category-internacionales"],"_links":{"self":[{"href":"https:\/\/corrientesdetarde.com\/index.php\/wp-json\/wp\/v2\/posts\/30474","targetHints":{"allow":["GET"]}}],"collection":[{"href":"https:\/\/corrientesdetarde.com\/index.php\/wp-json\/wp\/v2\/posts"}],"about":[{"href":"https:\/\/corrientesdetarde.com\/index.php\/wp-json\/wp\/v2\/types\/post"}],"author":[{"embeddable":true,"href":"https:\/\/corrientesdetarde.com\/index.php\/wp-json\/wp\/v2\/users\/1"}],"replies":[{"embeddable":true,"href":"https:\/\/corrientesdetarde.com\/index.php\/wp-json\/wp\/v2\/comments?post=30474"}],"version-history":[{"count":1,"href":"https:\/\/corrientesdetarde.com\/index.php\/wp-json\/wp\/v2\/posts\/30474\/revisions"}],"predecessor-version":[{"id":30476,"href":"https:\/\/corrientesdetarde.com\/index.php\/wp-json\/wp\/v2\/posts\/30474\/revisions\/30476"}],"wp:featuredmedia":[{"embeddable":true,"href":"https:\/\/corrientesdetarde.com\/index.php\/wp-json\/wp\/v2\/media\/30475"}],"wp:attachment":[{"href":"https:\/\/corrientesdetarde.com\/index.php\/wp-json\/wp\/v2\/media?parent=30474"}],"wp:term":[{"taxonomy":"category","embeddable":true,"href":"https:\/\/corrientesdetarde.com\/index.php\/wp-json\/wp\/v2\/categories?post=30474"},{"taxonomy":"post_tag","embeddable":true,"href":"https:\/\/corrientesdetarde.com\/index.php\/wp-json\/wp\/v2\/tags?post=30474"}],"curies":[{"name":"wp","href":"https:\/\/api.w.org\/{rel}","templated":true}]}}