{"id":30666,"date":"2022-12-29T12:00:15","date_gmt":"2022-12-29T15:00:15","guid":{"rendered":"https:\/\/corrientesdetarde.com\/?p=30666"},"modified":"2022-12-29T12:00:16","modified_gmt":"2022-12-29T15:00:16","slug":"en-el-2023-la-unne-premiara-a-los-escritores-regionales","status":"publish","type":"post","link":"https:\/\/corrientesdetarde.com\/index.php\/cultura\/en-el-2023-la-unne-premiara-a-los-escritores-regionales\/","title":{"rendered":"En el 2023, la Unne premiar\u00e1 a los escritores regionales"},"content":{"rendered":"\n<p>El concurso es impulsado por el Centro Cultural Nordeste (CCN) y el Centro Cultural Universitario (CCU). Los seleccionados participar\u00e1n de un proceso editorial que implicar\u00e1 el trabajo con el contenido y la forma de la obra presentada.<\/p>\n\n\n\n<p>El a\u00f1o pr\u00f3ximo la Universidad Nacional del Nordeste (Unne) reconocer\u00e1 a las producciones literarias regionales a trav\u00e9s de su premio \u201cUnne para las Letras\u201d. Quienes est\u00e9n interesados en participar podr\u00e1n inscribirse desde el 3 de febrero hasta el 3 de marzo. &nbsp;<\/p>\n\n\n\n<p>El premio \u201cUnne para las Letras\u201d es un reconocimiento bienal y alterna con el entregado a la producci\u00f3n de artes visuales. A\u00f1o tras a\u00f1o tiene una mayor y mejor respuesta de la comunidad, pudi\u00e9ndose reconocer, a trav\u00e9s de este premio, la trayectoria de muchos artistas y estimular a los m\u00e1s j\u00f3venes.&nbsp;<\/p>\n\n\n\n<p>Lo implementan el Centro Cultural Nordeste (CCN) y el Centro Cultural Universitario (CCU), y tiene por objetivo estimular y distinguir la producci\u00f3n literaria, promover la cultura del libro y fomentar el intercambio de ideas. El premio contribuye a estrechar lazos culturales e identitarios con autores y lectores de la regi\u00f3n y la comunidad en s\u00ed.&nbsp;<\/p>\n\n\n\n<p>La presente edici\u00f3n del premio \u201cUnne para las Letras\u201d tendr\u00e1 una nueva modalidad de premiaci\u00f3n que consiste en la selecci\u00f3n de un total de seis obras (tres dentro de la categor\u00eda Cuento y tres dentro de la categor\u00eda Poes\u00eda), para iniciar un proceso de trabajo editorial que culminar\u00e1 con la publicaci\u00f3n de un libro por cada seleccionado cargo de Eudene, la editorial de la Universidad Nacional del Nordeste. &nbsp;<\/p>\n\n\n\n<p>Est\u00e1 destinado a todos los escritores nativos de las provincias de Chaco y Corrientes o con un m\u00ednimo de cinco a\u00f1os de residencia en territorio provincial.&nbsp;<\/p>\n\n\n\n<p>Las condiciones legales y el formulario se publicar\u00e1n en febrero de 2023, junto con la apertura de recepci\u00f3n de trabajos. &nbsp;<\/p>\n\n\n\n<p>Las obras deber\u00e1n ser proyectos de libros completos, sean de cuentos o de poemas. No como en las ediciones anteriores en que se convocaba a presentar un \u00fanico cuento o una \u00fanica poes\u00eda.&nbsp;<\/p>\n\n\n\n<p>Adem\u00e1s, las obras son proyectos de libros y deber\u00e1n estar ya avanzadas, en proceso de cierre. No en etapa de idea o proyecto esquema y no deben estar finalizadas. Deben ser permeables a seguir siendo trabajadas tanto en la forma como en el contenido.&nbsp;<\/p>\n\n\n\n<p>De esta manera, los seleccionados participar\u00e1n de un proceso editorial que implicar\u00e1 el trabajo con el contenido y la forma de la obra presentada. Dicho proceso comenzar\u00e1 una vez finalizada la etapa de selecci\u00f3n, y tendr\u00e1 como fin la edici\u00f3n y publicaci\u00f3n de un libro por cada uno de los proyectos seleccionados, a cargo de Eudene, la editorial de la Universidad Nacional del Nordeste. &nbsp;<\/p>\n\n\n\n<p>El proceso se realizar\u00e1 durante tres meses del 2023, de manera colectiva entre los seleccionados, y estar\u00e1 acompa\u00f1ado por prestigiosos escritores y escritoras del pa\u00eds. Tambi\u00e9n participar\u00e1 un artista invitado por categor\u00eda. Los ocho libros resultantes formar\u00e1n la primera colecci\u00f3n de libros de cuentos y la primera colecci\u00f3n de libros de poes\u00eda que editar\u00e1 la Unne en su sello editorial Eudene.&nbsp;<\/p>\n\n\n\n<p>Categor\u00edas&nbsp;<\/p>\n\n\n\n<p>Habr\u00e1 dos categor\u00edas para la presentaci\u00f3n de trabajos: Cuento y Poes\u00eda.&nbsp;<\/p>\n\n\n\n<p>Los autores podr\u00e1n participar con una sola obra en una de las dos categor\u00edas del certamen. La presentaci\u00f3n de los trabajos y la inscripci\u00f3n se habilitar\u00e1 a partir del 3 de febrero del 2023 y se extender\u00e1 hasta el 3 de marzo del mismo a\u00f1o, a trav\u00e9s de un formulario virtual que estar\u00e1 accesible en: https:\/\/ccuunne.ar\/premio-unne-para-las-letras-2023&nbsp;<\/p>\n\n\n\n<p>Extensi\u00f3n&nbsp;<\/p>\n\n\n\n<p>Categor\u00eda Cuento: los trabajos deber\u00e1n reunir un m\u00ednimo de diez cuentos, sin restricci\u00f3n de m\u00e1ximo, que sume un total de carillas no menor a 70 y no superior a 100.&nbsp;<\/p>\n\n\n\n<p>Categor\u00eda Poes\u00eda: los trabajos deber\u00e1n reunir un m\u00ednimo de 200 versos y no exceder los 350 versos, sin restricci\u00f3n en el n\u00famero de poemas.&nbsp;<\/p>\n","protected":false},"excerpt":{"rendered":"<p>El concurso es impulsado por el Centro Cultural Nordeste (CCN) y el Centro Cultural Universitario (CCU). Los seleccionados participar\u00e1n de un proceso editorial que implicar\u00e1 el trabajo con el contenido&hellip; <\/p>\n","protected":false},"author":4,"featured_media":30668,"comment_status":"closed","ping_status":"open","sticky":false,"template":"","format":"standard","meta":{"footnotes":""},"categories":[15],"tags":[],"class_list":["post-30666","post","type-post","status-publish","format-standard","has-post-thumbnail","hentry","category-cultura"],"_links":{"self":[{"href":"https:\/\/corrientesdetarde.com\/index.php\/wp-json\/wp\/v2\/posts\/30666","targetHints":{"allow":["GET"]}}],"collection":[{"href":"https:\/\/corrientesdetarde.com\/index.php\/wp-json\/wp\/v2\/posts"}],"about":[{"href":"https:\/\/corrientesdetarde.com\/index.php\/wp-json\/wp\/v2\/types\/post"}],"author":[{"embeddable":true,"href":"https:\/\/corrientesdetarde.com\/index.php\/wp-json\/wp\/v2\/users\/4"}],"replies":[{"embeddable":true,"href":"https:\/\/corrientesdetarde.com\/index.php\/wp-json\/wp\/v2\/comments?post=30666"}],"version-history":[{"count":1,"href":"https:\/\/corrientesdetarde.com\/index.php\/wp-json\/wp\/v2\/posts\/30666\/revisions"}],"predecessor-version":[{"id":30669,"href":"https:\/\/corrientesdetarde.com\/index.php\/wp-json\/wp\/v2\/posts\/30666\/revisions\/30669"}],"wp:featuredmedia":[{"embeddable":true,"href":"https:\/\/corrientesdetarde.com\/index.php\/wp-json\/wp\/v2\/media\/30668"}],"wp:attachment":[{"href":"https:\/\/corrientesdetarde.com\/index.php\/wp-json\/wp\/v2\/media?parent=30666"}],"wp:term":[{"taxonomy":"category","embeddable":true,"href":"https:\/\/corrientesdetarde.com\/index.php\/wp-json\/wp\/v2\/categories?post=30666"},{"taxonomy":"post_tag","embeddable":true,"href":"https:\/\/corrientesdetarde.com\/index.php\/wp-json\/wp\/v2\/tags?post=30666"}],"curies":[{"name":"wp","href":"https:\/\/api.w.org\/{rel}","templated":true}]}}