{"id":30865,"date":"2022-12-30T10:11:52","date_gmt":"2022-12-30T13:11:52","guid":{"rendered":"https:\/\/corrientesdetarde.com\/?p=30865"},"modified":"2022-12-30T10:11:55","modified_gmt":"2022-12-30T13:11:55","slug":"carnavales-2023-las-entradas-se-venderan-desde-el-4-de-enero","status":"publish","type":"post","link":"https:\/\/corrientesdetarde.com\/index.php\/cultura\/carnavales-2023-las-entradas-se-venderan-desde-el-4-de-enero\/","title":{"rendered":"Carnavales 2023: las entradas se vender\u00e1n desde el 4 de enero."},"content":{"rendered":"\n<h2 class=\"wp-block-heading\">Aquiles Sojo, titular de Ake Music, la firma que organiza los Carnavales Correntinos 2023, coment\u00f3 en Radio Sudamericana detalles del evento que comenzar\u00e1 el 27 de enero. Adelant\u00f3 que las entradas comenzar\u00e1n a venderse desde el mi\u00e9rcoles que viene a trav\u00e9s de una plataforma digital y desliz\u00f3 qu\u00e9 costo tendr\u00e1n los tickets.<\/h2>\n\n\n\n<p>Sojo indic\u00f3 que alrededor del 7 de enero, la empresa tiene previsto iniciar con el armado del&nbsp;<strong>Cors\u00f3dromo Nolo Al\u00edas, que alojar\u00e1 del 27 al 20 de febrero a la Fiesta de Momo<\/strong>. Coment\u00f3 que se est\u00e1 organizando la log\u00edstica del predio y desliz\u00f3 que podr\u00eda haber cambios internos \u201cpara mejorar la experiencia de los espectadores\u201d, sin dar demasiados detalles.<\/p>\n\n\n\n<p>Sojo adelant\u00f3 que&nbsp;<strong>el mi\u00e9rcoles saldr\u00e1n a la venta las entradas a trav\u00e9s de la plataforma www.fullticket.com y en cuanto a los costos, expuso que rondar\u00edan los 1.000 pesos<\/strong>. Aludiendo a la cuesti\u00f3n financiera, tambi\u00e9n el empresario coment\u00f3 que se firmaron contratos con 7 de las nueve comparsas y agrupaciones, por lo que se est\u00e1n girando los fondos y con las restantes estar\u00edan firmando \u201cen estos d\u00edas\u201d.<\/p>\n\n\n\n<p>\u201cHay mucho entusiasmo\u201d, dijo Sojo, reconociendo que \u201ccuesta mucho conseguir presupuestos con vigencia a una semana\u201d, por la devaluaci\u00f3n del peso registrada en los \u00faltimos d\u00edas. \u201cEs lo que tenemos y por eso hay que empujar para adelante para que la fiesta salga como tiene que salir\u201d, se\u00f1al\u00f3.<\/p>\n\n\n\n<p><strong>D\u00cdAS Y HORARIOS DE LOS CARNAVALES<\/strong><\/p>\n\n\n\n<p>Los Carnavales Oficiales 2023 se llevar\u00e1n a cabo los d\u00edas viernes 27 y s\u00e1bado 28 de enero (primer fin de semana); viernes 3 y s\u00e1bado 4 de febrero (segundo); viernes 10 y s\u00e1bado 11 (tercero); y viernes 17, s\u00e1bado 18, domingo 19 y lunes 20 (cuarto y \u00faltimo).<\/p>\n\n\n\n<p>El lugar donde se desarrollar\u00e1n los corsos ser\u00e1 el cors\u00f3dromo Nolo Al\u00edas. Durante todas las noches, el inicio est\u00e1 previsto para las 22.<\/p>\n\n\n\n<p><strong>SHOWS DE COMPARSAS<\/strong><\/p>\n\n\n\n<p>En cuanto a los shows de comparsas, se llevar\u00e1n adelante en el anfiteatro Mario del Tr\u00e1nsito Cocomarola, siempre a partir de las 21.30. La primera edici\u00f3n se har\u00e1 el mi\u00e9rcoles 1 de febrero; la segunda, el mi\u00e9rcoles 8; y la tercera, el mi\u00e9rcoles 15.<\/p>\n\n\n\n<p><\/p>\n\n\n\n<p>Fuente: Radio Sudamericana.<\/p>\n\n\n\n<p><\/p>\n","protected":false},"excerpt":{"rendered":"<p>Aquiles Sojo, titular de Ake Music, la firma que organiza los Carnavales Correntinos 2023, coment\u00f3 en Radio Sudamericana detalles del evento que comenzar\u00e1 el 27 de enero. Adelant\u00f3 que las&hellip; <\/p>\n","protected":false},"author":6,"featured_media":30867,"comment_status":"closed","ping_status":"open","sticky":false,"template":"","format":"standard","meta":{"footnotes":""},"categories":[15],"tags":[],"class_list":["post-30865","post","type-post","status-publish","format-standard","has-post-thumbnail","hentry","category-cultura"],"_links":{"self":[{"href":"https:\/\/corrientesdetarde.com\/index.php\/wp-json\/wp\/v2\/posts\/30865","targetHints":{"allow":["GET"]}}],"collection":[{"href":"https:\/\/corrientesdetarde.com\/index.php\/wp-json\/wp\/v2\/posts"}],"about":[{"href":"https:\/\/corrientesdetarde.com\/index.php\/wp-json\/wp\/v2\/types\/post"}],"author":[{"embeddable":true,"href":"https:\/\/corrientesdetarde.com\/index.php\/wp-json\/wp\/v2\/users\/6"}],"replies":[{"embeddable":true,"href":"https:\/\/corrientesdetarde.com\/index.php\/wp-json\/wp\/v2\/comments?post=30865"}],"version-history":[{"count":1,"href":"https:\/\/corrientesdetarde.com\/index.php\/wp-json\/wp\/v2\/posts\/30865\/revisions"}],"predecessor-version":[{"id":30868,"href":"https:\/\/corrientesdetarde.com\/index.php\/wp-json\/wp\/v2\/posts\/30865\/revisions\/30868"}],"wp:featuredmedia":[{"embeddable":true,"href":"https:\/\/corrientesdetarde.com\/index.php\/wp-json\/wp\/v2\/media\/30867"}],"wp:attachment":[{"href":"https:\/\/corrientesdetarde.com\/index.php\/wp-json\/wp\/v2\/media?parent=30865"}],"wp:term":[{"taxonomy":"category","embeddable":true,"href":"https:\/\/corrientesdetarde.com\/index.php\/wp-json\/wp\/v2\/categories?post=30865"},{"taxonomy":"post_tag","embeddable":true,"href":"https:\/\/corrientesdetarde.com\/index.php\/wp-json\/wp\/v2\/tags?post=30865"}],"curies":[{"name":"wp","href":"https:\/\/api.w.org\/{rel}","templated":true}]}}