{"id":30947,"date":"2022-12-30T19:28:54","date_gmt":"2022-12-30T22:28:54","guid":{"rendered":"https:\/\/corrientesdetarde.com\/?p=30947"},"modified":"2022-12-30T19:28:59","modified_gmt":"2022-12-30T22:28:59","slug":"el-gobierno-descarta-una-crisis-en-el-gabinete-luego-de-la-seguidilla-de-renuncias-de-fin-de-ano","status":"publish","type":"post","link":"https:\/\/corrientesdetarde.com\/index.php\/nacionales\/el-gobierno-descarta-una-crisis-en-el-gabinete-luego-de-la-seguidilla-de-renuncias-de-fin-de-ano\/","title":{"rendered":"El Gobierno descarta una crisis en el Gabinete luego de la seguidilla de renuncias de fin de a\u00f1o"},"content":{"rendered":"\n<h2 class=\"wp-block-heading\">En la Casa Rosada aseguran que no hay un goteo de funcionarios que se van por diferencias pol\u00edticas, sino que son casos particulares. Qu\u00e9 hay detr\u00e1s de los recambios en el Inadi y la Oficina Anticorrupci\u00f3n<\/h2>\n\n\n\n<p>Sobre el filo del fin de a\u00f1o, el Gobierno se vio sacudido por dos renuncias resonantes. Casi en simult\u00e1neo, renunci\u00f3 primero la interventora del Instituto Nacional contra la Discriminaci\u00f3n, la Xenofobia y el Racismo (Inadi),&nbsp;<strong>Victoria Donda<\/strong>, y hoy se conoci\u00f3 la salida del director de la Oficina Anticorrupci\u00f3n (OA),&nbsp;<strong>F\u00e9lix Crous<\/strong>. Los ahora ex funcionarios acompa\u00f1aron al presidente Alberto Fern\u00e1ndez desde el inicio de la gesti\u00f3n que asumi\u00f3 el 10 de diciembre de 2019.<\/p>\n\n\n\n<p>Donda volvi\u00f3 a encolumnarse detr\u00e1s de&nbsp;<strong>Cristina Kirchner&nbsp;<\/strong>recientemente, como parte de los realineamientos y de la tensa interna en el Frente de Todos. En un comunicado p\u00fablico, cuestion\u00f3 el rumbo del Gobierno y atribuy\u00f3 su salida a una ruptura con el jefe de Estado por \u201csu posicionamiento pol\u00edtico respecto de la etapa actual\u201d. Desilusionada, dijo que su voz \u201cno era escuchada\u201d, y compar\u00f3 la situaci\u00f3n con el liderazgo de la la Vicepresidenta, que es \u201cuna persona de carne y hueso que s\u00ed escucha\u201d. Crous, por su lado, siempre expres\u00f3 posturas m\u00e1s afines hacia el Instituto Patria. Incluso intervino a favor de Cristina Kirchner en la causa \u201cVialidad\u201d, cuando retir\u00f3 a la OA de la acusaci\u00f3n penal como querellante.<\/p>\n\n\n\n<p>\u00bf<strong>Hay un \u201cgoteo\u201d de funcionarios\u00a0<\/strong>que simpatizan con Cristina Kirchner y el Presidente no puede contener en el Gobierno?\u00a0<strong>En la Casa Rosada descartan esa hip\u00f3tesis<\/strong>. Al menos en los casos de Donda y Crous, en los cuales remarcan que los motivos son particulares.<\/p>\n\n\n\n<p>Donda hizo expl\u00edcito que el jefe de Asesores de la Presidencia,&nbsp;<strong>Juan Manuel Olmos<\/strong>, se comunic\u00f3 ayer con ella para que deje su cargo en el Inadi, donde estaba designada en c\u00e1racter de interventora con un plazo definido. La \u00faltima pr\u00f3rroga fue en octubre pasado, cuando se le extendi\u00f3 la permanencia en el cargo hasta el 31 de diciembre.<\/p>\n\n\n\n<p>Sin embargo, desde hace un tiempo que el Presidente quer\u00eda ponerle fin a la intervenci\u00f3n y normalizar la instituci\u00f3n. A comienzos de diciembre, ya se hab\u00eda entablado una conversaci\u00f3n con Donda sobre su inminente salida.&nbsp;<strong>Hab\u00eda una opini\u00f3n negativa sobre los resultados de la gesti\u00f3n en el organismo<\/strong>. Pero la r\u00e1pida eyecci\u00f3n habr\u00eda sido frenada por otros miembros del oficialismo. En una relaci\u00f3n pol\u00edtica ya desgastada, y luego de varias resistencias, Olmos le avis\u00f3 entonces a Donda que se quedar\u00eda solo hasta fin de a\u00f1o, y termin\u00f3 de concretar esa decisi\u00f3n este jueves cuando la llam\u00f3 por tel\u00e9fono, por pedido de Alberto Fern\u00e1ndez.<\/p>\n\n\n\n<p>La ex interventora del Inadi se anticip\u00f3 a ese movimiento y expuso, en una carta p\u00fablica, su versi\u00f3n de los hechos con fuertes cr\u00edticas al Gobierno. Habl\u00f3 de una renuncia \u201cindeclinable\u201d. La novedad sorprendi\u00f3, ya que durante la tarde el organismo difundi\u00f3 un informe de gesti\u00f3n que realizaba un balance de 2022 con perspectivas de trabajo para 2023.<\/p>\n\n\n\n<p><\/p>\n\n\n\n<p><img loading=\"lazy\" decoding=\"async\" alt=\"Victoria Donda y F\u00e9lix Crous, los dos funcionarios que renunciaron en las \u00faltimas 24 horas\" height=\"1080\" width=\"1920\" class=\"\" src=\"https:\/\/cloudfront-us-east-1.images.arcpublishing.com\/infobae\/UYYALLURRVG65AFTVJL4RVIANU.jpg\" srcset=\"https:\/\/www.infobae.com\/new-resizer\/uqoHeybP2KlIzgNMvDLRs0c_eD0=\/420x236\/filters:format(webp):quality(85)\/cloudfront-us-east-1.images.arcpublishing.com\/infobae\/UYYALLURRVG65AFTVJL4RVIANU.jpg 420w,https:\/\/www.infobae.com\/new-resizer\/Omob2tmkXWcupTj8j1TFxPjTjzw=\/768x432\/filters:format(webp):quality(85)\/cloudfront-us-east-1.images.arcpublishing.com\/infobae\/UYYALLURRVG65AFTVJL4RVIANU.jpg 768w,https:\/\/www.infobae.com\/new-resizer\/3RUfLF0CjKPBtvp5MlrXkNoqH6w=\/992x558\/filters:format(webp):quality(85)\/cloudfront-us-east-1.images.arcpublishing.com\/infobae\/UYYALLURRVG65AFTVJL4RVIANU.jpg 992w,https:\/\/www.infobae.com\/new-resizer\/o8nkDQ0YRpqWT6UP0PmFLr1VzIs=\/1200x675\/filters:format(webp):quality(85)\/cloudfront-us-east-1.images.arcpublishing.com\/infobae\/UYYALLURRVG65AFTVJL4RVIANU.jpg 1200w,https:\/\/www.infobae.com\/new-resizer\/5iRtt8OhtJXpgL_qdDmGQfAgMj0=\/1440x810\/filters:format(webp):quality(85)\/cloudfront-us-east-1.images.arcpublishing.com\/infobae\/UYYALLURRVG65AFTVJL4RVIANU.jpg 1440w\">Victoria Donda y F\u00e9lix Crous, los dos funcionarios que renunciaron en las \u00faltimas 24 horas<\/p>\n\n\n\n<p>La dimisi\u00f3n de F\u00e9lix Crous, en cambio, fue m\u00e1s ordenada y se supo reci\u00e9n este viernes en el Bolet\u00edn Oficial. El miembro fundador de la agrupaci\u00f3n&nbsp;<strong>Justicia Leg\u00edtima&nbsp;<\/strong>es amigo personal de Alberto Fern\u00e1ndez, y su salida de la OA est\u00e1 asociada a un impedimiento del tipo normativo. El jurista es fiscal, y desde el Ministerio P\u00fablico Fiscal que encabeza Eduardo Casal no le renovaron su licencia en el cargo para continuar en la funci\u00f3n en el organismo de transparencia. Hace unos meses, Crous le hab\u00eda avisado a Alberto Fern\u00e1ndez que ten\u00eda que irse a fin de a\u00f1o a ra\u00edz de esa contingencia.<\/p>\n\n\n\n<p>En cualquier caso, el Gobierno acumul\u00f3 varios recambios consecutivos en el \u00faltimo mes, sobre todo los que se produjeron ante la v\u00edspera de fin de a\u00f1o. Adem\u00e1s de Donda y Crous, fue echado el titular de la Casa de la Moneda,&nbsp;<strong>Rodolfo Gabrielli<\/strong>, por parte del ministro de Econom\u00eda, Sergio Massa, y tambi\u00e9n dimiti\u00f3 una de las directoras del Banco Central (BCRA),&nbsp;<strong>Betina Stein<\/strong>, funcionaria af\u00edn al kirchnerismo. En diciembre tambi\u00e9n renunci\u00f3 el asesor presidencial&nbsp;<strong>Alejandro Grimson<\/strong>, un intelectual que era del entorno de confianza de Alberto Fern\u00e1ndez.<\/p>\n\n\n\n<p>En la Casa Rosada ya trabajan en nombres para los reemplazos en la OA y en el Inadi. En caso de que culmine la intervenci\u00f3n en el instituto contra la discriminaci\u00f3n, el Congreso tiene que presentar una terna de candidatos sobre la que luego tiene que elegir el Poder Ejecutivo.<\/p>\n","protected":false},"excerpt":{"rendered":"<p>En la Casa Rosada aseguran que no hay un goteo de funcionarios que se van por diferencias pol\u00edticas, sino que son casos particulares. Qu\u00e9 hay detr\u00e1s de los recambios en&hellip; <\/p>\n","protected":false},"author":1,"featured_media":30948,"comment_status":"closed","ping_status":"open","sticky":false,"template":"","format":"standard","meta":{"footnotes":""},"categories":[10],"tags":[],"class_list":["post-30947","post","type-post","status-publish","format-standard","has-post-thumbnail","hentry","category-nacionales"],"_links":{"self":[{"href":"https:\/\/corrientesdetarde.com\/index.php\/wp-json\/wp\/v2\/posts\/30947","targetHints":{"allow":["GET"]}}],"collection":[{"href":"https:\/\/corrientesdetarde.com\/index.php\/wp-json\/wp\/v2\/posts"}],"about":[{"href":"https:\/\/corrientesdetarde.com\/index.php\/wp-json\/wp\/v2\/types\/post"}],"author":[{"embeddable":true,"href":"https:\/\/corrientesdetarde.com\/index.php\/wp-json\/wp\/v2\/users\/1"}],"replies":[{"embeddable":true,"href":"https:\/\/corrientesdetarde.com\/index.php\/wp-json\/wp\/v2\/comments?post=30947"}],"version-history":[{"count":1,"href":"https:\/\/corrientesdetarde.com\/index.php\/wp-json\/wp\/v2\/posts\/30947\/revisions"}],"predecessor-version":[{"id":30949,"href":"https:\/\/corrientesdetarde.com\/index.php\/wp-json\/wp\/v2\/posts\/30947\/revisions\/30949"}],"wp:featuredmedia":[{"embeddable":true,"href":"https:\/\/corrientesdetarde.com\/index.php\/wp-json\/wp\/v2\/media\/30948"}],"wp:attachment":[{"href":"https:\/\/corrientesdetarde.com\/index.php\/wp-json\/wp\/v2\/media?parent=30947"}],"wp:term":[{"taxonomy":"category","embeddable":true,"href":"https:\/\/corrientesdetarde.com\/index.php\/wp-json\/wp\/v2\/categories?post=30947"},{"taxonomy":"post_tag","embeddable":true,"href":"https:\/\/corrientesdetarde.com\/index.php\/wp-json\/wp\/v2\/tags?post=30947"}],"curies":[{"name":"wp","href":"https:\/\/api.w.org\/{rel}","templated":true}]}}