{"id":30950,"date":"2022-12-30T19:31:50","date_gmt":"2022-12-30T22:31:50","guid":{"rendered":"https:\/\/corrientesdetarde.com\/?p=30950"},"modified":"2022-12-30T19:31:56","modified_gmt":"2022-12-30T22:31:56","slug":"los-cinco-anos-de-nahir-galarza-en-prision-del-amor-al-odio-con-su-padre-y-la-pesadilla-que-la-atormenta","status":"publish","type":"post","link":"https:\/\/corrientesdetarde.com\/index.php\/crimen-y-justicia\/los-cinco-anos-de-nahir-galarza-en-prision-del-amor-al-odio-con-su-padre-y-la-pesadilla-que-la-atormenta\/","title":{"rendered":"Los cinco a\u00f1os de Nahir Galarza en prisi\u00f3n: del amor al odio con su padre y la pesadilla que la atormenta"},"content":{"rendered":"\n<h2 class=\"wp-block-heading\">La madrugada de 30 de diciembre de 2017, la joven mat\u00f3 de dos balazos a Fernando Pastorizzo. Casi de inmediato fue detenida. La justicia la conden\u00f3 a cadena perpetua. Desde la c\u00e1rcel, acus\u00f3 del crimen a su padre, el polic\u00eda Marcelo Galarza. Sus d\u00edas en una celda de Paran\u00e1<\/h2>\n\n\n\n<p>Nahir dice que&nbsp;<strong>Fernando Pastorizzo<\/strong>&nbsp;se le ha aparecido en sue\u00f1os.<\/p>\n\n\n\n<p>Y eso&nbsp;<strong>la atormenta.&nbsp;<\/strong>Lo saben pocas personas. Su madre, alg\u00fan perito, sus abogados. Desde que la madrugada del 30 de diciembre de 2017 mat\u00f3, seg\u00fan la Justicia, a Pastorizzo de dos balazos en Gualeguaych\u00fa, la historia de la joven de 23 a\u00f1os condenada a perpetua y el caso tuvieron episodios m\u00e1s parecidos a una serie de ficci\u00f3n que a la realidad.<\/p>\n\n\n\n<p>Hubo antecedentes de condenados por homicidio que so\u00f1aron con la v\u00edctima. Un asesino le cont\u00f3 a su abogado, hace unos diez a\u00f1os, que&nbsp;<strong>so\u00f1aba varias veces con la persona que hab\u00eda matado.&nbsp;<\/strong>Hasta que un d\u00eda, dijo, le pidi\u00f3 perd\u00f3n. \u00bfVerdad o mentira? Dificil saberlo y m\u00e1s cuando es el inconsciente de alguien que cometi\u00f3 un acto tremendo.<\/p>\n\n\n\n<p>Recuerda a la frase del c\u00e9lebre escritor Malcolm Lowry: \u201c\u00bfC\u00f3mo convencer\u00e1 el asesinado a su asesino de que no ha de aparec\u00e9rsele en sue\u00f1os?\u201d.<\/p>\n\n\n\n<p><strong>Nahir lleva cinco a\u00f1os presa<\/strong>\u00a0por un crimen que ahora dice no haber cometido.<\/p>\n\n\n\n<p><strong>Hace casi un a\u00f1o acus\u00f3 a su padre, el polic\u00eda Marcelo Galarza, de haber sido el asesino.&nbsp;<\/strong>No volvi\u00f3 a verlo desde entonces. No quiere verlo. Si alguien de su familia habla con su padre, le hace un planteo, enojada.<\/p>\n\n\n\n<p>De hecho,&nbsp;<strong>pas\u00f3 Navidad y pasar\u00e1 Fin de a\u00f1o con su madre Yamina Kroh y su hermano Aaron.<\/strong><\/p>\n\n\n\n<p>Mientras el caso ser\u00eda revisado por la Corte Suprema, los d\u00edas de Nahir transcurren en la&nbsp;<strong>Unidad Penal N\u00famero 6 de Mujeres de Paran\u00e1<\/strong>&nbsp;con un perfil m\u00e1s bajo del que ten\u00eda antes, cuando ten\u00eda conflictos con sus compa\u00f1eras o, por ejemplo, cuando fue acusada de querer fugarse cuando apareci\u00f3 un mu\u00f1eco en su cama. Ella neg\u00f3 esa versi\u00f3n.<\/p>\n\n\n\n<p><img loading=\"lazy\" decoding=\"async\" alt=\"El mu\u00f1eco que supuestamente le dejaron en la cama de su celda a Nahir para amedrentarla\" height=\"1080\" width=\"1920\" class=\"\" src=\"https:\/\/cloudfront-us-east-1.images.arcpublishing.com\/infobae\/YAJFMSMTH5BVBGLEZBLY7OR7JA.jpg\" srcset=\"https:\/\/www.infobae.com\/new-resizer\/sjxIJ3IACW0UhO4gARlRCwtbC-c=\/420x236\/filters:format(webp):quality(85)\/cloudfront-us-east-1.images.arcpublishing.com\/infobae\/YAJFMSMTH5BVBGLEZBLY7OR7JA.jpg 420w,https:\/\/www.infobae.com\/new-resizer\/NEdVTO7XRfs9FViToLCuZHazVRA=\/768x432\/filters:format(webp):quality(85)\/cloudfront-us-east-1.images.arcpublishing.com\/infobae\/YAJFMSMTH5BVBGLEZBLY7OR7JA.jpg 768w,https:\/\/www.infobae.com\/new-resizer\/wO46tvAO4_VNSxxrAvzY0w1copU=\/992x558\/filters:format(webp):quality(85)\/cloudfront-us-east-1.images.arcpublishing.com\/infobae\/YAJFMSMTH5BVBGLEZBLY7OR7JA.jpg 992w,https:\/\/www.infobae.com\/new-resizer\/j4gXNUr_ncA3WwdROpS-e6LW8x8=\/1200x675\/filters:format(webp):quality(85)\/cloudfront-us-east-1.images.arcpublishing.com\/infobae\/YAJFMSMTH5BVBGLEZBLY7OR7JA.jpg 1200w,https:\/\/www.infobae.com\/new-resizer\/ytkgjhkBU_mYlnGDYKlhtiNiZls=\/1440x810\/filters:format(webp):quality(85)\/cloudfront-us-east-1.images.arcpublishing.com\/infobae\/YAJFMSMTH5BVBGLEZBLY7OR7JA.jpg 1440w\">El mu\u00f1eco que supuestamente le dejaron en la cama de su celda a Nahir para amedrentarla<\/p>\n\n\n\n<p><strong>Varios hombres le escriben cartas<\/strong>&nbsp;porque quieren conocerla. Y hasta le mandan regalos.<\/p>\n\n\n\n<p>Escribe un libro de poemas, lee sobre Psicolog\u00eda y ahora se lleva mejor con sus compa\u00f1eras.<\/p>\n\n\n\n<p>\u201cDesde hace poco tiempo&nbsp;<strong>le cay\u00f3 la ficha que puede pasar 35 a\u00f1os presa.<\/strong>&nbsp;Y no quiere, dice que es injusto. Que fue traicionada por el padre. Es optimista, pero pasa d\u00edas con mucha tristeza\u201d, dijo una allegada.<\/p>\n\n\n\n<p>En un momento&nbsp;<strong>pens\u00f3 cambiarse el apellido.<\/strong>&nbsp;Llamarse Nahir Kroh. De hecho su libro lo firmar\u00eda de ese modo.<\/p>\n\n\n\n<p><img loading=\"lazy\" decoding=\"async\" alt=\"Nahir y su madre, Yamina Kroh. Ella quiere cambiar su apellido paterno, Galarza, y comenzar a usar el de su mam\u00e1\" height=\"1080\" width=\"1920\" class=\"\" src=\"https:\/\/cloudfront-us-east-1.images.arcpublishing.com\/infobae\/SGUUH6H7VBC63CICDN4BBNO6WE.jpg\" srcset=\"https:\/\/www.infobae.com\/new-resizer\/0WrR6W2ppWMDUUwh2B_DQK_Oq30=\/420x236\/filters:format(webp):quality(85)\/cloudfront-us-east-1.images.arcpublishing.com\/infobae\/SGUUH6H7VBC63CICDN4BBNO6WE.jpg 420w,https:\/\/www.infobae.com\/new-resizer\/i8qjC_I63mxvPngvXvw-vX6N5io=\/768x432\/filters:format(webp):quality(85)\/cloudfront-us-east-1.images.arcpublishing.com\/infobae\/SGUUH6H7VBC63CICDN4BBNO6WE.jpg 768w,https:\/\/www.infobae.com\/new-resizer\/RkTPdQqtDPnOuSxUXTIUPlWmudE=\/992x558\/filters:format(webp):quality(85)\/cloudfront-us-east-1.images.arcpublishing.com\/infobae\/SGUUH6H7VBC63CICDN4BBNO6WE.jpg 992w,https:\/\/www.infobae.com\/new-resizer\/tXEtM28Axzk83eaoTdtUqn5LNek=\/1200x675\/filters:format(webp):quality(85)\/cloudfront-us-east-1.images.arcpublishing.com\/infobae\/SGUUH6H7VBC63CICDN4BBNO6WE.jpg 1200w,https:\/\/www.infobae.com\/new-resizer\/WIZhONpDSTBA7ikyl2eGprwrhHg=\/1440x810\/filters:format(webp):quality(85)\/cloudfront-us-east-1.images.arcpublishing.com\/infobae\/SGUUH6H7VBC63CICDN4BBNO6WE.jpg 1440w\">Nahir y su madre, Yamina Kroh. Ella quiere cambiar su apellido paterno, Galarza, y comenzar a usar el de su mam\u00e1<\/p>\n\n\n\n<p>Habr\u00e1 un documental y una serie sobre el caso. Temas que segu\u00eda su padre,&nbsp;<strong>refugiado en un campo&nbsp;<\/strong>y a cargo de un criadero de gallinas. Y que ahora trata de sostener ella con el apoyo de su madre.<\/p>\n\n\n\n<p>Sobre su padre sostiene que&nbsp;<strong>\u00e9l le prometi\u00f3 hacerse cargo<\/strong>&nbsp;y contar la verdad de lo ocurrido hace cinco a\u00f1os.<\/p>\n\n\n\n<p>En una entrevista exclusiva con<strong>&nbsp;Infobae<\/strong>, la primera que dio a la prensa, Nahir dijo: \u201cSiempre voy a llevar el dolor toda mi vida. Me siento mal porque ese d\u00eda que busco olvidar termin\u00f3 muriendo una persona joven.<strong>&nbsp;Ese peso lo llevar\u00e9 toda mi vida.&nbsp;<\/strong>Yo hice el duelo que ten\u00eda que hacer. Reviv\u00ed todo, con todo me refiero del hecho para atr\u00e1s y hasta ese d\u00eda, lo que me acordaba, porque sinceramente hab\u00eda cosas que no me acuerdo. Declar\u00e9 en el juicio porque lo ten\u00eda que hacer, dar una explicaci\u00f3n, me pareci\u00f3 que ten\u00eda que desprenderme de todo eso. Adem\u00e1s de asimilar todo lo que me estaba pasando ese d\u00eda, que lo tuve que contar en el juicio, fue muy dif\u00edcil. Los nervios de tener a la prensa detr\u00e1s m\u00edo, gente desconocida que fue a presenciar el juicio, jueces, fiscales, abogados. Fue muy dif\u00edcil porque no soy de contar mis cosas, no me gusta contar nada sobre m\u00ed en realidad, hacerlo delante de todos adem\u00e1s de&nbsp;<strong>lo dif\u00edcil y feo que fue lo que viv\u00ed y pas\u00f3\u201d<\/strong>.<\/p>\n\n\n\n<p><img loading=\"lazy\" decoding=\"async\" alt=\"Fernando Pastorizzo, el joven asesinado en Gualeguaych\u00fa el 30 de diciembre de 2017 (Facebook)\" height=\"1081\" width=\"1920\" class=\"\" src=\"https:\/\/cloudfront-us-east-1.images.arcpublishing.com\/infobae\/MFXIRXINRVHCXNC2YVASJ5SS4Q.jpg\" srcset=\"https:\/\/www.infobae.com\/new-resizer\/Xq4homKGL_6NtE-O0swNVDCc1_M=\/420x236\/filters:format(webp):quality(85)\/cloudfront-us-east-1.images.arcpublishing.com\/infobae\/MFXIRXINRVHCXNC2YVASJ5SS4Q.jpg 420w,https:\/\/www.infobae.com\/new-resizer\/iAyuttXr-u3QkIjQ3QtnmitruTY=\/768x432\/filters:format(webp):quality(85)\/cloudfront-us-east-1.images.arcpublishing.com\/infobae\/MFXIRXINRVHCXNC2YVASJ5SS4Q.jpg 768w,https:\/\/www.infobae.com\/new-resizer\/-vjrKEGBxHx6wXV_-sfROkvJvBA=\/992x558\/filters:format(webp):quality(85)\/cloudfront-us-east-1.images.arcpublishing.com\/infobae\/MFXIRXINRVHCXNC2YVASJ5SS4Q.jpg 992w,https:\/\/www.infobae.com\/new-resizer\/tB-IjbdzfI6Q90-lGb2Hsu7oe-M=\/1200x675\/filters:format(webp):quality(85)\/cloudfront-us-east-1.images.arcpublishing.com\/infobae\/MFXIRXINRVHCXNC2YVASJ5SS4Q.jpg 1200w,https:\/\/www.infobae.com\/new-resizer\/5xQGSx-JXRrac2AZXnfUnRaffq8=\/1440x810\/filters:format(webp):quality(85)\/cloudfront-us-east-1.images.arcpublishing.com\/infobae\/MFXIRXINRVHCXNC2YVASJ5SS4Q.jpg 1440w\">Fernando Pastorizzo, el joven asesinado en Gualeguaych\u00fa el 30 de diciembre de 2017 (Facebook)<\/p>\n\n\n\n<p>Por el homicidio,&nbsp;<strong>Nahir fue condenada a cadena perpetua<\/strong>&nbsp;el 3 de junio de 2018. Pero el 7 de enero de este a\u00f1o, le dijo a su por entonces abogada&nbsp;<strong>Raquel Hermida Leyenda,<\/strong>&nbsp;hoy reemplazada por los doctores<strong>&nbsp;Jos\u00e9 Ostolaza y y Pablo Sotelo:<\/strong><\/p>\n\n\n\n<p>\u2014 Voy a decirte algo que nunca cont\u00e9. Y no sabe nadie.&nbsp;<strong>Yo no lo mat\u00e9 a Fernando, fue mi pap\u00e1.&nbsp;<\/strong>Quiero que lo acuses porque es el verdadero asesino.<\/p>\n\n\n\n<p>Pero su padre no dijo nada sobre el tema. Se separ\u00f3 de su esposa. Y&nbsp;<strong>Nahir no quiso verlo m\u00e1s.<\/strong><\/p>\n\n\n\n<p><img loading=\"lazy\" decoding=\"async\" alt=\"Nahir junto a su padre, el expolic\u00eda Marcelo Galarza. Seg\u00fan la joven, \u00e9l mat\u00f3 a Pastorizzo, prometi\u00f3 hacerse cargo del crimen y no cumpli\u00f3. Desde que ech\u00f3 a rodar esta versi\u00f3n no lo vi\u00f3 m\u00e1s\" height=\"1080\" width=\"1920\" class=\"\" src=\"https:\/\/cloudfront-us-east-1.images.arcpublishing.com\/infobae\/CJVG6WW6KVEPLEUZOIAKDKTKKM.jpg\" srcset=\"https:\/\/www.infobae.com\/new-resizer\/RcjbDgM1mTUrivmH_ZBIuF1k3f0=\/420x236\/filters:format(webp):quality(85)\/cloudfront-us-east-1.images.arcpublishing.com\/infobae\/CJVG6WW6KVEPLEUZOIAKDKTKKM.jpg 420w,https:\/\/www.infobae.com\/new-resizer\/lQNDJtPhrMkiHFaNBJOYPqsc-fM=\/768x432\/filters:format(webp):quality(85)\/cloudfront-us-east-1.images.arcpublishing.com\/infobae\/CJVG6WW6KVEPLEUZOIAKDKTKKM.jpg 768w,https:\/\/www.infobae.com\/new-resizer\/_scq8RgW3MmNXT4GrD0bSleIwMg=\/992x558\/filters:format(webp):quality(85)\/cloudfront-us-east-1.images.arcpublishing.com\/infobae\/CJVG6WW6KVEPLEUZOIAKDKTKKM.jpg 992w,https:\/\/www.infobae.com\/new-resizer\/0Riq_dZzhdRAyttvIsAI3Hfar7o=\/1200x675\/filters:format(webp):quality(85)\/cloudfront-us-east-1.images.arcpublishing.com\/infobae\/CJVG6WW6KVEPLEUZOIAKDKTKKM.jpg 1200w,https:\/\/www.infobae.com\/new-resizer\/Vyx3u_pZ1AGIOyPzDthJk8_8oDg=\/1440x810\/filters:format(webp):quality(85)\/cloudfront-us-east-1.images.arcpublishing.com\/infobae\/CJVG6WW6KVEPLEUZOIAKDKTKKM.jpg 1440w\">Nahir junto a su padre, el expolic\u00eda Marcelo Galarza. Seg\u00fan la joven, \u00e9l mat\u00f3 a Pastorizzo, prometi\u00f3 hacerse cargo del crimen y no cumpli\u00f3. Desde que ech\u00f3 a rodar esta versi\u00f3n no lo vi\u00f3 m\u00e1s<\/p>\n\n\n\n<p>De acuerdo con lo que cont\u00f3, los hechos fueron as\u00ed: asegur\u00f3 que su padre \u201cestaba cebado\u201d y los sigui\u00f3 velozmente con su auto a ella y a Fernando Pastorizzo, que manejaba su moto.&nbsp;<strong>Ellos hab\u00edan agarrado el arma reglamentaria<\/strong>&nbsp;que el polic\u00eda hab\u00eda dejado arriba de la heladera.<\/p>\n\n\n\n<p>Con la frenada del auto de Galarza, Fernando se asust\u00f3, fren\u00f3 de golpe la moto y se cay\u00f3. Ella se tambale\u00f3, pero se mantuvo arriba. Galarza se baj\u00f3, tom\u00f3 el arma, que era suya, la que usaba como polic\u00eda de Entre R\u00edos, habl\u00f3 algo con Pastorizzo, y&nbsp;<strong>le dispar\u00f3 dos veces.<\/strong><\/p>\n\n\n\n<p>De frente y de espaldas.<\/p>\n\n\n\n<p>Seg\u00fan la joven, Fernando, malherido, mir\u00f3 a Nahir y le dijo:<\/p>\n\n\n\n<p>-Por favor,<strong>&nbsp;llam\u00e1 a una ambulancia.<\/strong><\/p>\n\n\n\n<p>Pero Galarza le dio el arma a su hija y le orden\u00f3:<\/p>\n\n\n\n<p>-Andate.<\/p>\n\n\n\n<p><img loading=\"lazy\" decoding=\"async\" alt=\"Una imagen de Nahir Galarza camino a su casa el 30 de diciembre de 2017, instantes despu\u00e9s de dispararle a Fernando Pastorizzo\" height=\"1079\" width=\"1920\" class=\"\" src=\"https:\/\/cloudfront-us-east-1.images.arcpublishing.com\/infobae\/LUKJINXKP5DCNCXKPUUWTXRJ5I.jpg\" srcset=\"https:\/\/www.infobae.com\/new-resizer\/es1hVT_sIS0rZVa8730xu_I6XQs=\/420x236\/filters:format(webp):quality(85)\/cloudfront-us-east-1.images.arcpublishing.com\/infobae\/LUKJINXKP5DCNCXKPUUWTXRJ5I.jpg 420w,https:\/\/www.infobae.com\/new-resizer\/Fuh9GbwIQJmkTHYVmGV9hJKLl1k=\/768x432\/filters:format(webp):quality(85)\/cloudfront-us-east-1.images.arcpublishing.com\/infobae\/LUKJINXKP5DCNCXKPUUWTXRJ5I.jpg 768w,https:\/\/www.infobae.com\/new-resizer\/tlpNwV7BAZ-6iNBWQOeyVbSF1aQ=\/992x558\/filters:format(webp):quality(85)\/cloudfront-us-east-1.images.arcpublishing.com\/infobae\/LUKJINXKP5DCNCXKPUUWTXRJ5I.jpg 992w,https:\/\/www.infobae.com\/new-resizer\/7-wgYL15fOi0PB13pBD43EDqTXc=\/1200x675\/filters:format(webp):quality(85)\/cloudfront-us-east-1.images.arcpublishing.com\/infobae\/LUKJINXKP5DCNCXKPUUWTXRJ5I.jpg 1200w,https:\/\/www.infobae.com\/new-resizer\/hDdxsiLZWsXLYi55AisCtr6YscM=\/1440x810\/filters:format(webp):quality(85)\/cloudfront-us-east-1.images.arcpublishing.com\/infobae\/LUKJINXKP5DCNCXKPUUWTXRJ5I.jpg 1440w\">Una imagen de Nahir Galarza camino a su casa el 30 de diciembre de 2017, instantes despu\u00e9s de dispararle a Fernando Pastorizzo<\/p>\n\n\n\n<p>El se subi\u00f3 a su auto y<strong>&nbsp;se fue.<\/strong><\/p>\n\n\n\n<p>\u201cYo no supe qu\u00e9 hacer porque todo me pareci\u00f3 una pel\u00edcula, aparte no ten\u00eda a d\u00f3nde llevar el arma,<strong>&nbsp;no entend\u00eda nada de lo que hab\u00eda pasado\u201d<\/strong>, le dijo Nahir a su abogada.<\/p>\n\n\n\n<p>Hasta esta nueva versi\u00f3n, Nahir hab\u00eda declarado en el juicio oral y en la etapa de instrucci\u00f3n que le dispar\u00f3 a Fernando por accidente, dos veces.&nbsp;<strong>En su primera declaraci\u00f3n hab\u00eda dicho que lo hab\u00eda matado.<\/strong><\/p>\n","protected":false},"excerpt":{"rendered":"<p>La madrugada de 30 de diciembre de 2017, la joven mat\u00f3 de dos balazos a Fernando Pastorizzo. Casi de inmediato fue detenida. La justicia la conden\u00f3 a cadena perpetua. Desde&hellip; <\/p>\n","protected":false},"author":1,"featured_media":30951,"comment_status":"closed","ping_status":"open","sticky":false,"template":"","format":"standard","meta":{"footnotes":""},"categories":[5],"tags":[],"class_list":["post-30950","post","type-post","status-publish","format-standard","has-post-thumbnail","hentry","category-crimen-y-justicia"],"_links":{"self":[{"href":"https:\/\/corrientesdetarde.com\/index.php\/wp-json\/wp\/v2\/posts\/30950","targetHints":{"allow":["GET"]}}],"collection":[{"href":"https:\/\/corrientesdetarde.com\/index.php\/wp-json\/wp\/v2\/posts"}],"about":[{"href":"https:\/\/corrientesdetarde.com\/index.php\/wp-json\/wp\/v2\/types\/post"}],"author":[{"embeddable":true,"href":"https:\/\/corrientesdetarde.com\/index.php\/wp-json\/wp\/v2\/users\/1"}],"replies":[{"embeddable":true,"href":"https:\/\/corrientesdetarde.com\/index.php\/wp-json\/wp\/v2\/comments?post=30950"}],"version-history":[{"count":1,"href":"https:\/\/corrientesdetarde.com\/index.php\/wp-json\/wp\/v2\/posts\/30950\/revisions"}],"predecessor-version":[{"id":30952,"href":"https:\/\/corrientesdetarde.com\/index.php\/wp-json\/wp\/v2\/posts\/30950\/revisions\/30952"}],"wp:featuredmedia":[{"embeddable":true,"href":"https:\/\/corrientesdetarde.com\/index.php\/wp-json\/wp\/v2\/media\/30951"}],"wp:attachment":[{"href":"https:\/\/corrientesdetarde.com\/index.php\/wp-json\/wp\/v2\/media?parent=30950"}],"wp:term":[{"taxonomy":"category","embeddable":true,"href":"https:\/\/corrientesdetarde.com\/index.php\/wp-json\/wp\/v2\/categories?post=30950"},{"taxonomy":"post_tag","embeddable":true,"href":"https:\/\/corrientesdetarde.com\/index.php\/wp-json\/wp\/v2\/tags?post=30950"}],"curies":[{"name":"wp","href":"https:\/\/api.w.org\/{rel}","templated":true}]}}