{"id":31193,"date":"2023-01-02T00:24:47","date_gmt":"2023-01-02T03:24:47","guid":{"rendered":"https:\/\/corrientesdetarde.com\/?p=31193"},"modified":"2023-01-02T00:24:53","modified_gmt":"2023-01-02T03:24:53","slug":"shakira-lanzo-una-indirecta-para-pique-en-su-mensaje-de-ano-nuevo-ante-el-menosprecio-seguirse-valorando","status":"publish","type":"post","link":"https:\/\/corrientesdetarde.com\/index.php\/espectaculos\/shakira-lanzo-una-indirecta-para-pique-en-su-mensaje-de-ano-nuevo-ante-el-menosprecio-seguirse-valorando\/","title":{"rendered":"Shakira lanz\u00f3 una indirecta para Piqu\u00e9 en su mensaje de A\u00f1o Nuevo: \u201cAnte el menosprecio, seguirse valorando\u201d"},"content":{"rendered":"\n<h2 class=\"wp-block-heading\">La cantante cerr\u00f3 el 2022 con una sentida publicaci\u00f3n en sus redes sociales y reflexion\u00f3 sobre las metas para recibir al 2023.<\/h2>\n\n\n\n<p><strong>La separaci\u00f3n de Shakira y Gerard Piqu\u00e9<\/strong>\u00a0fue una de las m\u00e1s resonantes del a\u00f1o. A meses de haber firmado los papeles que defin\u00edan el r\u00e9gimen de comunicaci\u00f3n y alimentos de sus dos hijos -Sasha y Mil\u00e1n-, la cantante y el futbolista\u00a0<strong>decidieron dar vuelta la p\u00e1gina<\/strong>.<\/p>\n\n\n\n<p>Sin embargo, Shakira no dej\u00f3 de lado<strong>\u00a0la decepci\u00f3n que vivi\u00f3 durante 2022\u00a0<\/strong>y quiso cerrar el a\u00f1o con un sentido mensaje en sus redes sociales. \u201c<strong>Aunque contin\u00faen abiertas nuestras heridas<\/strong>\u00a0en este nuevo a\u00f1o, el tiempo tiene manos de cirujano\u201d, escribi\u00f3 la artista en su cuenta oficial de Instagram.<\/p>\n\n\n\n<p>En ese sentido, no dej\u00f3 afuera el mal momento que atraves\u00f3 tras enterarse de la infidelidad de Piqu\u00e9, quien\u00a0<strong>actualmente est\u00e1\u00a0en pareja con Clara Ch\u00eda Marti<\/strong>: \u201cAunque alguien nos haya traicionado hay que seguir confiando.\u00a0<strong>Ante el menosprecio, seguirse valorando<\/strong>\u201d.<\/p>\n\n\n\n<figure class=\"wp-block-image\"><img decoding=\"async\" src=\"https:\/\/tn.com.ar\/resizer\/3CvgDanFahi20a8XQdiIoRcCR70=\/767x0\/smart\/filters:format(webp)\/cloudfront-us-east-1.images.arcpublishing.com\/artear\/UTMHEF2LRNHI3EHGJQK2VTTDOM.JPG\" alt=\"El conmovedor mensaje de Shakira para recibir el nuevo a\u00f1o (Foto: Instagram \/ shakira )\"\/><figcaption>El conmovedor mensaje de Shakira para recibir el nuevo a\u00f1o (Foto: Instagram \/ shakira )<\/figcaption><\/figure>\n\n\n\n<p>\u201c<strong>Porque hay m\u00e1s gente buena que indecente<\/strong>. M\u00e1s gente emp\u00e1tica que indolente. Son menos los que se van y m\u00e1s los que permanecen a nuestro lado\u201d, escribi\u00f3 sobre las personas que la apoyaron en todo este doloroso proceso.<\/p>\n\n\n\n<p>Para cerrar la publicaci\u00f3n, agreg\u00f3: \u201c<strong>Nuestras l\u00e1grimas no son un desperdicio<\/strong>, riegan el suelo donde nacer\u00e1 el futuro y nos hacen m\u00e1s humanos, para que en medio del desamor se pueda seguir amando\u201d.<\/p>\n\n\n\n<h2 class=\"wp-block-heading\">Shakira cont\u00f3 c\u00f3mo logr\u00f3 recuperarse de su separaci\u00f3n de Gerard Piqu\u00e9: \u201cUn a\u00f1o que dif\u00edcilmente podr\u00e9 olvidar\u201d<\/h2>\n\n\n\n<p><strong>Shakira<\/strong>\u00a0vivi\u00f3 uno de los a\u00f1os m\u00e1s complejos por\u00a0<strong>su separaci\u00f3n de Gerard Piqu\u00e9,<\/strong>\u00a0pero logr\u00f3 salir adelante y cont\u00f3 c\u00f3mo hizo a trav\u00e9s de un video que fue compartido por el programa<em>\u00a0Despierta Am\u00e9rica (Univisi\u00f3n).\u00a0<\/em>Con una sonrisa, explic\u00f3 que sus fan\u00e1ticos y la m\u00fasica fueron fundamentales para sanar su coraz\u00f3n, ya que se sinti\u00f3 muy mal con la traici\u00f3n del hombre que amaba y el posterior acoso de los paparazzi.<\/p>\n\n\n\n<figure class=\"wp-block-image\"><img decoding=\"async\" src=\"https:\/\/tn.com.ar\/resizer\/TRcNE66isFaIokejCtUFOM2xcSs=\/767x0\/smart\/filters:format(webp)\/cloudfront-us-east-1.images.arcpublishing.com\/artear\/ZVGPBIJSF5DSLORSNZKQGT752I.jpg\" alt=\"Shakira y Piqu\u00e9 junto a sus dos hijos (Foto: Instagram \/ 3gerardpique).\"\/><figcaption>Shakira y Piqu\u00e9 junto a sus dos hijos (Foto: Instagram \/ 3gerardpique).<\/figcaption><\/figure>\n\n\n\n<p>\u201cHa sido un a\u00f1o que&nbsp;<strong>dif\u00edcilmente podr\u00e9 olvidar,<\/strong>&nbsp;en el que he encontrado tantos&nbsp;<strong>desaf\u00edos<\/strong>&nbsp;como amigos de verdad. La m\u00fasica ha sido una buena compa\u00f1\u00eda, pero ustedes a\u00fan m\u00e1s. Quiero agradecerles por escucharme, por permitirme expresar. Ojal\u00e1 el 2023 pueda seguir correspondiendo a todo el apoyo y cari\u00f1o que me dan y traerles nueva m\u00fasica y mucho m\u00e1s. Un besito\u201d, se le escuch\u00f3 decir.<\/p>\n\n\n\n<figure class=\"wp-block-image\"><img decoding=\"async\" src=\"https:\/\/tn.com.ar\/resizer\/2sjgI60tR-QuPpX0QeemTWg_388=\/767x0\/smart\/filters:format(webp)\/cloudfront-us-east-1.images.arcpublishing.com\/artear\/VLSCTL6ZMNC75JOCW4FQJWPK3Y.jpg\" alt=\"M\u00e1s claro ech\u00e1le agua: Shakira confirm\u00f3 que Piqu\u00e9 le rompi\u00f3 el coraz\u00f3n. En su nuevo videoclip le dispara un hombre vestido igual al jugador en &quot;Me enamor\u00e9&quot;. (Foto: YouTube)\"\/><figcaption>M\u00e1s claro ech\u00e1le agua: Shakira confirm\u00f3 que Piqu\u00e9 le rompi\u00f3 el coraz\u00f3n. En su nuevo videoclip le dispara un hombre vestido igual al jugador en &#8220;Me enamor\u00e9&#8221;. (Foto: YouTube)<\/figcaption><\/figure>\n\n\n\n<p>La colombiana desea empezar una nueva vida lejos de Barcelona. Afortunadamente, logr\u00f3 que el futbolista le firmara los permisos para que sus dos hijos puedan irse a vivir a Miami con ella, aunque en los \u00faltimos d\u00edas surgi\u00f3 un problema que la oblig\u00f3 a retrasar sus planes.\u00a0Sasha y Milan le plantearon que\u00a0<strong>no quieren abandonar Espa\u00f1a<\/strong>\u00a0porque all\u00ed tienen sus amigos y compromisos deportivos,\u00a0lo que la oblig\u00f3 a estirar la mudanza a mediados de enero.<\/p>\n","protected":false},"excerpt":{"rendered":"<p>La cantante cerr\u00f3 el 2022 con una sentida publicaci\u00f3n en sus redes sociales y reflexion\u00f3 sobre las metas para recibir al 2023. La separaci\u00f3n de Shakira y Gerard Piqu\u00e9\u00a0fue una&hellip; <\/p>\n","protected":false},"author":1,"featured_media":31194,"comment_status":"closed","ping_status":"open","sticky":false,"template":"","format":"standard","meta":{"footnotes":""},"categories":[19],"tags":[],"class_list":["post-31193","post","type-post","status-publish","format-standard","has-post-thumbnail","hentry","category-espectaculos"],"_links":{"self":[{"href":"https:\/\/corrientesdetarde.com\/index.php\/wp-json\/wp\/v2\/posts\/31193","targetHints":{"allow":["GET"]}}],"collection":[{"href":"https:\/\/corrientesdetarde.com\/index.php\/wp-json\/wp\/v2\/posts"}],"about":[{"href":"https:\/\/corrientesdetarde.com\/index.php\/wp-json\/wp\/v2\/types\/post"}],"author":[{"embeddable":true,"href":"https:\/\/corrientesdetarde.com\/index.php\/wp-json\/wp\/v2\/users\/1"}],"replies":[{"embeddable":true,"href":"https:\/\/corrientesdetarde.com\/index.php\/wp-json\/wp\/v2\/comments?post=31193"}],"version-history":[{"count":1,"href":"https:\/\/corrientesdetarde.com\/index.php\/wp-json\/wp\/v2\/posts\/31193\/revisions"}],"predecessor-version":[{"id":31195,"href":"https:\/\/corrientesdetarde.com\/index.php\/wp-json\/wp\/v2\/posts\/31193\/revisions\/31195"}],"wp:featuredmedia":[{"embeddable":true,"href":"https:\/\/corrientesdetarde.com\/index.php\/wp-json\/wp\/v2\/media\/31194"}],"wp:attachment":[{"href":"https:\/\/corrientesdetarde.com\/index.php\/wp-json\/wp\/v2\/media?parent=31193"}],"wp:term":[{"taxonomy":"category","embeddable":true,"href":"https:\/\/corrientesdetarde.com\/index.php\/wp-json\/wp\/v2\/categories?post=31193"},{"taxonomy":"post_tag","embeddable":true,"href":"https:\/\/corrientesdetarde.com\/index.php\/wp-json\/wp\/v2\/tags?post=31193"}],"curies":[{"name":"wp","href":"https:\/\/api.w.org\/{rel}","templated":true}]}}