{"id":31440,"date":"2023-01-03T07:44:16","date_gmt":"2023-01-03T10:44:16","guid":{"rendered":"https:\/\/corrientesdetarde.com\/?p=31440"},"modified":"2023-01-03T07:44:19","modified_gmt":"2023-01-03T10:44:19","slug":"en-2022-el-teatro-inicio-un-proceso-de-recuperacion","status":"publish","type":"post","link":"https:\/\/corrientesdetarde.com\/index.php\/cultura\/en-2022-el-teatro-inicio-un-proceso-de-recuperacion\/","title":{"rendered":"En 2022, el teatro inici\u00f3 un proceso de recuperaci\u00f3n"},"content":{"rendered":"\n<p>El teatro correntino lleg\u00f3 este a\u00f1o a toda\u00a0la provincia con m\u00e1s de 250 funciones.\u00a0Fue beneficiado con subsidios como el\u00a0Plan Argentina Florece Teatral, Teatrines, Corrientes Violeta y Teatro por la Democracia, entre otros.\u00a0\u00a0<\/p>\n\n\n\n<p>Luego del 2020 y las restricciones por la pandemia, la cartera cultural nacional y el Instituto Nacional del Teatro lanzaron l\u00edneas de apoyo buscando reactivar la actividad teatral en todo el territorio nacional y en la provincia de Corrientes. Esto permiti\u00f3 al teatro correntino llegar este a\u00f1o a toda la provincia con m\u00e1s de 250 funciones este a\u00f1o.&nbsp;<\/p>\n\n\n\n<p>Durante el 2022 se desarroll\u00f3 la segunda etapa del Plan Argentina Florece Teatral, como as\u00ed tambi\u00e9n de Teatrines, programa federal de intervenciones esc\u00e9nicas destinadas a las infancias, se implement\u00f3 por primera vez Corrientes Violeta y Teatro por la Democracia, se concret\u00f3 la 4\u00aa edici\u00f3n del evento \u201cDime qu\u00e9 lees\u201d en la Feria del Libro Provincial, se acentu\u00f3 el accionar en el interior provincial con la 36\u00aa Fiesta Provincial del Teatro realizada en Monte Caseros, sin dejar de subrayar las diferentes l\u00edneas de ayuda al que accedieron salas, grupos, elencos concertados y producciones teatrales independientes existentes. &nbsp;<\/p>\n\n\n\n<p>Algunos de los lugares donde se present\u00f3 una propuesta teatral fueron: Ramada Paso, Itat\u00ed, Paso de los Libres, Esquina, Santa Ana, Paraje Caim\u00e1n, San Miguel, Bella Vista, Ca\u00f1ada Quiroz, Paraje Pont\u00f3n, Pedro R. Fern\u00e1ndez, Saladas, Chavarr\u00eda, Paraje Uguay, General San Mart\u00edn, Mercedes, Paraje Arroyo G\u00fcaz\u00fa, Colonia Carlos Pellegrini, Loreto, San Miguel, Ca\u00e1 Cat\u00ed, Curuz\u00fa Cuati\u00e1, Paso de la Patria, El Sombrero, Saladas, Paso Pesoa, San Cayetano, Perich\u00f3n, Empedrado, San Luis del Palmar, Bella Vista, San Roque, Monte Caseros, Esquina, Lomas de Vallejo, Colonia San Antonio, Paraje Capillita, Mariano I. Loza, Felipe Yofre, Paraje Capit\u00e1 Min\u00ed, Boquer\u00f3n, Derqui, Goya, San Cayetano, Riachuelo, Corrientes, entre otros.&nbsp;<\/p>\n\n\n\n<p>Al respecto, el referente regional del Instituto Nacional del Teatro, Jorge Frete, expres\u00f3: \u201cSabemos que hay mucho m\u00e1s por hacer, sobre todo seducir al p\u00fablico a colmar las salas independientes durante sus temporadas anuales, donde son infinidad de trabajadores los que aportan sus conocimientos t\u00e9cnicos y art\u00edsticos, muy modestamente pero con las mismas importancia que el artista en escena, hay nuevas localidades y parajes y escuelas rurales que tenemos que llegar, capacitaciones y perfeccionamientos para los artistas que nos posibilita este organismo nacional, entre otros objetivos, y seguramente lo lograremos dada la pasi\u00f3n y el profesionalismo demostrado por los teatreros, t\u00e9cnicos y docentes correntinos en estos \u00faltimos tiempos\u201d.&nbsp;<\/p>\n\n\n\n<p>Argentina Florece Teatral busc\u00f3 este a\u00f1o acompa\u00f1ar con pol\u00edticas activas el proceso de reapertura o de reanudaci\u00f3n de las actividades teatrales afectadas por las restricciones impuestas durante la pandemia. &nbsp;<\/p>\n\n\n\n<p>Se busc\u00f3 provocar un impacto productivo que movilice los recursos f\u00edsicos disponibles para acompa\u00f1ar la reactivaci\u00f3n del sector de las Artes esc\u00e9nicas, incentivando y expandiendo al m\u00e1ximo sus capacidades. Sumando en el evento la mayor cantidad de espectadores posibles, procurando restablecer una pronta revinculaci\u00f3n de las audiencias culturales con las experiencias teatrales de todo el territorio nacional, incluso generando el acceso a nuevos p\u00fablicos.&nbsp;<\/p>\n\n\n\n<p>Teatrines fueron actividades de car\u00e1cter popular y con f\u00e1cil accesibilidad, dirigidas especialmente al p\u00fablico infantil y juvenil, con el objetivo de visibilizar la labor de teatristas que generan producciones destinadas a las infancias, adolescencias y familias. &nbsp;<\/p>\n\n\n\n<p>Feria y fiesta&nbsp;<\/p>\n\n\n\n<p>En julio, durante la XII Feria Provincial del Libro que se realiz\u00f3 del 14 al 24 en la ciudad de Corrientes, en el predio de la ex usina se efect\u00fao el 4\u00ba \u201cDime qu\u00e9 lees\u201d, propuesta que cont\u00f3 con un stand institucional y una carpa donde se disfrut\u00f3 de funciones, espacios de encuentros, talleres. &nbsp;<\/p>\n\n\n\n<p>Esta iniciativa busc\u00f3 difundir la dramaturgia teatral de la regi\u00f3n NEA y las distintas actividades del INT. Uno de sus objetivos fue promocionar a los autores locales a trav\u00e9s de las publicaciones regionales y nacionales existentes.&nbsp;<\/p>\n\n\n\n<p>En el mes de abril se llev\u00f3 a cabo la 36\u00aa Fiesta Provincial del Teatro de Corrientes, en Monte Caseros, reuni\u00f3 a toda la actividad teatral y en ella se seleccion\u00f3 la obra \u201c(No) estamos ganando\u201d del grupo Experimento Escenario de Paso de los Libres que represent\u00f3 a Corrientes en la 36\u00aa Fiesta Nacional del Teatro, concretada del 29 de septiembre al 3 de octubre en la provincia del Chaco, con un corredor regional que lleg\u00f3 a Corrientes, Misiones, Formosa y distintas ciudades del Chaco, adem\u00e1s de Resistencia. &nbsp;<\/p>\n\n\n\n<p>Todas estas l\u00edneas se implementaron con la participaci\u00f3n de cogestores, provinciales, municipales, asociaciones intermedias, instituciones educativas, entre otros. &nbsp;<\/p>\n\n\n\n<p>Las salas independientes y diversos espacios, participaron activamente con una gran temporada teatral, con funciones para todas las edades, un trabajo conjunto y constante permiti\u00f3 que el p\u00fablico correntino desfrute de las producciones, que no solo llegaron con propuestas que vienen realizando varias temporadas, sino tambi\u00e9n con estrenos teatrales, que inclusive llegaron en el mes de diciembre, cerrando un a\u00f1o con mucho teatro y proyectando un gran 2023 en el \u00e1mbito teatral. &nbsp;<\/p>\n\n\n\n<p>(VAE)<\/p>\n","protected":false},"excerpt":{"rendered":"<p>El teatro correntino lleg\u00f3 este a\u00f1o a toda\u00a0la provincia con m\u00e1s de 250 funciones.\u00a0Fue beneficiado con subsidios como el\u00a0Plan Argentina Florece Teatral, Teatrines, Corrientes Violeta y Teatro por la Democracia,&hellip; <\/p>\n","protected":false},"author":1,"featured_media":31441,"comment_status":"closed","ping_status":"open","sticky":false,"template":"","format":"standard","meta":{"footnotes":""},"categories":[15],"tags":[],"class_list":["post-31440","post","type-post","status-publish","format-standard","has-post-thumbnail","hentry","category-cultura"],"_links":{"self":[{"href":"https:\/\/corrientesdetarde.com\/index.php\/wp-json\/wp\/v2\/posts\/31440","targetHints":{"allow":["GET"]}}],"collection":[{"href":"https:\/\/corrientesdetarde.com\/index.php\/wp-json\/wp\/v2\/posts"}],"about":[{"href":"https:\/\/corrientesdetarde.com\/index.php\/wp-json\/wp\/v2\/types\/post"}],"author":[{"embeddable":true,"href":"https:\/\/corrientesdetarde.com\/index.php\/wp-json\/wp\/v2\/users\/1"}],"replies":[{"embeddable":true,"href":"https:\/\/corrientesdetarde.com\/index.php\/wp-json\/wp\/v2\/comments?post=31440"}],"version-history":[{"count":1,"href":"https:\/\/corrientesdetarde.com\/index.php\/wp-json\/wp\/v2\/posts\/31440\/revisions"}],"predecessor-version":[{"id":31442,"href":"https:\/\/corrientesdetarde.com\/index.php\/wp-json\/wp\/v2\/posts\/31440\/revisions\/31442"}],"wp:featuredmedia":[{"embeddable":true,"href":"https:\/\/corrientesdetarde.com\/index.php\/wp-json\/wp\/v2\/media\/31441"}],"wp:attachment":[{"href":"https:\/\/corrientesdetarde.com\/index.php\/wp-json\/wp\/v2\/media?parent=31440"}],"wp:term":[{"taxonomy":"category","embeddable":true,"href":"https:\/\/corrientesdetarde.com\/index.php\/wp-json\/wp\/v2\/categories?post=31440"},{"taxonomy":"post_tag","embeddable":true,"href":"https:\/\/corrientesdetarde.com\/index.php\/wp-json\/wp\/v2\/tags?post=31440"}],"curies":[{"name":"wp","href":"https:\/\/api.w.org\/{rel}","templated":true}]}}