{"id":31620,"date":"2023-01-03T23:12:59","date_gmt":"2023-01-04T02:12:59","guid":{"rendered":"https:\/\/corrientesdetarde.com\/?p=31620"},"modified":"2023-01-03T23:13:04","modified_gmt":"2023-01-04T02:13:04","slug":"camion-repleto-de-yerba-volco-y-aplasto-a-un-auto-hay-dos-muertos","status":"publish","type":"post","link":"https:\/\/corrientesdetarde.com\/index.php\/locales\/camion-repleto-de-yerba-volco-y-aplasto-a-un-auto-hay-dos-muertos\/","title":{"rendered":"Cami\u00f3n repleto de yerba volc\u00f3 y aplast\u00f3 a un auto: hay dos muertos"},"content":{"rendered":"\n<p>Las v\u00edctimas fallecieron al instante.\u00a0<\/p>\n\n\n\n<p>Un siniestro fatal dej\u00f3 como saldo el fallecimiento de dos personas. El lamentable hecho ocurri\u00f3 por Ruta nacional 14 a la altura del kil\u00f3metro 627, en cercan\u00eda a la localidad correntina de Alvear.<\/p>\n\n\n\n<p>Seg\u00fan trascendi\u00f3, un cami\u00f3n que transportaba yerba volc\u00f3 y termin\u00f3 aplastando a un aut\u00f3movil. Como consecuencia, murieron dos personas que se trasladaban en el veh\u00edculo de menor porte.&nbsp;<\/p>\n\n\n\n<p>En tanto, bomberos rescataron a una persona que fue trasladada al hospital de Santo Tom\u00e9.<\/p>\n\n\n\n<p>El cami\u00f3n qued\u00f3 volcado sobre la totalidad de la cinta asf\u00e1ltica por lo que el tr\u00e1nsito est\u00e1 cortado en ambos sentidos. Trabaja Polic\u00eda y ambulancia de Alvear y de la zona junto a Gendarmer\u00eda Nacional.&nbsp;<\/p>\n\n\n\n<p><\/p>\n","protected":false},"excerpt":{"rendered":"<p>Las v\u00edctimas fallecieron al instante.\u00a0 Un siniestro fatal dej\u00f3 como saldo el fallecimiento de dos personas. El lamentable hecho ocurri\u00f3 por Ruta nacional 14 a la altura del kil\u00f3metro 627,&hellip; <\/p>\n","protected":false},"author":1,"featured_media":31621,"comment_status":"closed","ping_status":"open","sticky":false,"template":"","format":"standard","meta":{"footnotes":""},"categories":[8],"tags":[],"class_list":["post-31620","post","type-post","status-publish","format-standard","has-post-thumbnail","hentry","category-locales"],"_links":{"self":[{"href":"https:\/\/corrientesdetarde.com\/index.php\/wp-json\/wp\/v2\/posts\/31620","targetHints":{"allow":["GET"]}}],"collection":[{"href":"https:\/\/corrientesdetarde.com\/index.php\/wp-json\/wp\/v2\/posts"}],"about":[{"href":"https:\/\/corrientesdetarde.com\/index.php\/wp-json\/wp\/v2\/types\/post"}],"author":[{"embeddable":true,"href":"https:\/\/corrientesdetarde.com\/index.php\/wp-json\/wp\/v2\/users\/1"}],"replies":[{"embeddable":true,"href":"https:\/\/corrientesdetarde.com\/index.php\/wp-json\/wp\/v2\/comments?post=31620"}],"version-history":[{"count":1,"href":"https:\/\/corrientesdetarde.com\/index.php\/wp-json\/wp\/v2\/posts\/31620\/revisions"}],"predecessor-version":[{"id":31622,"href":"https:\/\/corrientesdetarde.com\/index.php\/wp-json\/wp\/v2\/posts\/31620\/revisions\/31622"}],"wp:featuredmedia":[{"embeddable":true,"href":"https:\/\/corrientesdetarde.com\/index.php\/wp-json\/wp\/v2\/media\/31621"}],"wp:attachment":[{"href":"https:\/\/corrientesdetarde.com\/index.php\/wp-json\/wp\/v2\/media?parent=31620"}],"wp:term":[{"taxonomy":"category","embeddable":true,"href":"https:\/\/corrientesdetarde.com\/index.php\/wp-json\/wp\/v2\/categories?post=31620"},{"taxonomy":"post_tag","embeddable":true,"href":"https:\/\/corrientesdetarde.com\/index.php\/wp-json\/wp\/v2\/tags?post=31620"}],"curies":[{"name":"wp","href":"https:\/\/api.w.org\/{rel}","templated":true}]}}