{"id":31654,"date":"2023-01-04T09:03:45","date_gmt":"2023-01-04T12:03:45","guid":{"rendered":"https:\/\/corrientesdetarde.com\/?p=31654"},"modified":"2023-01-04T09:03:48","modified_gmt":"2023-01-04T12:03:48","slug":"ituzaingo-registro-la-mayor-ocupacion-hotelera-de-corrientes","status":"publish","type":"post","link":"https:\/\/corrientesdetarde.com\/index.php\/turismo\/ituzaingo-registro-la-mayor-ocupacion-hotelera-de-corrientes\/","title":{"rendered":"Ituzaing\u00f3 registr\u00f3 la mayor ocupaci\u00f3n hotelera de Corrientes"},"content":{"rendered":"\n<p>&#8220;Con el 98% de ocupaci\u00f3n la ciudad se convirti\u00f3 en el destino m\u00e1s elegido de Corrientes en el inicio del 2023, demostrando as\u00ed la importancia que tiene Ituzaing\u00f3 para el sector tur\u00edstico&#8221;, indicaron.<\/p>\n\n\n\n<p>&nbsp;A trav\u00e9s del Observatorio Tur\u00edstico de la provincia de Corrientes y la Secretar\u00eda de Turismo de Ituzaing\u00f3 se realiz\u00f3 el relevamiento con el apoyo del sector privado que aportaron la informaci\u00f3n para la Encuesta de Ocupaci\u00f3n Hotelera, agregaron.<\/p>\n","protected":false},"excerpt":{"rendered":"<p>&#8220;Con el 98% de ocupaci\u00f3n la ciudad se convirti\u00f3 en el destino m\u00e1s elegido de Corrientes en el inicio del 2023, demostrando as\u00ed la importancia que tiene Ituzaing\u00f3 para el&hellip; <\/p>\n","protected":false},"author":1,"featured_media":31655,"comment_status":"closed","ping_status":"open","sticky":false,"template":"","format":"standard","meta":{"footnotes":""},"categories":[31],"tags":[],"class_list":["post-31654","post","type-post","status-publish","format-standard","has-post-thumbnail","hentry","category-turismo"],"_links":{"self":[{"href":"https:\/\/corrientesdetarde.com\/index.php\/wp-json\/wp\/v2\/posts\/31654","targetHints":{"allow":["GET"]}}],"collection":[{"href":"https:\/\/corrientesdetarde.com\/index.php\/wp-json\/wp\/v2\/posts"}],"about":[{"href":"https:\/\/corrientesdetarde.com\/index.php\/wp-json\/wp\/v2\/types\/post"}],"author":[{"embeddable":true,"href":"https:\/\/corrientesdetarde.com\/index.php\/wp-json\/wp\/v2\/users\/1"}],"replies":[{"embeddable":true,"href":"https:\/\/corrientesdetarde.com\/index.php\/wp-json\/wp\/v2\/comments?post=31654"}],"version-history":[{"count":1,"href":"https:\/\/corrientesdetarde.com\/index.php\/wp-json\/wp\/v2\/posts\/31654\/revisions"}],"predecessor-version":[{"id":31656,"href":"https:\/\/corrientesdetarde.com\/index.php\/wp-json\/wp\/v2\/posts\/31654\/revisions\/31656"}],"wp:featuredmedia":[{"embeddable":true,"href":"https:\/\/corrientesdetarde.com\/index.php\/wp-json\/wp\/v2\/media\/31655"}],"wp:attachment":[{"href":"https:\/\/corrientesdetarde.com\/index.php\/wp-json\/wp\/v2\/media?parent=31654"}],"wp:term":[{"taxonomy":"category","embeddable":true,"href":"https:\/\/corrientesdetarde.com\/index.php\/wp-json\/wp\/v2\/categories?post=31654"},{"taxonomy":"post_tag","embeddable":true,"href":"https:\/\/corrientesdetarde.com\/index.php\/wp-json\/wp\/v2\/tags?post=31654"}],"curies":[{"name":"wp","href":"https:\/\/api.w.org\/{rel}","templated":true}]}}