{"id":32579,"date":"2023-01-10T10:14:28","date_gmt":"2023-01-10T13:14:28","guid":{"rendered":"https:\/\/corrientesdetarde.com\/?p=32579"},"modified":"2023-01-10T13:08:50","modified_gmt":"2023-01-10T16:08:50","slug":"en-la-costanera-sur-se-llevara-a-cabo-la-segunda-bailanta-atardecer-en-chamame","status":"publish","type":"post","link":"https:\/\/corrientesdetarde.com\/index.php\/cultura\/en-la-costanera-sur-se-llevara-a-cabo-la-segunda-bailanta-atardecer-en-chamame\/","title":{"rendered":"En la Costanera Sur Se llevar\u00e1 a cabo la segunda bailanta \u201cAtardecer en Chamame\u201d"},"content":{"rendered":"\n<p>En el marco de la 32\u00b0 Fiesta Nacional que hace honor a la m\u00fasica y baile de los correntinos, este  mi\u00e9rcoles se llevar\u00e1 adelante el segundo \u201cAtardecer en Chamam\u00e9\u201d o Ka\u00b4aru Chamam\u00e9\u201d, en la costa del r\u00edo Paran\u00e1.<br>El vicegobernador, Pedro Braillard Poccard, junto al Instituto de Cultura invitan a compartir este encuentro que el Gobierno provincial ofrece como alternativa para los correntinos y turistas, que quieran disfrutar  de una \u201cenchamigada\u201d, por medio de una Bailanta Chamamecera.<br>Con relaci\u00f3n a la Fiesta del Chamam\u00e9 y sus actividades complementarias, Braillard Poccard consider\u00f3: \u201cEl  chamam\u00e9 fue creciendo en prestigio a trav\u00e9s del tiempo en toda la Argentina; gracias al permanente y  persistente trabajo de nuestros m\u00fasicos, de nuestros poetas, fue avanzando a trav\u00e9s del tiempo, permiti\u00f3 que se valorizara cada vez m\u00e1s nuestra m\u00fasica, traspasando las fronteras de la Argentina, y como siempre digo: la Fiesta del Chamam\u00e9, todas las fiestas y las actividades que se organizan en torno a ella, son el  regalo que Corrientes le hace a la Argentina y al mundo\u201d.<br>\u201cComienza a visualizarse lo que hace mucho tiempo pensamos, que la Fiesta no son solamente eventos,  sino que b\u00e1sicamente es la participaci\u00f3n de la comunidad portadora, que somos todos nosotros,  principalmente el p\u00fablico, la gente que trajo hasta nuestros d\u00edas muy vivo el chamam\u00e9, y que fue la raz\u00f3n por la cual UNESCO nos dio el reconocimiento del Patrimonio Inmaterial de la Humanidad\u201d, expres\u00f3 el  director del Fiesta Nacional del Chamam\u00e9, Eduardo S\u00edvori, en el primer Ka\u00b4aru Chamam\u00e9 que se realiz\u00f3 el  mi\u00e9rcoles 4 de enero.<br>En la oportunidad, subir\u00e1n al escenario La Pilarcita, Los Nuevos Vecinos, Oro Puro y Los G\u00fcepa Ch\u00e9. El  escenario est\u00e1 ubicado en el Boca Unidos Center, ubicado en Costanera Sur de la Capital provincial. La  entrada es de acceso libre y gratuito, inicia a las 20 horas y al igual que el mi\u00e9rcoles de la semana pasada, se contar\u00e1 con artistas reconocidos del g\u00e9nero para la tradicional Bailanta\u00a0Chamamecera.<\/p>\n\n\n\n<figure class=\"wp-block-image size-full\"><img loading=\"lazy\" decoding=\"async\" width=\"590\" height=\"742\" src=\"https:\/\/corrientesdetarde.com\/wp-content\/uploads\/2023\/01\/image-117.png\" alt=\"\" class=\"wp-image-32595\" srcset=\"https:\/\/corrientesdetarde.com\/wp-content\/uploads\/2023\/01\/image-117.png 590w, https:\/\/corrientesdetarde.com\/wp-content\/uploads\/2023\/01\/image-117-239x300.png 239w\" sizes=\"auto, (max-width: 590px) 100vw, 590px\" \/><\/figure>\n","protected":false},"excerpt":{"rendered":"<p>En el marco de la 32\u00b0 Fiesta Nacional que hace honor a la m\u00fasica y baile de los correntinos, este mi\u00e9rcoles se llevar\u00e1 adelante el segundo \u201cAtardecer en Chamam\u00e9\u201d o&hellip; <\/p>\n","protected":false},"author":1,"featured_media":32596,"comment_status":"closed","ping_status":"open","sticky":false,"template":"","format":"standard","meta":{"footnotes":""},"categories":[15],"tags":[],"class_list":["post-32579","post","type-post","status-publish","format-standard","has-post-thumbnail","hentry","category-cultura"],"_links":{"self":[{"href":"https:\/\/corrientesdetarde.com\/index.php\/wp-json\/wp\/v2\/posts\/32579","targetHints":{"allow":["GET"]}}],"collection":[{"href":"https:\/\/corrientesdetarde.com\/index.php\/wp-json\/wp\/v2\/posts"}],"about":[{"href":"https:\/\/corrientesdetarde.com\/index.php\/wp-json\/wp\/v2\/types\/post"}],"author":[{"embeddable":true,"href":"https:\/\/corrientesdetarde.com\/index.php\/wp-json\/wp\/v2\/users\/1"}],"replies":[{"embeddable":true,"href":"https:\/\/corrientesdetarde.com\/index.php\/wp-json\/wp\/v2\/comments?post=32579"}],"version-history":[{"count":1,"href":"https:\/\/corrientesdetarde.com\/index.php\/wp-json\/wp\/v2\/posts\/32579\/revisions"}],"predecessor-version":[{"id":32597,"href":"https:\/\/corrientesdetarde.com\/index.php\/wp-json\/wp\/v2\/posts\/32579\/revisions\/32597"}],"wp:featuredmedia":[{"embeddable":true,"href":"https:\/\/corrientesdetarde.com\/index.php\/wp-json\/wp\/v2\/media\/32596"}],"wp:attachment":[{"href":"https:\/\/corrientesdetarde.com\/index.php\/wp-json\/wp\/v2\/media?parent=32579"}],"wp:term":[{"taxonomy":"category","embeddable":true,"href":"https:\/\/corrientesdetarde.com\/index.php\/wp-json\/wp\/v2\/categories?post=32579"},{"taxonomy":"post_tag","embeddable":true,"href":"https:\/\/corrientesdetarde.com\/index.php\/wp-json\/wp\/v2\/tags?post=32579"}],"curies":[{"name":"wp","href":"https:\/\/api.w.org\/{rel}","templated":true}]}}