{"id":32789,"date":"2023-01-11T10:23:10","date_gmt":"2023-01-11T13:23:10","guid":{"rendered":"https:\/\/corrientesdetarde.com\/?p=32789"},"modified":"2023-01-11T10:23:12","modified_gmt":"2023-01-11T13:23:12","slug":"ladrones-habrian-construido-un-tunel-para-entrar-a-robar-en-un-barrio-privado-de-corrientes","status":"publish","type":"post","link":"https:\/\/corrientesdetarde.com\/index.php\/crimen-y-justicia\/ladrones-habrian-construido-un-tunel-para-entrar-a-robar-en-un-barrio-privado-de-corrientes\/","title":{"rendered":"Ladrones habr\u00edan construido un t\u00fanel para entrar a robar en un barrio privado de Corrientes"},"content":{"rendered":"\n<p>Dos casas en el Golf Club en el acceso a Santa Ana y otros tres m\u00e1s en el selecto y exclusivo barrio cerrado Dos Lunas ser\u00edan los lugares en los cu\u00e1les intervinieron en las \u00faltimas horas, en el contexto de una ola de inseguridad que afecta a \u00e9stos grupos de viviendas<\/p>\n\n\n\n<p>De acuerdo a una fuente, en el segundo de los barrios mencionados, los ladrones hicieron un trabajo de pel\u00edcula: cavaron un pozo para introducirse en el per\u00edmetro de la barriada privada donde viven legisladores provinciales, funcionarios judiciales y figuras del espect\u00e1culo local.<\/p>\n\n\n\n<p>De esa forma lograron pasar por debajo del tejido perimetral.<\/p>\n\n\n\n<p>Una vez adentro del per\u00edmetro del barrio privado, entraron en al menos tres viviendas que estaban vac\u00edas. No se sabe con exactitud que se llevaron porque hay hermetismo en el caso.<\/p>\n","protected":false},"excerpt":{"rendered":"<p>Dos casas en el Golf Club en el acceso a Santa Ana y otros tres m\u00e1s en el selecto y exclusivo barrio cerrado Dos Lunas ser\u00edan los lugares en los&hellip; <\/p>\n","protected":false},"author":1,"featured_media":32801,"comment_status":"closed","ping_status":"open","sticky":false,"template":"","format":"standard","meta":{"footnotes":""},"categories":[5],"tags":[],"class_list":["post-32789","post","type-post","status-publish","format-standard","has-post-thumbnail","hentry","category-crimen-y-justicia"],"_links":{"self":[{"href":"https:\/\/corrientesdetarde.com\/index.php\/wp-json\/wp\/v2\/posts\/32789","targetHints":{"allow":["GET"]}}],"collection":[{"href":"https:\/\/corrientesdetarde.com\/index.php\/wp-json\/wp\/v2\/posts"}],"about":[{"href":"https:\/\/corrientesdetarde.com\/index.php\/wp-json\/wp\/v2\/types\/post"}],"author":[{"embeddable":true,"href":"https:\/\/corrientesdetarde.com\/index.php\/wp-json\/wp\/v2\/users\/1"}],"replies":[{"embeddable":true,"href":"https:\/\/corrientesdetarde.com\/index.php\/wp-json\/wp\/v2\/comments?post=32789"}],"version-history":[{"count":1,"href":"https:\/\/corrientesdetarde.com\/index.php\/wp-json\/wp\/v2\/posts\/32789\/revisions"}],"predecessor-version":[{"id":32802,"href":"https:\/\/corrientesdetarde.com\/index.php\/wp-json\/wp\/v2\/posts\/32789\/revisions\/32802"}],"wp:featuredmedia":[{"embeddable":true,"href":"https:\/\/corrientesdetarde.com\/index.php\/wp-json\/wp\/v2\/media\/32801"}],"wp:attachment":[{"href":"https:\/\/corrientesdetarde.com\/index.php\/wp-json\/wp\/v2\/media?parent=32789"}],"wp:term":[{"taxonomy":"category","embeddable":true,"href":"https:\/\/corrientesdetarde.com\/index.php\/wp-json\/wp\/v2\/categories?post=32789"},{"taxonomy":"post_tag","embeddable":true,"href":"https:\/\/corrientesdetarde.com\/index.php\/wp-json\/wp\/v2\/tags?post=32789"}],"curies":[{"name":"wp","href":"https:\/\/api.w.org\/{rel}","templated":true}]}}