{"id":33168,"date":"2023-01-12T21:09:14","date_gmt":"2023-01-13T00:09:14","guid":{"rendered":"https:\/\/corrientesdetarde.com\/?p=33168"},"modified":"2023-01-12T21:09:18","modified_gmt":"2023-01-13T00:09:18","slug":"choque-fatal-en-punta-del-este-la-policia-encontro-cocaina-rosa-en-uno-de-los-autos-involucrados","status":"publish","type":"post","link":"https:\/\/corrientesdetarde.com\/index.php\/policiales\/choque-fatal-en-punta-del-este-la-policia-encontro-cocaina-rosa-en-uno-de-los-autos-involucrados\/","title":{"rendered":"Choque fatal en Punta del Este: la polic\u00eda encontr\u00f3 coca\u00edna rosa en uno de los autos involucrados"},"content":{"rendered":"\n<h2 class=\"wp-block-heading\">La polic\u00eda incaut\u00f3 dos bolsas con droga, pero no indic\u00f3 en qu\u00e9 veh\u00edculo. En el accidente fallecieron Micaela Trinidad y Josefina Ferrero. El conductor del otro auto hab\u00eda dado positivo de alcoholemia.<\/h2>\n\n\n\n<p>La Polic\u00eda uruguaya incaut\u00f3\u00a0<strong>dos bolsas de coca\u00edna rosa<\/strong>\u00a0\u2013conocida como \u201ctusi\u201d\u2013 en uno de los dos veh\u00edculos involucrados en el choque fatal en Punta del Este en el que murieron las modelos argentinas\u00a0<strong>Micaela Trinidad\u00a0<\/strong>y\u00a0<strong>Josefina Ferrero<\/strong>.<\/p>\n\n\n\n<p>Seg\u00fan el diario&nbsp;<em>El Pa\u00eds&nbsp;<\/em>de Uruguay, los investigadores realizaron una requisa de rigor en el Ford Ka y la Volkswagen Nivus que&nbsp;<strong>chocaron de frente<\/strong>&nbsp;y en uno de los dos veh\u00edculos -el acta de incautaci\u00f3n no precisa cu\u00e1l- encontraron dos paquetes con droga.<\/p>\n\n\n\n<figure class=\"wp-block-image\"><img decoding=\"async\" src=\"https:\/\/tn.com.ar\/resizer\/1FTOJxfbVtd7fIUOCAqR32cl5sU=\/767x0\/smart\/filters:format(webp)\/cloudfront-us-east-1.images.arcpublishing.com\/artear\/G6323BIDZZFQ3HYKX4EG4NNZZU.jfif\" alt=\"As\u00ed quedaron los autos tras el choque de frente en Manantiales, cerca de Punta del Este. (Foto: gentileza El Pa\u00eds).\"\/><figcaption>As\u00ed quedaron los autos tras el choque de frente en Manantiales, cerca de Punta del Este. (Foto: gentileza El Pa\u00eds).<\/figcaption><\/figure>\n\n\n\n<p>ElabogadoPablo Donn\u00e1ngelo, que representa al conductor del Volkswagen Nivus,&nbsp;<strong>Nicol\u00e1s Rocca<\/strong>, dijo que su cliente neg\u00f3 que la droga fuera suya. Adem\u00e1s, calific\u00f3 de \u201cinexplicable\u201d el hecho de que el acta policial no precise en cu\u00e1l de los dos veh\u00edculos aparecieron los dos envoltorios con la droga.<\/p>\n\n\n\n<p>El<strong>&nbsp;abogado Andr\u00e9s Ojeda<\/strong>, que representa a las familias de&nbsp;<strong>Micaela Trinidad<\/strong>&nbsp;y<strong>&nbsp;Josefina Ferrero<\/strong>, dijo por su parte al diario&nbsp;<em>El Pa\u00eds<\/em>&nbsp;que no le hab\u00edan informado sobre esta incautaci\u00f3n y no pod\u00eda precisar si la droga estaba en el Ford Ka.<\/p>\n\n\n\n<h2 class=\"wp-block-heading\">Por el choque qued\u00f3 imputado el conductor del Volkswagen Nivus<\/h2>\n\n\n\n<p>Por el choque\u00a0<strong>qued\u00f3 imputado<\/strong>\u00a0<strong>Nicol\u00e1s Rocca<\/strong>, productor de eventos y DJ<strong>.\u00a0<\/strong>El hombre que sigue internado en el Sanatorio Cantegrill\u00a0dio positivo al test de alcoholemia\u00a0que se le practic\u00f3 en el hospital y una de las sobrevivientes del choque que viajaba con \u00e9l en el auto declar\u00f3 a la polic\u00eda\u00a0<strong>que\u00a0\u201cse cruz\u00f3 de carril\u201d<\/strong>.<\/p>\n\n\n\n<figure class=\"wp-block-image\"><img decoding=\"async\" src=\"https:\/\/tn.com.ar\/resizer\/Es7O8AFtXeNuXfTPYBbbXUdvsV0=\/767x0\/smart\/filters:format(webp)\/cloudfront-us-east-1.images.arcpublishing.com\/artear\/GUSNRJFDGZBS5JNU6DQUXZWJZA.JPG\" alt=\"Nicol\u00e1s Rocca, el conductor del VW Nivus.\n(Foto: Clar\u00edn)\"\/><figcaption>Nicol\u00e1s Rocca, el conductor del VW Nivus. (Foto: Clar\u00edn)<\/figcaption><\/figure>\n\n\n\n<p>\u201cNo estoy bien segura, pero<strong>&nbsp;para m\u00ed nos cruzamos al carril izquierdo porque el volantazo lo dimos para la derecha\u201d,<\/strong>&nbsp;dijo Josefina Elissondo.<\/p>\n\n\n\n<p>La primera audiencia por el caso se desarroll\u00f3 v\u00eda Zoomy y la jueza ratific\u00f3 las cinco medidas pedidas por el fiscal Sebasti\u00e1n Robles: que Rocca no pueda salir del pa\u00eds, fije domicilio en Uruguay; la retenci\u00f3n de documentos del viaje; la&nbsp;<strong>prohibici\u00f3n de comunicaci\u00f3n con el resto de los involucrados<\/strong>&nbsp;en el choque; y que, si llega a abandonar el hospital, se comunique de inmediato con la fiscal\u00eda, seg\u00fan indic\u00f3 el diario&nbsp;<em>La Naci\u00f3n<\/em>.<\/p>\n\n\n\n<h2 class=\"wp-block-heading\">Qui\u00e9nes eran las dos j\u00f3venes que fallecieron en el accidente<\/h2>\n\n\n\n<p>De acuerdo a lo que ambas mujeres mostraban en sus redes sociales,<strong>&nbsp;las dos se desempe\u00f1aban como modelos<\/strong>. Realizaban desde campa\u00f1as publicitarias para marcas de ropa hasta desfiles de moda.<\/p>\n\n\n\n<p>Por lo que public\u00f3 en su Instagram,&nbsp;<strong>Micaela Trinidad&nbsp;<\/strong>hab\u00eda participado de algunos desfiles de moda durante el 2022, mientras que Mar\u00eda Josefina Ferrero se dedicaba mayormente al modelaje de indumentaria.<\/p>\n\n\n\n<figure class=\"wp-block-image\"><img decoding=\"async\" src=\"https:\/\/tn.com.ar\/resizer\/oAmzODSdUnzEmvy_eCZOdq7IO_8=\/767x0\/smart\/filters:format(webp)\/cloudfront-us-east-1.images.arcpublishing.com\/artear\/W53KC57OOVFERCPXGZIWOQIQR4.jpg\" alt=\"Micaela Trinidad (Izq.) y Josefina Ferrero (Der.) fallecieron en el tr\u00e1gico accidente en Punta del Este. (Foto: Instagram\/ josefina.ferrero).\"\/><figcaption>Micaela Trinidad (Izq.) y Josefina Ferrero (Der.) fallecieron en el tr\u00e1gico accidente en Punta del Este. (Foto: Instagram\/ josefina.ferrero).<\/figcaption><\/figure>\n\n\n\n<p>En cuanto a la evoluci\u00f3n de los heridos, la Jefatura de Polic\u00eda de Maldonado emiti\u00f3 un comunicado de prensa con el parte m\u00e9dico de cada uno de los internados el 9 de enero.&nbsp;<strong>Juan Pablo Centeno, que viajaba con Rocca,&nbsp;<\/strong>que permanece internado en terapia intensiva y su estado de salud es grave.<\/p>\n\n\n\n<figure class=\"wp-block-image\"><img decoding=\"async\" src=\"https:\/\/tn.com.ar\/resizer\/frZQXbT5-m-_zOeZkYbmgJr8Czc=\/767x0\/smart\/filters:format(webp)\/cloudfront-us-east-1.images.arcpublishing.com\/artear\/VUDATNNOBRGCZKG7ZS25E725QU.jpg\" alt=\"Camila Palacio est\u00e1 en terapia intensiva, con un cuadro estable. (Foto: Gonzalo Palacio)\"\/><figcaption>Camila Palacio est\u00e1 en terapia intensiva, con un cuadro estable. (Foto: Gonzalo Palacio)<\/figcaption><\/figure>\n\n\n\n<p>Camila Palacio, que viajaba con las modelos, fue trasladada a la Argentina e internada en&nbsp;<strong>terapia intensiva<\/strong>&nbsp;en el Sanatorio de la Trinidad. Se encuentra estable y necesita dadores de sangre para poder operarse.<\/p>\n\n\n\n<p><\/p>\n","protected":false},"excerpt":{"rendered":"<p>La polic\u00eda incaut\u00f3 dos bolsas con droga, pero no indic\u00f3 en qu\u00e9 veh\u00edculo. En el accidente fallecieron Micaela Trinidad y Josefina Ferrero. El conductor del otro auto hab\u00eda dado positivo&hellip; <\/p>\n","protected":false},"author":1,"featured_media":33169,"comment_status":"closed","ping_status":"open","sticky":false,"template":"","format":"standard","meta":{"footnotes":""},"categories":[33],"tags":[],"class_list":["post-33168","post","type-post","status-publish","format-standard","has-post-thumbnail","hentry","category-policiales"],"_links":{"self":[{"href":"https:\/\/corrientesdetarde.com\/index.php\/wp-json\/wp\/v2\/posts\/33168","targetHints":{"allow":["GET"]}}],"collection":[{"href":"https:\/\/corrientesdetarde.com\/index.php\/wp-json\/wp\/v2\/posts"}],"about":[{"href":"https:\/\/corrientesdetarde.com\/index.php\/wp-json\/wp\/v2\/types\/post"}],"author":[{"embeddable":true,"href":"https:\/\/corrientesdetarde.com\/index.php\/wp-json\/wp\/v2\/users\/1"}],"replies":[{"embeddable":true,"href":"https:\/\/corrientesdetarde.com\/index.php\/wp-json\/wp\/v2\/comments?post=33168"}],"version-history":[{"count":1,"href":"https:\/\/corrientesdetarde.com\/index.php\/wp-json\/wp\/v2\/posts\/33168\/revisions"}],"predecessor-version":[{"id":33170,"href":"https:\/\/corrientesdetarde.com\/index.php\/wp-json\/wp\/v2\/posts\/33168\/revisions\/33170"}],"wp:featuredmedia":[{"embeddable":true,"href":"https:\/\/corrientesdetarde.com\/index.php\/wp-json\/wp\/v2\/media\/33169"}],"wp:attachment":[{"href":"https:\/\/corrientesdetarde.com\/index.php\/wp-json\/wp\/v2\/media?parent=33168"}],"wp:term":[{"taxonomy":"category","embeddable":true,"href":"https:\/\/corrientesdetarde.com\/index.php\/wp-json\/wp\/v2\/categories?post=33168"},{"taxonomy":"post_tag","embeddable":true,"href":"https:\/\/corrientesdetarde.com\/index.php\/wp-json\/wp\/v2\/tags?post=33168"}],"curies":[{"name":"wp","href":"https:\/\/api.w.org\/{rel}","templated":true}]}}