{"id":33225,"date":"2023-01-13T10:35:36","date_gmt":"2023-01-13T13:35:36","guid":{"rendered":"https:\/\/corrientesdetarde.com\/?p=33225"},"modified":"2023-01-13T10:35:39","modified_gmt":"2023-01-13T13:35:39","slug":"ips-corrientes-aclaro-que-el-uso-de-barbijo-sera-recomendado-pero-no-obligatorio","status":"publish","type":"post","link":"https:\/\/corrientesdetarde.com\/index.php\/locales\/ips-corrientes-aclaro-que-el-uso-de-barbijo-sera-recomendado-pero-no-obligatorio\/","title":{"rendered":"IPS-Corrientes aclar\u00f3 que el uso de barbijo ser\u00e1 &#8220;recomendado&#8221; pero &#8220;no obligatorio&#8221;"},"content":{"rendered":"\n<p>El escribano Marcos Amarilla, Interventor del Instituto de Previsi\u00f3n Social de Corrientes, aclar\u00f3 a Radio Dos sobre el uso del barbijo en las instalaciones del organismo. &#8220;Vamos a recomendar el barbijo, pero no ser\u00e1 obligatorio&#8221;, aclar\u00f3 el funcionario. Ayer, desde las redes sociales del Gobierno, se inform\u00f3 sobre la obligatoriedad del uso en las oficinas -y las del Registro de la Propiedad- pero ahora la decisi\u00f3n es otra.<\/p>\n\n\n\n<p>FUENTE: LA DOS<\/p>\n","protected":false},"excerpt":{"rendered":"<p>El escribano Marcos Amarilla, Interventor del Instituto de Previsi\u00f3n Social de Corrientes, aclar\u00f3 a Radio Dos sobre el uso del barbijo en las instalaciones del organismo. &#8220;Vamos a recomendar el&hellip; <\/p>\n","protected":false},"author":1,"featured_media":33226,"comment_status":"closed","ping_status":"open","sticky":false,"template":"","format":"standard","meta":{"footnotes":""},"categories":[8],"tags":[],"class_list":["post-33225","post","type-post","status-publish","format-standard","has-post-thumbnail","hentry","category-locales"],"_links":{"self":[{"href":"https:\/\/corrientesdetarde.com\/index.php\/wp-json\/wp\/v2\/posts\/33225","targetHints":{"allow":["GET"]}}],"collection":[{"href":"https:\/\/corrientesdetarde.com\/index.php\/wp-json\/wp\/v2\/posts"}],"about":[{"href":"https:\/\/corrientesdetarde.com\/index.php\/wp-json\/wp\/v2\/types\/post"}],"author":[{"embeddable":true,"href":"https:\/\/corrientesdetarde.com\/index.php\/wp-json\/wp\/v2\/users\/1"}],"replies":[{"embeddable":true,"href":"https:\/\/corrientesdetarde.com\/index.php\/wp-json\/wp\/v2\/comments?post=33225"}],"version-history":[{"count":1,"href":"https:\/\/corrientesdetarde.com\/index.php\/wp-json\/wp\/v2\/posts\/33225\/revisions"}],"predecessor-version":[{"id":33227,"href":"https:\/\/corrientesdetarde.com\/index.php\/wp-json\/wp\/v2\/posts\/33225\/revisions\/33227"}],"wp:featuredmedia":[{"embeddable":true,"href":"https:\/\/corrientesdetarde.com\/index.php\/wp-json\/wp\/v2\/media\/33226"}],"wp:attachment":[{"href":"https:\/\/corrientesdetarde.com\/index.php\/wp-json\/wp\/v2\/media?parent=33225"}],"wp:term":[{"taxonomy":"category","embeddable":true,"href":"https:\/\/corrientesdetarde.com\/index.php\/wp-json\/wp\/v2\/categories?post=33225"},{"taxonomy":"post_tag","embeddable":true,"href":"https:\/\/corrientesdetarde.com\/index.php\/wp-json\/wp\/v2\/tags?post=33225"}],"curies":[{"name":"wp","href":"https:\/\/api.w.org\/{rel}","templated":true}]}}