{"id":33392,"date":"2023-01-14T08:12:50","date_gmt":"2023-01-14T11:12:50","guid":{"rendered":"https:\/\/corrientesdetarde.com\/?p=33392"},"modified":"2023-01-14T08:12:53","modified_gmt":"2023-01-14T11:12:53","slug":"emotiva-apertura-de-la-fiesta-del-chamame-con-homenaje-a-tarrago","status":"publish","type":"post","link":"https:\/\/corrientesdetarde.com\/index.php\/cultura\/emotiva-apertura-de-la-fiesta-del-chamame-con-homenaje-a-tarrago\/","title":{"rendered":"Emotiva apertura de la Fiesta del Chamam\u00e9 con homenaje a Tarrag\u00f3"},"content":{"rendered":"\n<p>Si bien ayer amaneci\u00f3 con lluvia sobre la capital correntina, la tarde apacible alent\u00f3 a los corazones de los correntinos amantes de su m\u00fasica litorale\u00f1a. La apertura extra\u00f1\u00f3 a Ellero en su caballo, pero vio al custodio de la Virgen en el escenario.<\/p>\n\n\n\n<p>El cielo hab\u00eda amenazado con agua. Y si bien algunas de las actividades previstas no pudieron concretarse, nada iba a impedir los primeros sapuk\u00e1i. Se la esperaba con mucha ansiedad. La primera jornada de la Fiesta Nacional del Chamam\u00e9 se vivi\u00f3 a pleno con el inicio de la celebraci\u00f3n del centenario del natalicio de Tarrag\u00f3 Ros a cargo de su hijo Antonio, quien cumpli\u00f3 la promesa de convertir al anfiteatro Cocomarola en un gigantesco baile rezo, con una fuerte exhortaci\u00f3n del m\u00fasico a cultivar esa relaci\u00f3n intima y personal con el g\u00e9nero.<\/p>\n\n\n\n<p>Claro que el momento emotivo fue cuando, aproximadamente a las 21, la Virgen Peregrina hizo su entrada a la fiesta, esta vez no fue cargada por Alfredo Ellero, que la esper\u00f3 sobre el escenario para ser parte de su entronizaci\u00f3n para la 32\u00b0 Fiesta Nacional.<\/p>\n\n\n\n<p>No pas\u00f3 desapercibido el evento con lugar de encuentro de los funcionarios que son responsables de la pol\u00edtica cultural de las provincias del Norte Grande, con la presencia del Ministro de esa cartera de la Naci\u00f3n, Trist\u00e1n Bauer, algo que desde hace un tiempo lamentablemente no se observaba.<\/p>\n\n\n\n<p>El funcionario resalt\u00f3 al chamam\u00e9 como elemento cultural integrador al dialogar con \u00e9poca, en una entrevista en la que estuvo acompa\u00f1ado del presidente del Instituto de Cultura de Corrientes, Gabriel Romero, y su par chaque\u00f1o Francisco Romero.<\/p>\n\n\n\n<p>Vale consignar que tambi\u00e9n estuvieron funcionarios del \u00e1rea de las provincias de Jujuy y se espera la visita del misionero Joselo Schuap.<\/p>\n\n\n\n<p>El predio del anfiteatro se llen\u00f3 de a poco, tal vez por la amenaza de la lluvia que trajo alivio al campo y redujo los riesgos de incendios.<\/p>\n\n\n\n<p>La fiesta sigue por nueve jornadas m\u00e1s y tambi\u00e9n en las bailantas y pe\u00f1as que se organizan con epicentro en el anfiteatro, con una cobertura especial de \u00e9poca, que se ve reflejada en las diferentes bailantas y pe\u00f1as que se celebran en el Puente Pexoa, San Cosme y distintos puntos de la capital.<\/p>\n","protected":false},"excerpt":{"rendered":"<p>Si bien ayer amaneci\u00f3 con lluvia sobre la capital correntina, la tarde apacible alent\u00f3 a los corazones de los correntinos amantes de su m\u00fasica litorale\u00f1a. La apertura extra\u00f1\u00f3 a Ellero&hellip; <\/p>\n","protected":false},"author":3,"featured_media":33393,"comment_status":"closed","ping_status":"open","sticky":false,"template":"","format":"standard","meta":{"footnotes":""},"categories":[15],"tags":[],"class_list":["post-33392","post","type-post","status-publish","format-standard","has-post-thumbnail","hentry","category-cultura"],"_links":{"self":[{"href":"https:\/\/corrientesdetarde.com\/index.php\/wp-json\/wp\/v2\/posts\/33392","targetHints":{"allow":["GET"]}}],"collection":[{"href":"https:\/\/corrientesdetarde.com\/index.php\/wp-json\/wp\/v2\/posts"}],"about":[{"href":"https:\/\/corrientesdetarde.com\/index.php\/wp-json\/wp\/v2\/types\/post"}],"author":[{"embeddable":true,"href":"https:\/\/corrientesdetarde.com\/index.php\/wp-json\/wp\/v2\/users\/3"}],"replies":[{"embeddable":true,"href":"https:\/\/corrientesdetarde.com\/index.php\/wp-json\/wp\/v2\/comments?post=33392"}],"version-history":[{"count":1,"href":"https:\/\/corrientesdetarde.com\/index.php\/wp-json\/wp\/v2\/posts\/33392\/revisions"}],"predecessor-version":[{"id":33394,"href":"https:\/\/corrientesdetarde.com\/index.php\/wp-json\/wp\/v2\/posts\/33392\/revisions\/33394"}],"wp:featuredmedia":[{"embeddable":true,"href":"https:\/\/corrientesdetarde.com\/index.php\/wp-json\/wp\/v2\/media\/33393"}],"wp:attachment":[{"href":"https:\/\/corrientesdetarde.com\/index.php\/wp-json\/wp\/v2\/media?parent=33392"}],"wp:term":[{"taxonomy":"category","embeddable":true,"href":"https:\/\/corrientesdetarde.com\/index.php\/wp-json\/wp\/v2\/categories?post=33392"},{"taxonomy":"post_tag","embeddable":true,"href":"https:\/\/corrientesdetarde.com\/index.php\/wp-json\/wp\/v2\/tags?post=33392"}],"curies":[{"name":"wp","href":"https:\/\/api.w.org\/{rel}","templated":true}]}}