{"id":33398,"date":"2023-01-14T08:17:01","date_gmt":"2023-01-14T11:17:01","guid":{"rendered":"https:\/\/corrientesdetarde.com\/?p=33398"},"modified":"2023-01-14T09:24:13","modified_gmt":"2023-01-14T12:24:13","slug":"penas-y-bailes-en-toda-la-ciudad","status":"publish","type":"post","link":"https:\/\/corrientesdetarde.com\/index.php\/informacion-general\/penas-y-bailes-en-toda-la-ciudad\/","title":{"rendered":"Pe\u00f1as y bailes en toda la ciudad"},"content":{"rendered":"\n<p>La Fiesta Nacional del Chamam\u00e9 tendr\u00e1 epicentro en el Cocomarola. Tambi\u00e9n habr\u00e1 espect\u00e1culos y bailantas en distintos puntos de la ciudad, como en La Unidad, en bares, pistas y plazas de diversos barrios.<\/p>\n\n\n\n<figure class=\"wp-block-image\"><img decoding=\"async\" src=\"https:\/\/www.diarioepoca.com\/content\/bucket\/0\/1274080w850h1873c.jpg.webp\" alt=\"\"\/><\/figure>\n\n\n\n<p><a target=\"_blank\" rel=\"noreferrer noopener\" href=\"https:\/\/api.whatsapp.com\/send?text=Pe%C3%B1as%20y%20bailes%20en%20toda%20la%20ciudad%20-%20https:\/\/www.diarioepoca.com\/1273165-penas-y-bailes-en-toda-la-ciudad?utm_source=WhatsApp%26utm_medium=WhatsApp%26utm_campaign=WhatsApp%26utm_term=WhatsApp\"><\/a><a href=\"https:\/\/www.diarioepoca.com\/1273165-penas-y-bailes-en-toda-la-ciudad#\"><\/a><a href=\"https:\/\/www.diarioepoca.com\/1273165-penas-y-bailes-en-toda-la-ciudad#\"><\/a><\/p>\n\n\n\n<p>Este a\u00f1o la 32\u00b0 Fiesta Nacional del Chamam\u00e9, 18\u00b0 del MERCOSUR y 2\u00b0 Celebraci\u00f3n Mundial llega tambi\u00e9n a todos los \u00e1mbitos de la ciudad de Corrientes. Desde el Instituto de Cultura organizaron un circuito de pe\u00f1as como las ya realizada en La Unidad y que tambi\u00e9n llegar\u00e1 a los barrios.<\/p>\n\n\n\n<p>En el predio de La Unidad -Ex Unidad Penal N\u00ba1-, otra tendr\u00e1 lugar en la pista San Jorge, a cargo de &#8220;Los hijos de los Barrios&#8221;, y se est\u00e1n preparando pe\u00f1as barriales, coordinadas por el m\u00fasico &#8220;Tono&#8221; Ben\u00edtez, en cuatro espacios p\u00fablicos: plazoleta Giachino, plazoleta San Marcelo, plazoleta del barrio Quintana y la plazoleta del MERCOSUR, en la rotonda de la Virgen.<\/p>\n\n\n\n<p>Habr\u00e1 pe\u00f1as en bares capitalinos. Ya confirmaron Santo Domingo y El Mariscal. Asimismo, preparan movidas similares en municipios del interior provincial.<\/p>\n\n\n\n<p>Vale recordar que en la Unidad se reprogramaron las actuaciones previstas para el jueves 12 que fueron dise\u00f1adas como La Previa de la fiesta para el fin de semana, la cita ser\u00e1 entonces hoy y ma\u00f1ana en el exedificio del servicio penitenciario de avenida 3 de Abril 57, que suma tambi\u00e9n propuestas gastron\u00f3micas para el disfrute de los asistentes.<\/p>\n\n\n\n<p>En este mismo predio se llevar\u00e1 adelante una pe\u00f1a con entrada libre y gratuita, los d\u00edas s\u00e1bado 14 y domingo 15, de 18 hasta las 22, como parte del circuito programado.<\/p>\n\n\n\n<p>Como ya se vivi\u00f3 los dos mi\u00e9rcoles anteriores para el 18 desde las 20 en el Boca Unidos Center en la Costanera Sur, continuar\u00e1 el &#8220;Ka\u2019aru Chamam\u00e9&#8221; (Atardecer en chamam\u00e9). Una bailanta chamamecera a la vera del r\u00edo, con acceso libre y gratuito, donde se podr\u00e1 disfrutar en vivo a La Pilarcita, Los Vecinos, Los G\u00fcepa Che y muchos otros.<\/p>\n\n\n\n<p>En este espacio actuar\u00e1n Roberto Robledo y los Chaque Che; Vicky S\u00e1nchez; Embajada Playadito con N\u00e9lida Argentina Zen\u00f3n; Tomas Zacarias y Naiara Ghent (ex acordeonista de Sele Vera).<\/p>\n\n\n\n<p>Todos espacios que forman parte de la Fiesta Grande, al igual que los ya tradicionales, como: &#8220;el Chamam\u00e9 con todos&#8221; que llegar\u00e1 a hospitales, asilos y contextos de encierro; las retretas chamameceras; las serenatas; el desfile de fuelles; la procesi\u00f3n n\u00e1utica; y distintas actividades que invitar\u00e1n al debate e intercambio entre los protagonistas de la Naci\u00f3n Chamamecera.<\/p>\n\n\n\n<h2 class=\"wp-block-heading\">Pe\u00f1a de &#8220;Los Barrios&#8221;<\/h2>\n\n\n\n<p>Tambi\u00e9n se suman espacios gestionados por artistas como la tradicional Pe\u00f1a de &#8220;Los barrios&#8221;, que tendr\u00e1 lugar hoy s\u00e1bado 14 y el 21 de enero, a partir de las 21, en la pista San Jorge (Ruta 12, ubicado detr\u00e1s de Arroz Danubio, 200 metros despu\u00e9s del acceso del barrio Pirayu\u00ed Nuevo). El acceso ser\u00e1 libre y gratuito, y contar\u00e1 con importantes grupos musicales.<\/p>\n\n\n\n<p>&#8220;Invitamos a todos a sumarse a esta pe\u00f1a, las dos noches vamos a estar los Hijos de los Barrios, para agasajar a toda la gente que venga de otros lugares para poder brindarles un poco de lo que se vive todos los fines de semana en las bailantas de Corrientes Capital&#8221;, anticip\u00f3 el m\u00fasico y cantante N\u00e9stor Barrios.<\/p>\n\n\n\n<h2 class=\"wp-block-heading\">Circuito barrial<\/h2>\n\n\n\n<p>Claro que como la m\u00fasica correntina tambi\u00e9n ech\u00f3 ra\u00edces en toda la capital, tambi\u00e9n sonar\u00e1 en los barrios con las pe\u00f1as lideradas por el m\u00fasico &#8220;Tono&#8221; Ben\u00edtez. En este caso, se desarrollar\u00e1n en cuatro espacios p\u00fablicos capitalinos, y en cada uno actuar\u00e1n un promedio de tres o cuatro conjuntos.<\/p>\n\n\n\n<p>Hoy, de 19 a 22:30, desembarcar\u00e1n en la plazoleta Giachino (General Paz y Reconquista); el domingo 15, en el mismo horario, en la plazoleta San Marcelo (avenida Medrano y Corcega); en tanto, el s\u00e1bado 21, ser\u00e1 el turno de la plazoleta del barrio Quintana (Medrano al Sur); y el cierre ser\u00e1 en la plazoleta del MERCOSUR, en las inmediaciones de la rotonda de la Virgen de Itat\u00ed.<\/p>\n","protected":false},"excerpt":{"rendered":"<p>La Fiesta Nacional del Chamam\u00e9 tendr\u00e1 epicentro en el Cocomarola. Tambi\u00e9n habr\u00e1 espect\u00e1culos y bailantas en distintos puntos de la ciudad, como en La Unidad, en bares, pistas y plazas&hellip; <\/p>\n","protected":false},"author":3,"featured_media":33393,"comment_status":"closed","ping_status":"open","sticky":false,"template":"","format":"standard","meta":{"footnotes":""},"categories":[1],"tags":[],"class_list":["post-33398","post","type-post","status-publish","format-standard","has-post-thumbnail","hentry","category-informacion-general"],"_links":{"self":[{"href":"https:\/\/corrientesdetarde.com\/index.php\/wp-json\/wp\/v2\/posts\/33398","targetHints":{"allow":["GET"]}}],"collection":[{"href":"https:\/\/corrientesdetarde.com\/index.php\/wp-json\/wp\/v2\/posts"}],"about":[{"href":"https:\/\/corrientesdetarde.com\/index.php\/wp-json\/wp\/v2\/types\/post"}],"author":[{"embeddable":true,"href":"https:\/\/corrientesdetarde.com\/index.php\/wp-json\/wp\/v2\/users\/3"}],"replies":[{"embeddable":true,"href":"https:\/\/corrientesdetarde.com\/index.php\/wp-json\/wp\/v2\/comments?post=33398"}],"version-history":[{"count":1,"href":"https:\/\/corrientesdetarde.com\/index.php\/wp-json\/wp\/v2\/posts\/33398\/revisions"}],"predecessor-version":[{"id":33399,"href":"https:\/\/corrientesdetarde.com\/index.php\/wp-json\/wp\/v2\/posts\/33398\/revisions\/33399"}],"wp:featuredmedia":[{"embeddable":true,"href":"https:\/\/corrientesdetarde.com\/index.php\/wp-json\/wp\/v2\/media\/33393"}],"wp:attachment":[{"href":"https:\/\/corrientesdetarde.com\/index.php\/wp-json\/wp\/v2\/media?parent=33398"}],"wp:term":[{"taxonomy":"category","embeddable":true,"href":"https:\/\/corrientesdetarde.com\/index.php\/wp-json\/wp\/v2\/categories?post=33398"},{"taxonomy":"post_tag","embeddable":true,"href":"https:\/\/corrientesdetarde.com\/index.php\/wp-json\/wp\/v2\/tags?post=33398"}],"curies":[{"name":"wp","href":"https:\/\/api.w.org\/{rel}","templated":true}]}}