{"id":33400,"date":"2023-01-14T09:02:09","date_gmt":"2023-01-14T12:02:09","guid":{"rendered":"https:\/\/corrientesdetarde.com\/?p=33400"},"modified":"2023-01-14T09:02:14","modified_gmt":"2023-01-14T12:02:14","slug":"la-fiesta-grande-inicia-su-tercera-semana-de-chamame-con-todos","status":"publish","type":"post","link":"https:\/\/corrientesdetarde.com\/index.php\/cultura\/la-fiesta-grande-inicia-su-tercera-semana-de-chamame-con-todos\/","title":{"rendered":"La Fiesta Grande inicia su tercera semana de &#8220;Chamam\u00e9 con todos&#8221;"},"content":{"rendered":"\n<p>Numerosas propuestas se incluir\u00e1n en la gran agenda art\u00edstica que acompa\u00f1a a la celebraci\u00f3n central. Charlas, bailantas, talleres y visita a distintos centros. &#8220;Queremos llevar la fiesta a toda la ciudad&#8221;, expresaron.<\/p>\n\n\n\n<p>Desde el 3 de enero, la 32\u00b0 Fiesta Nacional del Chamam\u00e9 (FNC) Inici\u00f3 su celebraci\u00f3n con propuestas que llevaron m\u00fasica, danza y poes\u00eda a numerosas instituciones. El lunes inicia la tercera semana de la propuesta festiva que incluye &#8220;de todo y es para todos&#8221;.<\/p>\n\n\n\n<figure class=\"wp-block-image\"><img decoding=\"async\" src=\"https:\/\/www.diarioepoca.com\/content\/bucket\/9\/1274109w762h642c.jpg.webp\" alt=\"\"\/><\/figure>\n\n\n\n<p>&#8220;Estas actividades est\u00e1n pensadas para que la Fiesta Nacional del Chamam\u00e9 sea un evento que es de todos y para todos&#8221;, explic\u00f3 el director de la FNC. Esta propuesta, que extiende la celebraci\u00f3n chamamecera a casi todo el mes de enero, la convierte en una de las Fiestas Nacionales del Folclore que m\u00e1s eventos propone y la m\u00e1s inclusiva. Esto sumado a que la celebraci\u00f3n en el anfiteatro Mario del Tr\u00e1nsito Cocomarola, con una grilla que incluye artistas de numerosas provincias argentinas y distintos pa\u00edses, la lleva a alcanzar nivel federal.<\/p>\n\n\n\n<figure class=\"wp-block-image\"><img decoding=\"async\" src=\"https:\/\/www.diarioepoca.com\/content\/bucket\/1\/1274111w726h800c.jpg.webp\" alt=\"\"\/><\/figure>\n\n\n\n<p>La agenda propone, para el lunes 16, una serenata sobre el r\u00edo Paran\u00e1. Desde las 21, distintos grupos actuar\u00e1n en el Club de Caza y pesca, Mbigu\u00e1 Mboy, con la participaci\u00f3n de Pablo Delvalle y Aldi Balestra. El martes, en tanto, se abre un espacio denominado &#8220;Almac\u00e9n del Chamam\u00e9&#8221;, a cargo del Ministerio de Coordinaci\u00f3n y Planificaci\u00f3n (25 de Mayo 1041).<\/p>\n\n\n\n<figure class=\"wp-block-image\"><img decoding=\"async\" src=\"https:\/\/www.diarioepoca.com\/content\/bucket\/0\/1274110w720h800c.jpg.webp\" alt=\"\"\/><figcaption>EL CICLO CONTINUAR\u00c1 VISITANDO INSTITUCIONES.<\/figcaption><\/figure>\n\n\n\n<p>Por la noche, a las 20, se realizar\u00e1 una intervenci\u00f3n art\u00edstica denominada &#8220;flashmobe&#8221; (acci\u00f3n de sorpresa), con una intervenci\u00f3n art\u00edstica de Fuelles en el Centenario Shopping Mall.<\/p>\n\n\n\n<p>Por otra parte, el mi\u00e9rcoles 18 se llevar\u00e1 a cavo la segunda propuesta de &#8220;Almac\u00e9n del Chamam\u00e9&#8221;.<\/p>\n\n\n\n<p>&#8220;El objetivo de promover las producciones art\u00edsticas y culturales de Corrientes y de ese modo propiciar la proyecci\u00f3n nacional e internacional del chamam\u00e9,&#8221;, expres\u00f3 S\u00edvori.<\/p>\n\n\n\n<p>El &#8220;Almac\u00e9n del Chamam\u00e9&#8221; es un espacio creado para generar intercambio de contactos y difundir producciones art\u00edsticas actuales, que convoca a un p\u00fablico especializado, conformado por diversos actores, vinculados con el sector de la m\u00fasica y del g\u00e9nero chamamecero, productores art\u00edsticos, programadores, gestores culturales, due\u00f1os de estudios discogr\u00e1ficos, sellos discogr\u00e1ficos, periodistas, entre otros representantes del sector cultural.<\/p>\n\n\n\n<figure class=\"wp-block-image\"><img decoding=\"async\" src=\"https:\/\/www.diarioepoca.com\/content\/bucket\/7\/1274107w250h800c.jpg.webp\" alt=\"\"\/><figcaption>DISTINTOS BALLETS SE SUMAN A LA MOVIDA SOLIDARIA.<\/figcaption><\/figure>\n","protected":false},"excerpt":{"rendered":"<p>Numerosas propuestas se incluir\u00e1n en la gran agenda art\u00edstica que acompa\u00f1a a la celebraci\u00f3n central. Charlas, bailantas, talleres y visita a distintos centros. &#8220;Queremos llevar la fiesta a toda la&hellip; <\/p>\n","protected":false},"author":3,"featured_media":33401,"comment_status":"closed","ping_status":"open","sticky":false,"template":"","format":"standard","meta":{"footnotes":""},"categories":[15],"tags":[],"class_list":["post-33400","post","type-post","status-publish","format-standard","has-post-thumbnail","hentry","category-cultura"],"_links":{"self":[{"href":"https:\/\/corrientesdetarde.com\/index.php\/wp-json\/wp\/v2\/posts\/33400","targetHints":{"allow":["GET"]}}],"collection":[{"href":"https:\/\/corrientesdetarde.com\/index.php\/wp-json\/wp\/v2\/posts"}],"about":[{"href":"https:\/\/corrientesdetarde.com\/index.php\/wp-json\/wp\/v2\/types\/post"}],"author":[{"embeddable":true,"href":"https:\/\/corrientesdetarde.com\/index.php\/wp-json\/wp\/v2\/users\/3"}],"replies":[{"embeddable":true,"href":"https:\/\/corrientesdetarde.com\/index.php\/wp-json\/wp\/v2\/comments?post=33400"}],"version-history":[{"count":1,"href":"https:\/\/corrientesdetarde.com\/index.php\/wp-json\/wp\/v2\/posts\/33400\/revisions"}],"predecessor-version":[{"id":33402,"href":"https:\/\/corrientesdetarde.com\/index.php\/wp-json\/wp\/v2\/posts\/33400\/revisions\/33402"}],"wp:featuredmedia":[{"embeddable":true,"href":"https:\/\/corrientesdetarde.com\/index.php\/wp-json\/wp\/v2\/media\/33401"}],"wp:attachment":[{"href":"https:\/\/corrientesdetarde.com\/index.php\/wp-json\/wp\/v2\/media?parent=33400"}],"wp:term":[{"taxonomy":"category","embeddable":true,"href":"https:\/\/corrientesdetarde.com\/index.php\/wp-json\/wp\/v2\/categories?post=33400"},{"taxonomy":"post_tag","embeddable":true,"href":"https:\/\/corrientesdetarde.com\/index.php\/wp-json\/wp\/v2\/tags?post=33400"}],"curies":[{"name":"wp","href":"https:\/\/api.w.org\/{rel}","templated":true}]}}