{"id":33648,"date":"2023-01-15T22:22:28","date_gmt":"2023-01-16T01:22:28","guid":{"rendered":"https:\/\/corrientesdetarde.com\/?p=33648"},"modified":"2023-01-15T22:22:32","modified_gmt":"2023-01-16T01:22:32","slug":"guerra-en-ucrania-deserto-un-exmercenario-ruso-y-prometio-revelar-todo-lo-que-vivio","status":"publish","type":"post","link":"https:\/\/corrientesdetarde.com\/index.php\/internacionales\/guerra-en-ucrania-deserto-un-exmercenario-ruso-y-prometio-revelar-todo-lo-que-vivio\/","title":{"rendered":"Guerra en Ucrania: desert\u00f3 un exmercenario ruso y prometi\u00f3 revelar todo lo que vivi\u00f3."},"content":{"rendered":"\n<h2 class=\"wp-block-heading\">El exjefe Andriy Medveded escap\u00f3 de Rusia y pidi\u00f3 asilo en Noruega. Prometi\u00f3 revelar secretos de las actividades de esta organizaci\u00f3n paramilitar.<\/h2>\n\n\n\n<p>Un excomandante de pelot\u00f3n del\u00a0grupo paramilitar Wagner\u00a0cruz\u00f3 ilegalmente la frontera ruso-noruega y solicit\u00f3 asilo en Oslo.<\/p>\n\n\n\n<p>Se trata de<strong>\u00a0Andriy Medvedev<\/strong>, un exjefe de los mercenarios liderados por\u00a0<strong>Yevgeny Prigozhin<\/strong>\u00a0que combaten en\u00a0Ucrania\u00a0junto a las tropas rusas.<\/p>\n\n\n\n<p>En Noruega&nbsp;<strong>se mostr\u00f3 dispuesto a revelar todas las actividades de ese grupo paramilitar y su jefe<\/strong>.<\/p>\n\n\n\n<h2 class=\"wp-block-heading\">C\u00f3mo fue el escape de Rusia de un excomandante del Grupo Wagner<\/h2>\n\n\n\n<p>Seg\u00fan&nbsp;<em>The Barents Observer<\/em>, Medvedev atraves\u00f3 la cerca de alambre de p\u00faas no lejos de la ciudad rusa de Nikel y cruz\u00f3 el r\u00edo congelado de Paskiv durante la madrugada del viernes pasado.<\/p>\n\n\n\n<p>El sitio noruego de noticias dijo que agentes fronterizos rusos le dispararon para evitar su huida. Sin embargo, el exjefe paramilitar logr\u00f3 llegar hasta una casa en el \u00e1rea de Skr\u00f8ytnes y fue detenido por guardias fronterizos noruegos. Finalmente, fue llevado a Oslo.<\/p>\n\n\n\n<figure class=\"wp-block-image\"><img decoding=\"async\" src=\"https:\/\/tn.com.ar\/resizer\/iTMWI9J68vUcNNKs7ojlJPaB7dM=\/767x0\/smart\/filters:format(webp)\/cloudfront-us-east-1.images.arcpublishing.com\/artear\/PAZ3HLXJ2FDXRGXCKORXACGKCA.jpg\" alt=\"El r\u00edo Pasvik forma la frontera entre Rusia y Noruega (Foto: The Barents Observer)\"\/><figcaption>El r\u00edo Pasvik forma la frontera entre Rusia y Noruega (Foto: The Barents Observer)<\/figcaption><\/figure>\n\n\n\n<p>Medvedev cont\u00f3 v\u00eda telef\u00f3nica al sitio de derechos humanos ruso&nbsp;<a href=\"http:\/\/gulagu.net\/\" target=\"_blank\" rel=\"noreferrer noopener\"><em>Gulagu.net<\/em><\/a>&nbsp;que fue seguido por agentes de inteligencia del FSB ruso. Seg\u00fan cont\u00f3, un grupo de ese organismo lo persigui\u00f3 siguiendo sus huellas en la nieve y le dispar\u00f3, pero sin dar en el blanco.<\/p>\n\n\n\n<p>Tras su llegada a Noruega, pidi\u00f3 asilo y fue trasladado a la capital.<\/p>\n\n\n\n<p>Seg\u00fan\u00a0<em>Gulagu.net<\/em>, esta es la primera vez que un excomandante de una de las unidades de la compa\u00f1\u00eda militar privada Wagner huye de Rusia hacia Europa. Adem\u00e1s, Medvedev dijo que\u00a0<strong>est\u00e1 dispuesto a testificar contra jefe del Grupo Wagner, Yevgeny Prigozhin<\/strong>.<\/p>\n\n\n\n<h2 class=\"wp-block-heading\">El desertor del Grupo Wagner dijo que fue obligado a extender su servicio<\/h2>\n\n\n\n<p>Medvedev se uni\u00f3 al grupo de Wagner en julio pasado. Despu\u00e9s de que termin\u00f3 el contrato de cuatro meses, dijo que se vio obligado a extender su servicio.<\/p>\n\n\n\n<p>Tras abandonar su unidad, lleg\u00f3 a Rusia y contact\u00f3 a activistas de derechos humanos.<\/p>\n\n\n\n<p>El excomandante del grupo Wagner asegur\u00f3 que los hombres de Prigozhin estaban intentando capturarlo porque ya en diciembre concedi\u00f3 una entrevista a los periodistas del diario online ruso&nbsp;<em>The Insider<\/em>, en la que habl\u00f3 sobre las ejecuciones y bajas del regimiento.<\/p>\n\n\n\n<p>Analistas afirman que el Grupo Wagner es una organizaci\u00f3n paramilitar privada cuyos miembros cobran un salario y cumplen siempre roles funcionales a los objetivos del gobierno de Putin. Varios miles de miembros de la organizaci\u00f3n combaten en Ucrania.\u00a0Muchos de ellos son reclusos a los que se prometi\u00f3 la libertad tras cumplir cuatro meses de servicio en la guerra.<\/p>\n\n\n\n<p><\/p>\n\n\n\n<p>Fuente: TN.<\/p>\n","protected":false},"excerpt":{"rendered":"<p>El exjefe Andriy Medveded escap\u00f3 de Rusia y pidi\u00f3 asilo en Noruega. Prometi\u00f3 revelar secretos de las actividades de esta organizaci\u00f3n paramilitar. Un excomandante de pelot\u00f3n del\u00a0grupo paramilitar Wagner\u00a0cruz\u00f3 ilegalmente&hellip; <\/p>\n","protected":false},"author":6,"featured_media":33653,"comment_status":"closed","ping_status":"open","sticky":false,"template":"","format":"standard","meta":{"footnotes":""},"categories":[11],"tags":[],"class_list":["post-33648","post","type-post","status-publish","format-standard","has-post-thumbnail","hentry","category-internacionales"],"_links":{"self":[{"href":"https:\/\/corrientesdetarde.com\/index.php\/wp-json\/wp\/v2\/posts\/33648","targetHints":{"allow":["GET"]}}],"collection":[{"href":"https:\/\/corrientesdetarde.com\/index.php\/wp-json\/wp\/v2\/posts"}],"about":[{"href":"https:\/\/corrientesdetarde.com\/index.php\/wp-json\/wp\/v2\/types\/post"}],"author":[{"embeddable":true,"href":"https:\/\/corrientesdetarde.com\/index.php\/wp-json\/wp\/v2\/users\/6"}],"replies":[{"embeddable":true,"href":"https:\/\/corrientesdetarde.com\/index.php\/wp-json\/wp\/v2\/comments?post=33648"}],"version-history":[{"count":1,"href":"https:\/\/corrientesdetarde.com\/index.php\/wp-json\/wp\/v2\/posts\/33648\/revisions"}],"predecessor-version":[{"id":33654,"href":"https:\/\/corrientesdetarde.com\/index.php\/wp-json\/wp\/v2\/posts\/33648\/revisions\/33654"}],"wp:featuredmedia":[{"embeddable":true,"href":"https:\/\/corrientesdetarde.com\/index.php\/wp-json\/wp\/v2\/media\/33653"}],"wp:attachment":[{"href":"https:\/\/corrientesdetarde.com\/index.php\/wp-json\/wp\/v2\/media?parent=33648"}],"wp:term":[{"taxonomy":"category","embeddable":true,"href":"https:\/\/corrientesdetarde.com\/index.php\/wp-json\/wp\/v2\/categories?post=33648"},{"taxonomy":"post_tag","embeddable":true,"href":"https:\/\/corrientesdetarde.com\/index.php\/wp-json\/wp\/v2\/tags?post=33648"}],"curies":[{"name":"wp","href":"https:\/\/api.w.org\/{rel}","templated":true}]}}