{"id":33693,"date":"2023-01-16T10:21:36","date_gmt":"2023-01-16T13:21:36","guid":{"rendered":"https:\/\/corrientesdetarde.com\/?p=33693"},"modified":"2023-01-16T10:21:40","modified_gmt":"2023-01-16T13:21:40","slug":"paso-de-la-patria-siguen-los-problemas-con-el-suministro-de-agua-en-el-medio-de-una-ocupacion-al-100","status":"publish","type":"post","link":"https:\/\/corrientesdetarde.com\/index.php\/locales\/paso-de-la-patria-siguen-los-problemas-con-el-suministro-de-agua-en-el-medio-de-una-ocupacion-al-100\/","title":{"rendered":"Paso de la Patria: siguen los problemas con el suministro de agua en el medio de una ocupaci\u00f3n al 100%"},"content":{"rendered":"\n<p>Si bien el suministro est\u00e1 normalizado para las zonas que cuentan con red de agua potable, prestadores tur\u00edsticos afirman que contin\u00faa la baja presi\u00f3n. Piden que la Provincia se haga cargo de las inversiones necesarias para mejorar el servicio.<\/p>\n\n\n\n<p>La villa tur\u00edstica por excelencia de la provincia registr\u00f3 este fin de semana una ocupaci\u00f3n de sus plazas hoteleras del 100%. Incluso, llegaron visitantes sin reservaciones previas en b\u00fasqueda de un lugar para pasar la noche. Prestadores de alojamientos festejaron la convocatoria, pero lamentaron que el problema con el suministro de agua contin\u00fae. Pidieron intervenci\u00f3n del Gobierno de la Provincia.<\/p>\n\n\n\n<p>Desde la Secretaria de Turismo de Paso de la Patria comentaron a \u00e9poca que la ocupaci\u00f3n lleg\u00f3 al 100% durante el fin de semana y estiman que ingresaron a la localidad m\u00e1s de 120.000 personas de todas partes del pa\u00eds.<\/p>\n\n\n\n<p>Por otra parte, el presidente de la C\u00e1mara de Prestadores de Servicios Tur\u00edsticos de Paso de la Patria (CAPRESTUR), Marcelo \u00c1valos, coincidi\u00f3 con los guarismo oficiales y acot\u00f3 que una gran cantidad de visitantes se quedaron sin alojamiento por la alta demanda. &#8220;Solo ayer (por el s\u00e1bado) tuve que rechazar 478 pedidos. Y de lunes a mi\u00e9rcoles, solo un 10% de la capacidad hotelera se libera&#8221;, dijo el referente de la instituci\u00f3n que nuclea a 6.000 locaciones.<\/p>\n\n\n\n<p>Bajo estas estad\u00edsticas apabullantes, \u00c1valos lament\u00f3 que la localidad no reciba m\u00e1s atenci\u00f3n, sobre todo con la problem\u00e1tica del agua. &#8220;La red nunca dej\u00f3 de proveer el suministro a aquellos que cuentan con el servicio. Sin embargo, nuestro verdadero problema es la baja presi\u00f3n y que s\u00f3lo un 35% de la poblaci\u00f3n accede al agua potable&#8221;, remarc\u00f3.<\/p>\n\n\n\n<p>Desde la CAPRESTUR afirman que la \u00fanica forma de evitar los problemas de baja presi\u00f3n o falta de agua en los alquileres de verano es contar con tanques de reserva y cisternas. &#8220;Afortunadamente, las locaciones registradas no tienen estos inconvenientes porque los propietarios hacen un importantes inversiones para colocar los sistemas&#8221;, resumi\u00f3.<\/p>\n\n\n\n<p>Vale recordar que la Comisi\u00f3n Vecinal de Saneamiento (COVESA) brinda el servicio en el Municipio hace 29 a\u00f1os. Y en el 2006 fue la \u00faltima vez que se realiz\u00f3 una inversi\u00f3n para ampliar el servicio, seg\u00fan su propio interventor, Jos\u00e9 Carlos Arcauz.<\/p>\n\n\n\n<p>&#8220;La \u00fanica soluci\u00f3n es que la planta reciba el apoyo econ\u00f3mico del Gobierno de la Provincia. Ni el Municipio, ni COVESA pueden encarar una inversi\u00f3n para mejorar el servicio&#8221;, opin\u00f3 \u00c1valos. A la vez que agreg\u00f3: &#8220;Guste m\u00e1s o menos, El Paso es la comuna que m\u00e1s turistas recibe de Corrientes. Pese a ello estamos olvidados y nos sentimos discriminados&#8221;.<\/p>\n\n\n\n<p>El interventor de COVESA asegur\u00f3 la semana pasada, en una entrevista con Radio Dos, que en la actualidad se lleva a cabo una inversi\u00f3n de $37 millones que van a repercutir en un 40% m\u00e1s de agua. Las mejoras se har\u00edan evidentes a principios de marzo. Y para mayo, iniciar\u00eda otra obra que concluir\u00eda para la temporada de verano 2023-2024.<\/p>\n","protected":false},"excerpt":{"rendered":"<p>Si bien el suministro est\u00e1 normalizado para las zonas que cuentan con red de agua potable, prestadores tur\u00edsticos afirman que contin\u00faa la baja presi\u00f3n. Piden que la Provincia se haga&hellip; <\/p>\n","protected":false},"author":4,"featured_media":33694,"comment_status":"closed","ping_status":"open","sticky":false,"template":"","format":"standard","meta":{"footnotes":""},"categories":[8],"tags":[],"class_list":["post-33693","post","type-post","status-publish","format-standard","has-post-thumbnail","hentry","category-locales"],"_links":{"self":[{"href":"https:\/\/corrientesdetarde.com\/index.php\/wp-json\/wp\/v2\/posts\/33693","targetHints":{"allow":["GET"]}}],"collection":[{"href":"https:\/\/corrientesdetarde.com\/index.php\/wp-json\/wp\/v2\/posts"}],"about":[{"href":"https:\/\/corrientesdetarde.com\/index.php\/wp-json\/wp\/v2\/types\/post"}],"author":[{"embeddable":true,"href":"https:\/\/corrientesdetarde.com\/index.php\/wp-json\/wp\/v2\/users\/4"}],"replies":[{"embeddable":true,"href":"https:\/\/corrientesdetarde.com\/index.php\/wp-json\/wp\/v2\/comments?post=33693"}],"version-history":[{"count":1,"href":"https:\/\/corrientesdetarde.com\/index.php\/wp-json\/wp\/v2\/posts\/33693\/revisions"}],"predecessor-version":[{"id":33695,"href":"https:\/\/corrientesdetarde.com\/index.php\/wp-json\/wp\/v2\/posts\/33693\/revisions\/33695"}],"wp:featuredmedia":[{"embeddable":true,"href":"https:\/\/corrientesdetarde.com\/index.php\/wp-json\/wp\/v2\/media\/33694"}],"wp:attachment":[{"href":"https:\/\/corrientesdetarde.com\/index.php\/wp-json\/wp\/v2\/media?parent=33693"}],"wp:term":[{"taxonomy":"category","embeddable":true,"href":"https:\/\/corrientesdetarde.com\/index.php\/wp-json\/wp\/v2\/categories?post=33693"},{"taxonomy":"post_tag","embeddable":true,"href":"https:\/\/corrientesdetarde.com\/index.php\/wp-json\/wp\/v2\/tags?post=33693"}],"curies":[{"name":"wp","href":"https:\/\/api.w.org\/{rel}","templated":true}]}}