{"id":33719,"date":"2023-01-16T11:43:36","date_gmt":"2023-01-16T14:43:36","guid":{"rendered":"https:\/\/corrientesdetarde.com\/?p=33719"},"modified":"2023-01-16T11:43:41","modified_gmt":"2023-01-16T14:43:41","slug":"murieron-5-personas-con-coronavirus-en-corrientes-durante-el-fin-de-semana","status":"publish","type":"post","link":"https:\/\/corrientesdetarde.com\/index.php\/informacion-general\/murieron-5-personas-con-coronavirus-en-corrientes-durante-el-fin-de-semana\/","title":{"rendered":"Murieron 5 personas con coronavirus en Corrientes durante el fin de semana"},"content":{"rendered":"\n<p>Este domingo murieron 2 personas, el s\u00e1bado una y el viernes otras 2. Esto eleva el total de fallecimientos en la provincia a 2.154.<\/p>\n\n\n\n<p>El informe epidemiol\u00f3gico de la provincia de Corrientes registr\u00f3 este lunes 8 nuevos casos positivos de Coronavirus, de los cuales 4 son de Capital, y 4 en el interior, al haberse analizado 497 muestras en las \u00faltimas 72 horas.<\/p>\n\n\n\n<p>Esto actualiza la cifra de casos activos en 69 y los acumulados en 197.443 en todo el territorio provincial, al 16 de enero de 2023, con 2.060.770 testeos realizados desde que inici\u00f3 la pandemia y 195.418 recuperados.<\/p>\n\n\n\n<p>Mientras que son 2.154 los fallecidos acumulados y 61 los actuales internados en el Hospital de Campa\u00f1a, con resultado positivo para Covid-19, estando ocupado el 3% de los respiradores y, adem\u00e1s, hubo 3 altas m\u00e9dicas y cinco fallecidos.<\/p>\n\n\n\n<p>Los nuevos casos son: 4 en la ciudad de Corrientes, 1 en Curuz\u00fa Cuati\u00e1, 2 en Pueblo Libertador, 1 en Virasoro.<\/p>\n\n\n\n<figure class=\"wp-block-embed is-type-rich is-provider-twitter wp-block-embed-twitter\"><div class=\"wp-block-embed__wrapper\">\n<blockquote class=\"twitter-tweet\" data-width=\"550\" data-dnt=\"true\"><p lang=\"es\" dir=\"ltr\">Parte oficial sobre la situaci\u00f3n del Coronavirus y Hospital de Campa\u00f1a de la provincia \ud83c\udfe5 <a href=\"https:\/\/t.co\/3zIZ96Q14E\">pic.twitter.com\/3zIZ96Q14E<\/a><\/p>&mdash; Ministerio de Salud P\u00fablica (@saludcorrientes) <a href=\"https:\/\/twitter.com\/saludcorrientes\/status\/1613891238721110016?ref_src=twsrc%5Etfw\">January 13, 2023<\/a><\/blockquote><script async src=\"https:\/\/platform.twitter.com\/widgets.js\" charset=\"utf-8\"><\/script>\n<\/div><\/figure>\n\n\n\n<h3 class=\"wp-block-heading\">Hospital de Campa\u00f1a<\/h3>\n\n\n\n<p>El Ministerio de Salud P\u00fablica inform\u00f3 el parte m\u00e9dico del Hospital de Campa\u00f1a &#8220;Escuela Hogar&#8221; de las \u00faltimas 24 horas, dando cuenta de la recuperaci\u00f3n de 3 personas que recibieron el alta m\u00e9dica, mientras que fallecieron 2 personas con resultado positivo para Covid-19.<\/p>\n\n\n\n<p>El informe emitido desde la instituci\u00f3n detalla que a la fecha (16 de enero), se encuentran internados 61 pacientes.<\/p>\n\n\n\n<p>Hay 44 pacientes con diagn\u00f3stico de Covid-19 en Sala de Cl\u00ednica General, cl\u00ednicamente estables.<\/p>\n\n\n\n<p>En la Unidad de Terapia Intensiva (UTI) hay 17 pacientes con diagn\u00f3stico de Covid-19, 9 con respiraci\u00f3n mec\u00e1nica asistida. Todos con pron\u00f3stico reservado.<\/p>\n\n\n\n<p>Se realizaron 52 atenciones en guardia, acumul\u00e1ndose 53.977.&nbsp;<\/p>\n\n\n\n<p>Fueron dados de alta 3 pacientes recuperados.<\/p>\n\n\n\n<p>En cuanto a los fallecidos con resultado positivo para Covid-19 de la fecha, se trata de dos hombres: de 96 y 52 a\u00f1os de Capital. Ambos con antecedentes de patolog\u00edas de base.<\/p>\n\n\n\n<p>El 14 de enero falleci\u00f3 1 mujer de 92 a\u00f1os de Goya con resultado positivo para Covid-19 y antecedentes de patolog\u00edas de base.<\/p>\n\n\n\n<p>El 15 de enero fallecieron 2 personas con resultado positivo para Condi-19: un hombre de 78 a\u00f1os de Capital y una mujer de 80 a\u00f1os de Ca\u00e1 Cat\u00ed. Ambos con antecedentes de patolog\u00edas de base.<\/p>\n\n\n\n<p>Est\u00e1 ocupado el 3 % de los respiradores.<\/p>\n","protected":false},"excerpt":{"rendered":"<p>Este domingo murieron 2 personas, el s\u00e1bado una y el viernes otras 2. Esto eleva el total de fallecimientos en la provincia a 2.154. El informe epidemiol\u00f3gico de la provincia&hellip; <\/p>\n","protected":false},"author":4,"featured_media":33720,"comment_status":"closed","ping_status":"open","sticky":false,"template":"","format":"standard","meta":{"footnotes":""},"categories":[1],"tags":[],"class_list":["post-33719","post","type-post","status-publish","format-standard","has-post-thumbnail","hentry","category-informacion-general"],"_links":{"self":[{"href":"https:\/\/corrientesdetarde.com\/index.php\/wp-json\/wp\/v2\/posts\/33719","targetHints":{"allow":["GET"]}}],"collection":[{"href":"https:\/\/corrientesdetarde.com\/index.php\/wp-json\/wp\/v2\/posts"}],"about":[{"href":"https:\/\/corrientesdetarde.com\/index.php\/wp-json\/wp\/v2\/types\/post"}],"author":[{"embeddable":true,"href":"https:\/\/corrientesdetarde.com\/index.php\/wp-json\/wp\/v2\/users\/4"}],"replies":[{"embeddable":true,"href":"https:\/\/corrientesdetarde.com\/index.php\/wp-json\/wp\/v2\/comments?post=33719"}],"version-history":[{"count":1,"href":"https:\/\/corrientesdetarde.com\/index.php\/wp-json\/wp\/v2\/posts\/33719\/revisions"}],"predecessor-version":[{"id":33721,"href":"https:\/\/corrientesdetarde.com\/index.php\/wp-json\/wp\/v2\/posts\/33719\/revisions\/33721"}],"wp:featuredmedia":[{"embeddable":true,"href":"https:\/\/corrientesdetarde.com\/index.php\/wp-json\/wp\/v2\/media\/33720"}],"wp:attachment":[{"href":"https:\/\/corrientesdetarde.com\/index.php\/wp-json\/wp\/v2\/media?parent=33719"}],"wp:term":[{"taxonomy":"category","embeddable":true,"href":"https:\/\/corrientesdetarde.com\/index.php\/wp-json\/wp\/v2\/categories?post=33719"},{"taxonomy":"post_tag","embeddable":true,"href":"https:\/\/corrientesdetarde.com\/index.php\/wp-json\/wp\/v2\/tags?post=33719"}],"curies":[{"name":"wp","href":"https:\/\/api.w.org\/{rel}","templated":true}]}}