{"id":33726,"date":"2023-01-16T12:09:04","date_gmt":"2023-01-16T15:09:04","guid":{"rendered":"https:\/\/corrientesdetarde.com\/?p=33726"},"modified":"2023-01-16T12:09:08","modified_gmt":"2023-01-16T15:09:08","slug":"violencia-de-genero-arrestan-a-un-policia-por-incendiar-la-casa-de-su-pareja","status":"publish","type":"post","link":"https:\/\/corrientesdetarde.com\/index.php\/crimen-y-justicia\/violencia-de-genero-arrestan-a-un-policia-por-incendiar-la-casa-de-su-pareja\/","title":{"rendered":"Violencia de g\u00e9nero: arrestan a un polic\u00eda por incendiar la casa de su pareja"},"content":{"rendered":"\n<p>La vivienda qued\u00f3 totalmente destruida por el fuego.\u00a0<\/p>\n\n\n\n<p>En un sorprendente hecho, la Unidad Fiscal de Goya a cargo de Francisco Arrue orden\u00f3 ayer la inmediata detenci\u00f3n de un suboficial de la Polic\u00eda de Corrientes, por prender fuego su casa, luego de mantener una discusi\u00f3n con su pareja, con quien tiene una nena en com\u00fan.<\/p>\n\n\n\n<figure class=\"wp-block-image\"><img decoding=\"async\" src=\"https:\/\/pxc.cdn.ellitoral.com.ar\/litoral\/012023\/1673835836288.webp?cw=960&amp;ch=891&amp;extw=jpg\" alt=\"Violencia de g\u00e9nero: arrestan a un polic\u00eda por incendiar la casa de su pareja\"\/><\/figure>\n\n\n\n<p>Fuentes policiales indicaron que el s\u00e1bado por la noche, la pareja mantuvo un fuerte cruce de palabras, tras lo cual el polic\u00eda, que presta servicios en la Unidad Regional II, se fue de la vivienda que compart\u00edan, en el barrio Santa Rita, en cercan\u00edas del Hospital Zonal.<\/p>\n\n\n\n<p>El hecho no acab\u00f3 en esa discusi\u00f3n, puesto que ayer a las 11, los vecinos lo vieron arrojar nafta con un bid\u00f3n por todo el lugar, tras lo cual prendi\u00f3 fuego y la casa en poco tiempo termin\u00f3 completamente destruida, indic\u00f3 a El Litoral el periodista goyano Juan Cruz Vel\u00e1zquez.<\/p>\n\n\n\n<figure class=\"wp-block-image\"><img decoding=\"async\" src=\"https:\/\/pxc.cdn.ellitoral.com.ar\/litoral\/012023\/1673835837269.webp?cw=1087&amp;ch=765&amp;extw=jpg\" alt=\"Violencia de g\u00e9nero: arrestan a un polic\u00eda por incendiar la casa de su pareja\"\/><\/figure>\n\n\n\n<p>La gente del lugar destac\u00f3 el hecho de que la mujer y su hija no se encontraban en ese momento en la casa, tras lo cual tom\u00f3 intervenci\u00f3n personal policial de la Comisar\u00eda Segunda quienes, por orden de la Fiscal\u00eda, procedieron a la detenci\u00f3n del suboficial. Se trasladaron hasta Goya, peritos de la Unidad Especial de Bomberos de la Polic\u00eda, quienes realizaron un informe sobre la causal del siniestro, que ser\u00e1n elevadas a la Justicia para el expediente que determinar\u00e1 el destino del funcionario policial.<\/p>\n","protected":false},"excerpt":{"rendered":"<p>La vivienda qued\u00f3 totalmente destruida por el fuego.\u00a0 En un sorprendente hecho, la Unidad Fiscal de Goya a cargo de Francisco Arrue orden\u00f3 ayer la inmediata detenci\u00f3n de un suboficial&hellip; <\/p>\n","protected":false},"author":4,"featured_media":33734,"comment_status":"closed","ping_status":"open","sticky":false,"template":"","format":"standard","meta":{"footnotes":""},"categories":[5],"tags":[],"class_list":["post-33726","post","type-post","status-publish","format-standard","has-post-thumbnail","hentry","category-crimen-y-justicia"],"_links":{"self":[{"href":"https:\/\/corrientesdetarde.com\/index.php\/wp-json\/wp\/v2\/posts\/33726","targetHints":{"allow":["GET"]}}],"collection":[{"href":"https:\/\/corrientesdetarde.com\/index.php\/wp-json\/wp\/v2\/posts"}],"about":[{"href":"https:\/\/corrientesdetarde.com\/index.php\/wp-json\/wp\/v2\/types\/post"}],"author":[{"embeddable":true,"href":"https:\/\/corrientesdetarde.com\/index.php\/wp-json\/wp\/v2\/users\/4"}],"replies":[{"embeddable":true,"href":"https:\/\/corrientesdetarde.com\/index.php\/wp-json\/wp\/v2\/comments?post=33726"}],"version-history":[{"count":1,"href":"https:\/\/corrientesdetarde.com\/index.php\/wp-json\/wp\/v2\/posts\/33726\/revisions"}],"predecessor-version":[{"id":33735,"href":"https:\/\/corrientesdetarde.com\/index.php\/wp-json\/wp\/v2\/posts\/33726\/revisions\/33735"}],"wp:featuredmedia":[{"embeddable":true,"href":"https:\/\/corrientesdetarde.com\/index.php\/wp-json\/wp\/v2\/media\/33734"}],"wp:attachment":[{"href":"https:\/\/corrientesdetarde.com\/index.php\/wp-json\/wp\/v2\/media?parent=33726"}],"wp:term":[{"taxonomy":"category","embeddable":true,"href":"https:\/\/corrientesdetarde.com\/index.php\/wp-json\/wp\/v2\/categories?post=33726"},{"taxonomy":"post_tag","embeddable":true,"href":"https:\/\/corrientesdetarde.com\/index.php\/wp-json\/wp\/v2\/tags?post=33726"}],"curies":[{"name":"wp","href":"https:\/\/api.w.org\/{rel}","templated":true}]}}