{"id":33727,"date":"2023-01-16T12:06:32","date_gmt":"2023-01-16T15:06:32","guid":{"rendered":"https:\/\/corrientesdetarde.com\/?p=33727"},"modified":"2023-01-16T13:05:35","modified_gmt":"2023-01-16T16:05:35","slug":"situacion-ignea-hay-un-solo-foco-de-incendio-en-la-provincia-registrado-en-alvear","status":"publish","type":"post","link":"https:\/\/corrientesdetarde.com\/index.php\/informacion-general\/situacion-ignea-hay-un-solo-foco-de-incendio-en-la-provincia-registrado-en-alvear\/","title":{"rendered":"Situaci\u00f3n \u00edgnea: hay un s\u00f3lo foco de incendio en la provincia, registrado en Alvear"},"content":{"rendered":"\n<p>El Comando Operativo de Emergencia (COE) de la provincia de Corrientes inform\u00f3 que este lunes 16 se registr\u00f3 un foco \u00edgneo en la localidad de Alvear.<\/p>\n\n\n\n<p>Cabe recordar que el COE, cuyas instalaciones se encuentran en el Ministerio de Seguridad, tiene como objetivo definir las distintas acciones para hacer frente a eventuales focos \u00edgneos y para su prevenci\u00f3n, con la implementaci\u00f3n de equipos de \u00faltima tecnolog\u00eda. Est\u00e1 conformado por miembros del Gobierno provincial, del nacional, la Polic\u00eda de Corrientes, Bomberos Voluntarios, Ej\u00e9rcito, Prefectura Naval, Cruz Roja Internacional y el sector privado.<\/p>\n\n\n\n<figure class=\"wp-block-image size-full\"><img loading=\"lazy\" decoding=\"async\" width=\"574\" height=\"872\" src=\"https:\/\/corrientesdetarde.com\/wp-content\/uploads\/2023\/01\/Captura-de-pantalla-2023-01-16-120508-1.png\" alt=\"\" class=\"wp-image-33732\" srcset=\"https:\/\/corrientesdetarde.com\/wp-content\/uploads\/2023\/01\/Captura-de-pantalla-2023-01-16-120508-1.png 574w, https:\/\/corrientesdetarde.com\/wp-content\/uploads\/2023\/01\/Captura-de-pantalla-2023-01-16-120508-1-197x300.png 197w\" sizes=\"auto, (max-width: 574px) 100vw, 574px\" \/><\/figure>\n","protected":false},"excerpt":{"rendered":"<p>El Comando Operativo de Emergencia (COE) de la provincia de Corrientes inform\u00f3 que este lunes 16 se registr\u00f3 un foco \u00edgneo en la localidad de Alvear. Cabe recordar que el&hellip; <\/p>\n","protected":false},"author":4,"featured_media":33728,"comment_status":"closed","ping_status":"open","sticky":false,"template":"","format":"standard","meta":{"footnotes":""},"categories":[1],"tags":[],"class_list":["post-33727","post","type-post","status-publish","format-standard","has-post-thumbnail","hentry","category-informacion-general"],"_links":{"self":[{"href":"https:\/\/corrientesdetarde.com\/index.php\/wp-json\/wp\/v2\/posts\/33727","targetHints":{"allow":["GET"]}}],"collection":[{"href":"https:\/\/corrientesdetarde.com\/index.php\/wp-json\/wp\/v2\/posts"}],"about":[{"href":"https:\/\/corrientesdetarde.com\/index.php\/wp-json\/wp\/v2\/types\/post"}],"author":[{"embeddable":true,"href":"https:\/\/corrientesdetarde.com\/index.php\/wp-json\/wp\/v2\/users\/4"}],"replies":[{"embeddable":true,"href":"https:\/\/corrientesdetarde.com\/index.php\/wp-json\/wp\/v2\/comments?post=33727"}],"version-history":[{"count":3,"href":"https:\/\/corrientesdetarde.com\/index.php\/wp-json\/wp\/v2\/posts\/33727\/revisions"}],"predecessor-version":[{"id":33733,"href":"https:\/\/corrientesdetarde.com\/index.php\/wp-json\/wp\/v2\/posts\/33727\/revisions\/33733"}],"wp:featuredmedia":[{"embeddable":true,"href":"https:\/\/corrientesdetarde.com\/index.php\/wp-json\/wp\/v2\/media\/33728"}],"wp:attachment":[{"href":"https:\/\/corrientesdetarde.com\/index.php\/wp-json\/wp\/v2\/media?parent=33727"}],"wp:term":[{"taxonomy":"category","embeddable":true,"href":"https:\/\/corrientesdetarde.com\/index.php\/wp-json\/wp\/v2\/categories?post=33727"},{"taxonomy":"post_tag","embeddable":true,"href":"https:\/\/corrientesdetarde.com\/index.php\/wp-json\/wp\/v2\/tags?post=33727"}],"curies":[{"name":"wp","href":"https:\/\/api.w.org\/{rel}","templated":true}]}}