{"id":33737,"date":"2023-01-16T12:47:19","date_gmt":"2023-01-16T15:47:19","guid":{"rendered":"https:\/\/corrientesdetarde.com\/?p=33737"},"modified":"2023-01-16T12:50:14","modified_gmt":"2023-01-16T15:50:14","slug":"corrientes-y-la-republica-del-paraguay-firmaron-un-acuerdo-para-fortalecer-el-intercambio-cultural","status":"publish","type":"post","link":"https:\/\/corrientesdetarde.com\/index.php\/locales\/corrientes-y-la-republica-del-paraguay-firmaron-un-acuerdo-para-fortalecer-el-intercambio-cultural\/","title":{"rendered":"Corrientes y la Rep\u00fablica del Paraguay firmaron un acuerdo para fortalecer el intercambio cultural"},"content":{"rendered":"\n<p>El presidente del Instituto de Cultura de Corrientes junto al Ministro de la Secretaria Nacional de Cultura de la Rep\u00fablica del Paraguay firmaron este lunes una carta de intenci\u00f3n de intercambio cultural con el objetivo de establecer un fluido relacionamiento y fortalecimiento de los intereses culturales de ambos pa\u00edses. A su vez, desde el Gobierno provincial se comprometieron en acompa\u00f1ar a Paraguay en la presentaci\u00f3n de la Guara\u00f1a para que sea considerada Patrimonio de la Humanidad.<\/p>\n\n\n\n<p>En horas de la ma\u00f1ana desde el Sal\u00f3n Verde de Casa de Gobierno, el presidente del Instituto de Cultura de Corrientes, Gabriel Romero, el vicegobernador de Corrientes, Pedro Braillard Poccard y el ministro secretario de Cultura de la Rep\u00fablica del Paraguay, Rub\u00e9n Capdevila, firmaron la carta de intenci\u00f3n que tiene como objetivo establecer las bases para lograr un fluido relacionamiento, promover planes, elaborar proyectos y programas de reactivaci\u00f3n, fortalecimiento y dinamizaci\u00f3n del territorio cultural compartiendo mediante la definici\u00f3n de temas para impulsar un objetivo en com\u00fan entre ambas partes.<\/p>\n\n\n\n<p>El documento firmado por las autoridades argentinas y paraguayas consta de 21 art\u00edculos donde destaca y fortalece la creaci\u00f3n de expertos, publicaciones de cooperaci\u00f3n bibliotecaria y presentaciones. Adem\u00e1s de la cooperaci\u00f3n en materia de museos y archiv\u00edstica, cinematogr\u00e1fica, entre otros.<\/p>\n\n\n\n<p><strong>Palabras de Gabriel Romero<\/strong><\/p>\n\n\n\n<p>Al momento de su alocuci\u00f3n, el presidente del Instituto de Cultura de Corrientes, Gabriel Romero resalt\u00f3 la firma de intenci\u00f3n diciendo: \u201cesto es una forma de formalizar un v\u00ednculo que ya ten\u00edamos y fuimos fortaleciendo en las \u00faltimas visitas que hicimos al Paraguay\u201d.<\/p>\n\n\n\n<p>A su vez, destac\u00f3 que el v\u00ednculo con el Paraguay \u201cse da de manera natural\u201d porque \u201cculturalmente estamos unidos y tenemos muchos objetivos en com\u00fan\u201d.<\/p>\n\n\n\n<p>Adem\u00e1s, agradeci\u00f3 la visita del ministro secretario de Cultura de la Rep\u00fablica del Paraguay que hoy por la noche asistir\u00e1 a la cuarta noche de la 32\u00b0 Fiesta Nacional del Chamam\u00e9.<\/p>\n\n\n\n<p>En consiguiente, Romero afirm\u00f3 que acompa\u00f1ar\u00e1n al pa\u00eds vecino en la postulaci\u00f3n de la Guara\u00f1a como Patrimonio de la Humanidad y agreg\u00f3: \u201cponemos a disposici\u00f3n la corta experiencia que nosotros tenemos para vincularnos con otros referentes que pueden dar insumos para esta postulaci\u00f3n\u201d. \u201cVamos a seguir fortaleciendo y trabajando para garantizar la uni\u00f3n de Corrientes con el Paraguay, porque es la madre de las ciudades\u201d, concluy\u00f3.<\/p>\n\n\n\n<p>A su turno, el vicegobernador, Pedro Braillard Poccard sostuvo que \u201ces un honor estar en representaci\u00f3n del Gobierno provincial para fortalecer los v\u00ednculos que son de por s\u00ed muy fuertes entre ambos pa\u00edses\u201d.<\/p>\n\n\n\n<p>\u201cTenemos un idioma madre que es el guaran\u00ed y estamos ac\u00e1 para acompa\u00f1ar\u201d, recalc\u00f3 y para concluir, dej\u00f3 en claro que acompa\u00f1ar\u00e1n \u201cpara que el g\u00e9nero del vecino pa\u00eds tambi\u00e9n tenga su distinci\u00f3n\u201d.<\/p>\n\n\n\n<p><strong>Representaci\u00f3n del Paraguay<\/strong><\/p>\n\n\n\n<p>Por su parte, el Ministro Secretario de Cultura, Rub\u00e9n Capdevila calific\u00f3 como \u201cun d\u00eda hist\u00f3rico\u201d la firma de intenci\u00f3n.<\/p>\n\n\n\n<p>\u201cEn estos tiempos pudimos concretar acuerdos con Gabriel Romero para planificar un trabajo en conjunto para tener una presencia en Corrientes y hoy lo estamos logrando\u201d, indic\u00f3 y a la vez, agradeci\u00f3 la oportunidad de ser parte de la Fiesta expresando: \u201cestamos teniendo una presencia institucional m\u00e1s fuerte con el objetivo de entrelazar Corrientes con Paraguay como tambi\u00e9n Argentina con Paraguay\u201d.<\/p>\n\n\n\n<p>Finalmente, Capdevilla dijo: \u201ctraemos el inter\u00e9s de impulsar a la Guara\u00f1a como Patrimonio de la Humanidad porque sabemos que no es f\u00e1cil, as\u00ed como no lo fue la postulaci\u00f3n del Chamam\u00e9 y por eso valorados el empuje que nos da Corrientes y Argentina para darnos a conocer\u201d.<\/p>\n\n\n\n<p><\/p>\n\n\n\n<figure class=\"wp-block-image size-large\"><img loading=\"lazy\" decoding=\"async\" width=\"1024\" height=\"687\" src=\"https:\/\/corrientesdetarde.com\/wp-content\/uploads\/2023\/01\/imagen-99370-1024x687.jpg\" alt=\"\" class=\"wp-image-33739\" srcset=\"https:\/\/corrientesdetarde.com\/wp-content\/uploads\/2023\/01\/imagen-99370-1024x687.jpg 1024w, https:\/\/corrientesdetarde.com\/wp-content\/uploads\/2023\/01\/imagen-99370-300x201.jpg 300w, https:\/\/corrientesdetarde.com\/wp-content\/uploads\/2023\/01\/imagen-99370-768x515.jpg 768w, https:\/\/corrientesdetarde.com\/wp-content\/uploads\/2023\/01\/imagen-99370-272x182.jpg 272w, https:\/\/corrientesdetarde.com\/wp-content\/uploads\/2023\/01\/imagen-99370.jpg 1409w\" sizes=\"auto, (max-width: 1024px) 100vw, 1024px\" \/><\/figure>\n","protected":false},"excerpt":{"rendered":"<p>El presidente del Instituto de Cultura de Corrientes junto al Ministro de la Secretaria Nacional de Cultura de la Rep\u00fablica del Paraguay firmaron este lunes una carta de intenci\u00f3n de&hellip; <\/p>\n","protected":false},"author":1,"featured_media":33738,"comment_status":"closed","ping_status":"open","sticky":false,"template":"","format":"standard","meta":{"footnotes":""},"categories":[15,8],"tags":[],"class_list":["post-33737","post","type-post","status-publish","format-standard","has-post-thumbnail","hentry","category-cultura","category-locales"],"_links":{"self":[{"href":"https:\/\/corrientesdetarde.com\/index.php\/wp-json\/wp\/v2\/posts\/33737","targetHints":{"allow":["GET"]}}],"collection":[{"href":"https:\/\/corrientesdetarde.com\/index.php\/wp-json\/wp\/v2\/posts"}],"about":[{"href":"https:\/\/corrientesdetarde.com\/index.php\/wp-json\/wp\/v2\/types\/post"}],"author":[{"embeddable":true,"href":"https:\/\/corrientesdetarde.com\/index.php\/wp-json\/wp\/v2\/users\/1"}],"replies":[{"embeddable":true,"href":"https:\/\/corrientesdetarde.com\/index.php\/wp-json\/wp\/v2\/comments?post=33737"}],"version-history":[{"count":2,"href":"https:\/\/corrientesdetarde.com\/index.php\/wp-json\/wp\/v2\/posts\/33737\/revisions"}],"predecessor-version":[{"id":33742,"href":"https:\/\/corrientesdetarde.com\/index.php\/wp-json\/wp\/v2\/posts\/33737\/revisions\/33742"}],"wp:featuredmedia":[{"embeddable":true,"href":"https:\/\/corrientesdetarde.com\/index.php\/wp-json\/wp\/v2\/media\/33738"}],"wp:attachment":[{"href":"https:\/\/corrientesdetarde.com\/index.php\/wp-json\/wp\/v2\/media?parent=33737"}],"wp:term":[{"taxonomy":"category","embeddable":true,"href":"https:\/\/corrientesdetarde.com\/index.php\/wp-json\/wp\/v2\/categories?post=33737"},{"taxonomy":"post_tag","embeddable":true,"href":"https:\/\/corrientesdetarde.com\/index.php\/wp-json\/wp\/v2\/tags?post=33737"}],"curies":[{"name":"wp","href":"https:\/\/api.w.org\/{rel}","templated":true}]}}