{"id":33841,"date":"2023-01-17T08:20:41","date_gmt":"2023-01-17T11:20:41","guid":{"rendered":"https:\/\/corrientesdetarde.com\/?p=33841"},"modified":"2023-01-17T08:20:45","modified_gmt":"2023-01-17T11:20:45","slug":"alberto-fernandez-busca-acercarse-a-kicillof-pero-el-gobernador-bonaerense-privilegia-su-alineamiento-con-cristina-kirchner","status":"publish","type":"post","link":"https:\/\/corrientesdetarde.com\/index.php\/nacionales\/alberto-fernandez-busca-acercarse-a-kicillof-pero-el-gobernador-bonaerense-privilegia-su-alineamiento-con-cristina-kirchner\/","title":{"rendered":"<strong>Alberto Fern\u00e1ndez busca acercarse a Kicillof, pero el gobernador bonaerense privilegia su alineamiento con Cristina Kirchner<\/strong>"},"content":{"rendered":"\n<p>El Presidente dise\u00f1\u00f3 una estrategia de campa\u00f1a destinada a robustecer su proyecto electoral y empuja un acuerdo interno con el mandatario provincial que es vetado por la vicepresidenta<\/p>\n\n\n\n<p>Alberto Fern\u00e1ndez dise\u00f1\u00f3 una estrategia de campa\u00f1a para sumar a Axel Kicillof en su proyecto de reelecci\u00f3n presidencial.&nbsp;<strong>Nunca fue f\u00e1cil la relaci\u00f3n pol\u00edtica y personal entre el jefe de Estado y el gobernador de la Provincia de Buenos Aires,<\/strong>&nbsp;pero se trata de preservar el control de la Casa Rosada por cuatro a\u00f1os m\u00e1s.<\/p>\n\n\n\n<p>Kicillof tambi\u00e9n busca su reelecci\u00f3n y compite con Mart\u00edn Insaurralde, su jefe de Gabinete y aliado de M\u00e1ximo Kirchner. El l\u00edder de la C\u00e1mpora tom\u00f3 distancia de Kicillof y su candidato es Insaurralde. Esta decisi\u00f3n electoral de M\u00e1ximo Kirchner transform\u00f3 a la Plata en el Vaticano de Rodrigo Borgia.<\/p>\n\n\n\n<p>En ese escenario palaciego,&nbsp;<strong>Alberto Fern\u00e1ndez asumi\u00f3 que pod\u00eda incluir al gobernador bonaerense en su maquinaria electoral.&nbsp;<\/strong>El c\u00e1lculo presidencial es f\u00e1cil de explicar: M\u00e1ximo es un adversario politico de la Casa Rosada, y el jefe de Estado necesita al mandatario provincial para hacer una campa\u00f1a efectiva en Buenos Aires. Si La C\u00e1mpora juega en contra de Kicillof, Alberto Fern\u00e1ndez jugar\u00eda a su favor.<\/p>\n\n\n\n<p>El gobernador bonaerense rechaza esa aritm\u00e9tica pol\u00edtica.&nbsp;<strong>Kicillof est\u00e1 alineado con Cristina Fern\u00e1ndez de Kirchner y desconf\u00eda de las decisiones de Alberto Fern\u00e1ndez.<\/strong>&nbsp;A\u00fan est\u00e1 sorprendido por la actitud final que el presidente tom\u00f3 frente al fallo de la Corte Suprema que reconoce los derechos de coparticipaci\u00f3n de la Ciudad de Buenos Aires.<\/p>\n\n\n\n<p>En ese escenario palaciego,&nbsp;<strong>Alberto Fern\u00e1ndez asumi\u00f3 que pod\u00eda incluir al gobernador bonaerense en su maquinaria electoral.&nbsp;<\/strong>El c\u00e1lculo presidencial es f\u00e1cil de explicar: M\u00e1ximo es un adversario politico de la Casa Rosada, y el jefe de Estado necesita al mandatario provincial para hacer una campa\u00f1a efectiva en Buenos Aires. Si La C\u00e1mpora juega en contra de Kicillof, Alberto Fern\u00e1ndez jugar\u00eda a su favor.<\/p>\n\n\n\n<p>El gobernador bonaerense rechaza esa aritm\u00e9tica pol\u00edtica.&nbsp;<strong>Kicillof est\u00e1 alineado con Cristina Fern\u00e1ndez de Kirchner y desconf\u00eda de las decisiones de Alberto Fern\u00e1ndez.<\/strong>&nbsp;A\u00fan est\u00e1 sorprendido por la actitud final que el presidente tom\u00f3 frente al fallo de la Corte Suprema que reconoce los derechos de coparticipaci\u00f3n de la Ciudad de Buenos Aires.<\/p>\n\n\n\n<p>Las declaraciones de Kicillof tienen dos mensajes encriptados. Primero, el gobernador le pide al presidente que convoque a una mesa de di\u00e1logo, un reclamo en la coalici\u00f3n oficialista que Alberto Fern\u00e1ndez ya descart\u00f3. Segundo, Kicillof sabe que no habr\u00e1 mesa de di\u00e1logo y esa es su coartada para justificar su rechazo a la iniciativa electoral del jefe de Estado. Es decir:&nbsp;<strong>La Trampa 22 en versi\u00f3n peronismo bonaerense.<\/strong><\/p>\n\n\n\n<p>A diferencia de Alberto Fern\u00e1ndez, el gobernador tiene una relaci\u00f3n fluida y cordial con Sergio Massa, que dialoga con Cristina de manera sistem\u00e1tica. El ministro de Econom\u00eda no quiere ser candidato presidencial, pero su nombre aparece en todas las listas del kirchnerismo y La C\u00e1mpora.<\/p>\n\n\n\n<p><strong>CFK ya baj\u00f3 el pulgar al jefe de Estado y no har\u00e1 nada para facilitar su campa\u00f1a electoral.<\/strong>&nbsp;Ella maneja la provincia de Buenos Aires y Alberto Fern\u00e1ndez tendr\u00e1 muchas dificultades para&nbsp;<em>caminar<\/em>&nbsp;el principal distrito del pa\u00eds. Su \u00fanica posibilidad, explicaban anoche en las cercan\u00edas de Kicillof, es que se avenga a reconocer el liderazgo de la vicepresidenta.<\/p>\n\n\n\n<p><strong>\u201cNi en sue\u00f1os. Eso no va a suceder\u201d,<\/strong>&nbsp;replicaron en Balcarce 50<\/p>\n","protected":false},"excerpt":{"rendered":"<p>El Presidente dise\u00f1\u00f3 una estrategia de campa\u00f1a destinada a robustecer su proyecto electoral y empuja un acuerdo interno con el mandatario provincial que es vetado por la vicepresidenta Alberto Fern\u00e1ndez&hellip; <\/p>\n","protected":false},"author":7,"featured_media":33850,"comment_status":"closed","ping_status":"open","sticky":false,"template":"","format":"standard","meta":{"footnotes":""},"categories":[10],"tags":[],"class_list":["post-33841","post","type-post","status-publish","format-standard","has-post-thumbnail","hentry","category-nacionales"],"_links":{"self":[{"href":"https:\/\/corrientesdetarde.com\/index.php\/wp-json\/wp\/v2\/posts\/33841","targetHints":{"allow":["GET"]}}],"collection":[{"href":"https:\/\/corrientesdetarde.com\/index.php\/wp-json\/wp\/v2\/posts"}],"about":[{"href":"https:\/\/corrientesdetarde.com\/index.php\/wp-json\/wp\/v2\/types\/post"}],"author":[{"embeddable":true,"href":"https:\/\/corrientesdetarde.com\/index.php\/wp-json\/wp\/v2\/users\/7"}],"replies":[{"embeddable":true,"href":"https:\/\/corrientesdetarde.com\/index.php\/wp-json\/wp\/v2\/comments?post=33841"}],"version-history":[{"count":1,"href":"https:\/\/corrientesdetarde.com\/index.php\/wp-json\/wp\/v2\/posts\/33841\/revisions"}],"predecessor-version":[{"id":33851,"href":"https:\/\/corrientesdetarde.com\/index.php\/wp-json\/wp\/v2\/posts\/33841\/revisions\/33851"}],"wp:featuredmedia":[{"embeddable":true,"href":"https:\/\/corrientesdetarde.com\/index.php\/wp-json\/wp\/v2\/media\/33850"}],"wp:attachment":[{"href":"https:\/\/corrientesdetarde.com\/index.php\/wp-json\/wp\/v2\/media?parent=33841"}],"wp:term":[{"taxonomy":"category","embeddable":true,"href":"https:\/\/corrientesdetarde.com\/index.php\/wp-json\/wp\/v2\/categories?post=33841"},{"taxonomy":"post_tag","embeddable":true,"href":"https:\/\/corrientesdetarde.com\/index.php\/wp-json\/wp\/v2\/tags?post=33841"}],"curies":[{"name":"wp","href":"https:\/\/api.w.org\/{rel}","templated":true}]}}