{"id":33961,"date":"2023-01-17T12:04:04","date_gmt":"2023-01-17T15:04:04","guid":{"rendered":"https:\/\/corrientesdetarde.com\/?p=33961"},"modified":"2023-01-17T12:04:07","modified_gmt":"2023-01-17T15:04:07","slug":"ultima-bailanta-atardecer-en-chamame-a-la-vera-del-rio-parana","status":"publish","type":"post","link":"https:\/\/corrientesdetarde.com\/index.php\/cultura\/ultima-bailanta-atardecer-en-chamame-a-la-vera-del-rio-parana\/","title":{"rendered":"\u00daltima bailanta \u201cAtardecer en Chamame\u201d a la vera del r\u00edo Paran\u00e1"},"content":{"rendered":"\n<h1 class=\"wp-block-heading\"><\/h1>\n\n\n\n<h4 class=\"wp-block-heading\" id=\"block-56422e7b-8f1d-4c4c-8efa-8df2fdbbe8bf\"><strong>Este mi\u00e9rcoles 18 de enero se vivir\u00e1 la tercera y \u00faltima bailanta en el Boca Unidos Center, actividad enmarcada en la 32\u00b0 Fiesta Nacional del Chamam\u00e9.<br>El vicegobernador, Pedro Braillard Poccard, junto al Instituto de Cultura invitan a compartir un encuentro de m\u00fasica y baile para los correntinos y turistas que quieran disfrutar de una \u201cenchamigada\u201d, por medio de una Bailanta Chamamecera en Boca Unidos Center, ubicado en Costanera Sur de la Capital provincial.<br>Ya se vivieron dos mi\u00e9rcoles de bailanta con un marco de p\u00fablico que acompa\u00f1\u00f3 los distintos artistas invitados. \u201cEl chamam\u00e9 fue creciendo en prestigio a trav\u00e9s del tiempo en toda la Argentina; gracias al permanente y persistente trabajo de nuestros m\u00fasicos, de nuestros poetas, fue avanzando a trav\u00e9s del tiempo, permiti\u00f3 que se valorizara cada vez m\u00e1s nuestra m\u00fasica, traspasando las fronteras de la Argentina, y como siempre digo: la Fiesta del Chamam\u00e9, todas las fiestas y las actividades que se organizan en torno a ella, son el regalo que Corrientes le hace a la Argentina y al mundo\u201d, destac\u00f3 en la oportunidad pasada el vicegobernador Braillard Poccard.<br>La danza, como la m\u00fasica, es identidad genuina del g\u00e9nero litorale\u00f1o y como expresi\u00f3n de nuestra m\u00e1xima Fiesta cultural. Desde las 20 horas, con acceso libre y gratuito, subir\u00e1n al escenario Roberto Robledo y Chaque Che, Vicky S\u00e1nchez, Embajada Playadito con N\u00e9lida Argentina Zen\u00f3n, Tom\u00e1s Zacar\u00edas y Naiara Ghent.<\/strong><\/h4>\n","protected":false},"excerpt":{"rendered":"<p>Este mi\u00e9rcoles 18 de enero se vivir\u00e1 la tercera y \u00faltima bailanta en el Boca Unidos Center, actividad enmarcada en la 32\u00b0 Fiesta Nacional del Chamam\u00e9.El vicegobernador, Pedro Braillard Poccard,&hellip; <\/p>\n","protected":false},"author":1,"featured_media":33962,"comment_status":"closed","ping_status":"open","sticky":false,"template":"","format":"standard","meta":{"footnotes":""},"categories":[15],"tags":[],"class_list":["post-33961","post","type-post","status-publish","format-standard","has-post-thumbnail","hentry","category-cultura"],"_links":{"self":[{"href":"https:\/\/corrientesdetarde.com\/index.php\/wp-json\/wp\/v2\/posts\/33961","targetHints":{"allow":["GET"]}}],"collection":[{"href":"https:\/\/corrientesdetarde.com\/index.php\/wp-json\/wp\/v2\/posts"}],"about":[{"href":"https:\/\/corrientesdetarde.com\/index.php\/wp-json\/wp\/v2\/types\/post"}],"author":[{"embeddable":true,"href":"https:\/\/corrientesdetarde.com\/index.php\/wp-json\/wp\/v2\/users\/1"}],"replies":[{"embeddable":true,"href":"https:\/\/corrientesdetarde.com\/index.php\/wp-json\/wp\/v2\/comments?post=33961"}],"version-history":[{"count":1,"href":"https:\/\/corrientesdetarde.com\/index.php\/wp-json\/wp\/v2\/posts\/33961\/revisions"}],"predecessor-version":[{"id":33963,"href":"https:\/\/corrientesdetarde.com\/index.php\/wp-json\/wp\/v2\/posts\/33961\/revisions\/33963"}],"wp:featuredmedia":[{"embeddable":true,"href":"https:\/\/corrientesdetarde.com\/index.php\/wp-json\/wp\/v2\/media\/33962"}],"wp:attachment":[{"href":"https:\/\/corrientesdetarde.com\/index.php\/wp-json\/wp\/v2\/media?parent=33961"}],"wp:term":[{"taxonomy":"category","embeddable":true,"href":"https:\/\/corrientesdetarde.com\/index.php\/wp-json\/wp\/v2\/categories?post=33961"},{"taxonomy":"post_tag","embeddable":true,"href":"https:\/\/corrientesdetarde.com\/index.php\/wp-json\/wp\/v2\/tags?post=33961"}],"curies":[{"name":"wp","href":"https:\/\/api.w.org\/{rel}","templated":true}]}}