{"id":33982,"date":"2023-01-17T14:24:31","date_gmt":"2023-01-17T17:24:31","guid":{"rendered":"https:\/\/corrientesdetarde.com\/?p=33982"},"modified":"2023-01-17T14:24:34","modified_gmt":"2023-01-17T17:24:34","slug":"tassano-anuncio-el-pago-de-la-primera-partedel-bono-de-fin-de-ano-y-el-plus-extraordinario","status":"publish","type":"post","link":"https:\/\/corrientesdetarde.com\/index.php\/locales\/tassano-anuncio-el-pago-de-la-primera-partedel-bono-de-fin-de-ano-y-el-plus-extraordinario\/","title":{"rendered":"<strong>Tassano anunci\u00f3 el pago de la primera parte<br>del bono de fin de a\u00f1o y el plus extraordinario<\/strong>"},"content":{"rendered":"\n<p><em>Los trabajadores de planta y contrato y los agentes Neike bancarizados cobrar\u00e1n este mi\u00e9rcoles 18. Por su parte, los Neike no bancarizados lo har\u00e1n por terminaci\u00f3n del DNI, desde el 18 y hasta el viernes 20, en la Caja Municipal de Pr\u00e9stamos.<\/em><\/p>\n\n\n\n<p>Este mi\u00e9rcoles 18, la Municipalidad de Corrientes iniciar\u00e1 el pago de la primera parte del bono de fin de a\u00f1o junto con el plus extraordinario, para todo el personal, seg\u00fan inform\u00f3 el intendente Eduardo Tassano.<br>Los trabajadores de planta y contrato y los agentes Neike bancarizados tendr\u00e1n depositados los pagos en sus respectivas cuentas bancarias el mi\u00e9rcoles 18, dinero al que podr\u00e1n acceder extray\u00e9ndolo a trav\u00e9s de los cajeros autom\u00e1ticos habilitados.<br>Por su parte, aquellos trabajadores Neike que no est\u00e1n bancarizados deber\u00e1n dirigirse a la Caja Municipal de Pr\u00e9stamos (CMP), en su sede central, ubicada en Brasil 1269. Los pagos se realizan de lunes a viernes, de 7.30 a 12.30 y de 16 a 20.30.<br>En este caso, este mi\u00e9rcoles 18 les corresponder\u00e1 cobrar a los trabajadores cuyos DNI terminen en 0, 1 y 2; el jueves 19, a los agentes con DNI finalizados en 3, 4, 5 y 6; y el viernes 20, a los que tengan documentos que culminen en 7, 8 y 9.<br><br>REFUERZO ECON\u00d3MICO DE FIN DE A\u00d1O<br>De acuerdo con lo anunciado oportunamente por el intendente, el refuerzo econ\u00f3mico de fin de a\u00f1o se llevar\u00e1 adelante, de forma extraordinaria, mediante dos pagos: en enero y en febrero. Esa medida est\u00e1 conformada por el bono de fin de a\u00f1o, que asciende a 40.000 pesos, a abonarse $ 20.000 desde este mi\u00e9rcoles y $ 20.000 en febrero; a lo que se agrega la continuidad del plus especial de $ 5.000 (que hab\u00eda iniciado en septiembre y que, en consecuencia, finalizaba en diciembre), que continuar\u00e1 erog\u00e1ndose durante dos meses m\u00e1s. De esta manera, se llega a una sumatoria total de $ 50.000, cifra que llegar\u00e1 al bolsillo de los municipales.<\/p>\n\n\n\n<figure class=\"wp-block-image size-large\"><img loading=\"lazy\" decoding=\"async\" width=\"768\" height=\"1024\" src=\"https:\/\/corrientesdetarde.com\/wp-content\/uploads\/2023\/01\/711d8fcd-4c1d-aaab-37f9-9827fa2aaca0-768x1024.jpeg\" alt=\"\" class=\"wp-image-33985\" srcset=\"https:\/\/corrientesdetarde.com\/wp-content\/uploads\/2023\/01\/711d8fcd-4c1d-aaab-37f9-9827fa2aaca0-768x1024.jpeg 768w, https:\/\/corrientesdetarde.com\/wp-content\/uploads\/2023\/01\/711d8fcd-4c1d-aaab-37f9-9827fa2aaca0-225x300.jpeg 225w, https:\/\/corrientesdetarde.com\/wp-content\/uploads\/2023\/01\/711d8fcd-4c1d-aaab-37f9-9827fa2aaca0-1152x1536.jpeg 1152w, https:\/\/corrientesdetarde.com\/wp-content\/uploads\/2023\/01\/711d8fcd-4c1d-aaab-37f9-9827fa2aaca0.jpeg 1192w\" sizes=\"auto, (max-width: 768px) 100vw, 768px\" \/><\/figure>\n\n\n\n<p><\/p>\n","protected":false},"excerpt":{"rendered":"<p>Los trabajadores de planta y contrato y los agentes Neike bancarizados cobrar\u00e1n este mi\u00e9rcoles 18. Por su parte, los Neike no bancarizados lo har\u00e1n por terminaci\u00f3n del DNI, desde el&hellip; <\/p>\n","protected":false},"author":1,"featured_media":33983,"comment_status":"closed","ping_status":"open","sticky":false,"template":"","format":"standard","meta":{"footnotes":""},"categories":[8],"tags":[],"class_list":["post-33982","post","type-post","status-publish","format-standard","has-post-thumbnail","hentry","category-locales"],"_links":{"self":[{"href":"https:\/\/corrientesdetarde.com\/index.php\/wp-json\/wp\/v2\/posts\/33982","targetHints":{"allow":["GET"]}}],"collection":[{"href":"https:\/\/corrientesdetarde.com\/index.php\/wp-json\/wp\/v2\/posts"}],"about":[{"href":"https:\/\/corrientesdetarde.com\/index.php\/wp-json\/wp\/v2\/types\/post"}],"author":[{"embeddable":true,"href":"https:\/\/corrientesdetarde.com\/index.php\/wp-json\/wp\/v2\/users\/1"}],"replies":[{"embeddable":true,"href":"https:\/\/corrientesdetarde.com\/index.php\/wp-json\/wp\/v2\/comments?post=33982"}],"version-history":[{"count":1,"href":"https:\/\/corrientesdetarde.com\/index.php\/wp-json\/wp\/v2\/posts\/33982\/revisions"}],"predecessor-version":[{"id":33986,"href":"https:\/\/corrientesdetarde.com\/index.php\/wp-json\/wp\/v2\/posts\/33982\/revisions\/33986"}],"wp:featuredmedia":[{"embeddable":true,"href":"https:\/\/corrientesdetarde.com\/index.php\/wp-json\/wp\/v2\/media\/33983"}],"wp:attachment":[{"href":"https:\/\/corrientesdetarde.com\/index.php\/wp-json\/wp\/v2\/media?parent=33982"}],"wp:term":[{"taxonomy":"category","embeddable":true,"href":"https:\/\/corrientesdetarde.com\/index.php\/wp-json\/wp\/v2\/categories?post=33982"},{"taxonomy":"post_tag","embeddable":true,"href":"https:\/\/corrientesdetarde.com\/index.php\/wp-json\/wp\/v2\/tags?post=33982"}],"curies":[{"name":"wp","href":"https:\/\/api.w.org\/{rel}","templated":true}]}}