{"id":33993,"date":"2023-01-17T14:40:24","date_gmt":"2023-01-17T17:40:24","guid":{"rendered":"https:\/\/corrientesdetarde.com\/?p=33993"},"modified":"2023-01-17T14:40:29","modified_gmt":"2023-01-17T17:40:29","slug":"delfina-gerez-bosco-tuvo-un-romance-en-el-hotel-de-los-famosos-y-su-marido-rompio-el-silencio-soy-un-cornudo-mas","status":"publish","type":"post","link":"https:\/\/corrientesdetarde.com\/index.php\/espectaculos\/delfina-gerez-bosco-tuvo-un-romance-en-el-hotel-de-los-famosos-y-su-marido-rompio-el-silencio-soy-un-cornudo-mas\/","title":{"rendered":"Delfina Gerez Bosco tuvo un romance en El Hotel de los Famosos y su marido rompi\u00f3 el silencio: \u201cSoy un cornudo m\u00e1s\u201d"},"content":{"rendered":"\n<h2 class=\"wp-block-heading\">Si bien las im\u00e1genes a\u00fan no salieron al aire, como ya se termin\u00f3 de grabar se filtr\u00f3 que vivi\u00f3 una relaci\u00f3n con uno de sus compa\u00f1eros mientras estaba casada<\/h2>\n\n\n\n<p>Si bien el rating no acompa\u00f1\u00f3 la primera semana de&nbsp;<em><strong>El Hotel de los Famosos 2<\/strong><\/em>&nbsp;y sufri\u00f3 un cambio de horario en la grilla (pas\u00f3 del prime time a las 18.45) el reality se grab\u00f3 por completo y hay mucho para ver. Peleas, discusiones, abandonos y romances. Uno de ellos, seg\u00fan se filtr\u00f3, es el de la modelo&nbsp;<strong>Delfina Gerez Bosco&nbsp;<\/strong>y&nbsp;<strong>Mart\u00edn Coggi<\/strong>. Pero lo que pod\u00eda ser una relaci\u00f3n m\u00e1s entre compa\u00f1eros cuenta con un detalle extra: ella estaba casada al momento de ingresar al programa. Y despu\u00e9s de algunas especulaciones, su marido decidi\u00f3 romper el silencio.<\/p>\n\n\n\n<figure class=\"wp-block-image\"><img decoding=\"async\" src=\"https:\/\/cloudfront-us-east-1.images.arcpublishing.com\/infobae\/AZ6NOT2SSZGNLJILSCGZHFLARM.jpg\" alt=\"El trece\"\/><\/figure>\n\n\n\n<p>A solo tres d\u00edas de su comienzo, una participante renunci\u00f3 a El Hotel de los Famosos 2<\/p>\n\n\n\n<p>Una competidora decidi\u00f3 irse del programa y explic\u00f3 los motivos de su decisi\u00f3n<\/p>\n\n\n\n<p>VER NOTA<\/p>\n\n\n\n<p>Todo sucedi\u00f3 el lunes por la noche en&nbsp;<em><strong>LAM<\/strong><\/em>, cuando respondi\u00f3 la consulta de&nbsp;<strong>\u00c1ngel De Brito&nbsp;<\/strong>acerca de las versiones que dicen que su mujer y madre de su hijo&nbsp;<strong>Gennaro<\/strong>&nbsp;habr\u00eda tenido un romance con el hijo del boxeador. \u201cSoy un cornudo m\u00e1s en la vi\u00f1a del Se\u00f1or\u201d, dijo sin anestesia<strong>&nbsp;Fernando Beni<\/strong>&nbsp;y caus\u00f3 impacto por su sinceridad.<\/p>\n\n\n\n<p><img loading=\"lazy\" decoding=\"async\" alt=\"\u00c9pocas felices: Delfina Gerez Bosco se cas\u00f3 por civil con el empresario Fernando Beni en 2018, mientras ella estaba embarazada de tres meses\" height=\"1451\" width=\"1920\" class=\"\" src=\"https:\/\/cloudfront-us-east-1.images.arcpublishing.com\/infobae\/5VR3VQNKTJBK3CF22IJSOQJFN4.jpg\" srcset=\"https:\/\/www.infobae.com\/new-resizer\/ObREKZRJJw05LLzbjXccenx0Sxo=\/420x315\/filters:format(webp):quality(85)\/cloudfront-us-east-1.images.arcpublishing.com\/infobae\/5VR3VQNKTJBK3CF22IJSOQJFN4.jpg 420w,https:\/\/www.infobae.com\/new-resizer\/rPBrjpHbJR8Hm_vFEcCXhD68Dr8=\/768x576\/filters:format(webp):quality(85)\/cloudfront-us-east-1.images.arcpublishing.com\/infobae\/5VR3VQNKTJBK3CF22IJSOQJFN4.jpg 768w,https:\/\/www.infobae.com\/new-resizer\/QZa0RYaRwSZczMCqkRNRNaCEeTo=\/992x744\/filters:format(webp):quality(85)\/cloudfront-us-east-1.images.arcpublishing.com\/infobae\/5VR3VQNKTJBK3CF22IJSOQJFN4.jpg 992w,https:\/\/www.infobae.com\/new-resizer\/lChDnLPeiW5hdvPycvRl5HQOmbg=\/1200x900\/filters:format(webp):quality(85)\/cloudfront-us-east-1.images.arcpublishing.com\/infobae\/5VR3VQNKTJBK3CF22IJSOQJFN4.jpg 1200w,https:\/\/www.infobae.com\/new-resizer\/np_f7XRy358pMTvlX7gMjkb2pz4=\/1440x1080\/filters:format(webp):quality(85)\/cloudfront-us-east-1.images.arcpublishing.com\/infobae\/5VR3VQNKTJBK3CF22IJSOQJFN4.jpg 1440w\">\u00c9pocas felices: Delfina Gerez Bosco se cas\u00f3 por civil con el empresario Fernando Beni en 2018, mientras ella estaba embarazada de tres meses<\/p>\n\n\n\n<p>Hace unos d\u00edas,<strong>&nbsp;Estefan\u00eda Berardi<\/strong>&nbsp;hab\u00eda contado en&nbsp;<em>Ma\u00f1an\u00edsima<\/em>, el ciclo que conduce<strong>&nbsp;Carmen Barbieri<\/strong>, que el romance era un hecho y que ambos le dieron rienda suelta a la pasi\u00f3n entre las paredes del hotel de Ca\u00f1uelas. La panelista cont\u00f3 adem\u00e1s que se cruzaron en los pasillos del canal y que le hab\u00eda gritado que eso no era as\u00ed, que aclarara que ella no estaba separada del padre de su hijo.<\/p>\n\n\n\n<figure class=\"wp-block-image\"><img decoding=\"async\" src=\"https:\/\/cloudfront-us-east-1.images.arcpublishing.com\/infobae\/GCT2JVPOONEJPHZR4JITVQR4HM.jpg\" alt=\"\"\/><\/figure>\n\n\n\n<p>El Trece relanza su programaci\u00f3n con cambios por el bajo rating: el nuevo desaf\u00edo para El Hotel de los Famosos 2 y la estrategia de Telefe<\/p>\n\n\n\n<p>A partir de este lunes, el canal dirigido por Adr\u00edan Suar presentar\u00e1 notables modificaciones en la tarde y noche. Mientras tanto, la competencia se refugia en Gran Hermano 2022 que sigue acaparando a la audiencia<\/p>\n\n\n\n<p>Ahora fue el empresario el que habl\u00f3 sobre la situaci\u00f3n actual de la pareja: \u201cEst\u00e1bamos en crisis pero no separados. En fin, un cornudo m\u00e1s en la vi\u00f1a del Se\u00f1or, pero tranqui. La que es del medio es ella, que haga su vida. Yo quiero cuidar a mi hijo, nada m\u00e1s. Nosotros somos grandes\u2019\u201d. Luego De Brito cont\u00f3 que el marido recibi\u00f3 la informaci\u00f3n de alguien que particip\u00f3 del reality.<\/p>\n\n\n\n<p><img loading=\"lazy\" decoding=\"async\" alt=\"Meses despu\u00e9s, Delfina y Fernando se convirtieron en padres\" height=\"1910\" width=\"1920\" class=\"\" src=\"https:\/\/cloudfront-us-east-1.images.arcpublishing.com\/infobae\/HRNONQOHFVH7XHNURCKGGI4KFY.jpg\" srcset=\"https:\/\/www.infobae.com\/new-resizer\/uPj70gR6AKXWyHxFgmHx4ydWJ7c=\/420x420\/filters:format(webp):quality(85)\/cloudfront-us-east-1.images.arcpublishing.com\/infobae\/HRNONQOHFVH7XHNURCKGGI4KFY.jpg 420w,https:\/\/www.infobae.com\/new-resizer\/57p3jfirX3dKbknEy-oP95oLt2A=\/768x768\/filters:format(webp):quality(85)\/cloudfront-us-east-1.images.arcpublishing.com\/infobae\/HRNONQOHFVH7XHNURCKGGI4KFY.jpg 768w,https:\/\/www.infobae.com\/new-resizer\/7eW9gi6oir9I9Emjx7T0UY95zRY=\/992x992\/filters:format(webp):quality(85)\/cloudfront-us-east-1.images.arcpublishing.com\/infobae\/HRNONQOHFVH7XHNURCKGGI4KFY.jpg 992w,https:\/\/www.infobae.com\/new-resizer\/f67JtiSqBeHfjWAID0aXEKxqm-I=\/1200x1200\/filters:format(webp):quality(85)\/cloudfront-us-east-1.images.arcpublishing.com\/infobae\/HRNONQOHFVH7XHNURCKGGI4KFY.jpg 1200w,https:\/\/www.infobae.com\/new-resizer\/xVt7LrNgZ767pnqZbeBv59uUuhQ=\/1440x1440\/filters:format(webp):quality(85)\/cloudfront-us-east-1.images.arcpublishing.com\/infobae\/HRNONQOHFVH7XHNURCKGGI4KFY.jpg 1440w\">Meses despu\u00e9s, Delfina y Fernando se convirtieron en padres<\/p>\n\n\n\n<p>\u00bfQui\u00e9n ser\u00eda esa persona que le anticip\u00f3 lo que hab\u00eda sucedido? Seg\u00fan Berardi se trata de&nbsp;<strong>Tamara Bella<\/strong>, quien en el pasado fue amiga de Gerez Bosco y pareja de Coggi. La panelista asegur\u00f3: \u201cTamara Bella me dijo \u2018Delfina es mi amiga y \u00e9l es mi ex. Y cuando yo estaba mal con \u00e9l, me dec\u00eda: \u2018Separate, separate\u2019. \u00a1Ahora, se est\u00e1 comiendo a mi ex y es mi amiga!\u2019\u201d.<\/p>\n\n\n\n<figure class=\"wp-block-image\"><img decoding=\"async\" src=\"https:\/\/cloudfront-us-east-1.images.arcpublishing.com\/infobae\/7XQARQ5XNBFX3PW5SWAPHMRXPE.jpg\" alt=\"\"\/><\/figure>\n\n\n\n<p><\/p>\n\n\n\n<p>Habr\u00e1 que esperar el correr de los cap\u00edtulos del reality para ver c\u00f3mo se da la relaci\u00f3n entre los participantes, hasta d\u00f3nde llegan con el romance y si finalmente, ambos afuera del Hotel contin\u00faan la relaci\u00f3n.<\/p>\n\n\n\n<p><img loading=\"lazy\" decoding=\"async\" alt=\"Delfina Gerez Bosco y  Mart\u00edn Antonio Coggi: amor en el Hotel\" height=\"1080\" width=\"1920\" class=\"\" src=\"https:\/\/cloudfront-us-east-1.images.arcpublishing.com\/infobae\/JCT63AXJZZCEJAK5NKETKW3Q5A.jpg\" srcset=\"https:\/\/www.infobae.com\/new-resizer\/pApjWZlq_UKBGX1g6iSHcFoslXo=\/420x236\/filters:format(webp):quality(85)\/cloudfront-us-east-1.images.arcpublishing.com\/infobae\/JCT63AXJZZCEJAK5NKETKW3Q5A.jpg 420w,https:\/\/www.infobae.com\/new-resizer\/hYkDQ4ofb9HbkdtRVjELgDgzkms=\/768x432\/filters:format(webp):quality(85)\/cloudfront-us-east-1.images.arcpublishing.com\/infobae\/JCT63AXJZZCEJAK5NKETKW3Q5A.jpg 768w,https:\/\/www.infobae.com\/new-resizer\/Ius5LdHhKJxOqyFBRPwCA-Q2N-0=\/992x558\/filters:format(webp):quality(85)\/cloudfront-us-east-1.images.arcpublishing.com\/infobae\/JCT63AXJZZCEJAK5NKETKW3Q5A.jpg 992w,https:\/\/www.infobae.com\/new-resizer\/NKMU6riFZhSTGvagL6TVrNA8nnQ=\/1200x675\/filters:format(webp):quality(85)\/cloudfront-us-east-1.images.arcpublishing.com\/infobae\/JCT63AXJZZCEJAK5NKETKW3Q5A.jpg 1200w,https:\/\/www.infobae.com\/new-resizer\/lOkLN5iMLkuvRsFdeWfxW4cU-lw=\/1440x810\/filters:format(webp):quality(85)\/cloudfront-us-east-1.images.arcpublishing.com\/infobae\/JCT63AXJZZCEJAK5NKETKW3Q5A.jpg 1440w\">Delfina Gerez Bosco y Mart\u00edn Antonio Coggi: amor en el Hotel<\/p>\n\n\n\n<p>La modelo contrajo matrimonio con Fernando Beni, un hombre vinculado al marketing del automovilismo, en el Registro Civil de Cabildo al 3000 en julio de 2017 y en enero de 2018 naci\u00f3 el \u00fanico hijo de la pareja, quien acaba de cumplir cinco a\u00f1os. \u201cEstamos muy bien y felices\u201d, cont\u00f3 ella a&nbsp;<strong>Teleshow<\/strong>&nbsp;a horas de dar a luz por parto natural en el sanatorio Cemic de Saavedra, a\u00fan conmovida por el inicio de una nueva etapa en su vida. La pareja junto al peque\u00f1o manten\u00edan el perfil bajo y no asist\u00edan a eventos p\u00fablicos.<\/p>\n","protected":false},"excerpt":{"rendered":"<p>Si bien las im\u00e1genes a\u00fan no salieron al aire, como ya se termin\u00f3 de grabar se filtr\u00f3 que vivi\u00f3 una relaci\u00f3n con uno de sus compa\u00f1eros mientras estaba casada Si&hellip; <\/p>\n","protected":false},"author":1,"featured_media":33994,"comment_status":"closed","ping_status":"open","sticky":false,"template":"","format":"standard","meta":{"footnotes":""},"categories":[19],"tags":[],"class_list":["post-33993","post","type-post","status-publish","format-standard","has-post-thumbnail","hentry","category-espectaculos"],"_links":{"self":[{"href":"https:\/\/corrientesdetarde.com\/index.php\/wp-json\/wp\/v2\/posts\/33993","targetHints":{"allow":["GET"]}}],"collection":[{"href":"https:\/\/corrientesdetarde.com\/index.php\/wp-json\/wp\/v2\/posts"}],"about":[{"href":"https:\/\/corrientesdetarde.com\/index.php\/wp-json\/wp\/v2\/types\/post"}],"author":[{"embeddable":true,"href":"https:\/\/corrientesdetarde.com\/index.php\/wp-json\/wp\/v2\/users\/1"}],"replies":[{"embeddable":true,"href":"https:\/\/corrientesdetarde.com\/index.php\/wp-json\/wp\/v2\/comments?post=33993"}],"version-history":[{"count":1,"href":"https:\/\/corrientesdetarde.com\/index.php\/wp-json\/wp\/v2\/posts\/33993\/revisions"}],"predecessor-version":[{"id":33995,"href":"https:\/\/corrientesdetarde.com\/index.php\/wp-json\/wp\/v2\/posts\/33993\/revisions\/33995"}],"wp:featuredmedia":[{"embeddable":true,"href":"https:\/\/corrientesdetarde.com\/index.php\/wp-json\/wp\/v2\/media\/33994"}],"wp:attachment":[{"href":"https:\/\/corrientesdetarde.com\/index.php\/wp-json\/wp\/v2\/media?parent=33993"}],"wp:term":[{"taxonomy":"category","embeddable":true,"href":"https:\/\/corrientesdetarde.com\/index.php\/wp-json\/wp\/v2\/categories?post=33993"},{"taxonomy":"post_tag","embeddable":true,"href":"https:\/\/corrientesdetarde.com\/index.php\/wp-json\/wp\/v2\/tags?post=33993"}],"curies":[{"name":"wp","href":"https:\/\/api.w.org\/{rel}","templated":true}]}}