{"id":33996,"date":"2023-01-17T18:51:43","date_gmt":"2023-01-17T21:51:43","guid":{"rendered":"https:\/\/corrientesdetarde.com\/?p=33996"},"modified":"2023-01-17T18:51:49","modified_gmt":"2023-01-17T21:51:49","slug":"la-municipalidad-participa-de-la-fiesta-del-chamamecon-un-mensaje-ecologico-y-de-diversion-responsable","status":"publish","type":"post","link":"https:\/\/corrientesdetarde.com\/index.php\/destacados\/la-municipalidad-participa-de-la-fiesta-del-chamamecon-un-mensaje-ecologico-y-de-diversion-responsable\/","title":{"rendered":"<strong>La Municipalidad participa de la Fiesta del Chamam\u00e9<br>con un mensaje ecol\u00f3gico y de diversi\u00f3n responsable<\/strong><br>&nbsp;"},"content":{"rendered":"\n<p><em>La Municipalidad de Corrientes est\u00e1 llevando adelante distintas acciones para acompa\u00f1ar la m\u00e1xima celebraci\u00f3n de la regi\u00f3n. Durante todas las noches chamameceras se podr\u00e1 conocer sobre puntos de reciclado y diversi\u00f3n responsable. Adem\u00e1s, contin\u00faan las pe\u00f1as en distintos barrios de la ciudad.&nbsp;<\/em><br>&nbsp;<\/p>\n\n\n\n<p><br>La ciudad de Corrientes vive a pleno los d\u00edas centrales de la 32\u00aa Fiesta Nacional del Chamam\u00e9, y la Municipalidad de Corrientes acompa\u00f1a esta celebraci\u00f3n popular con distintas acciones dentro y fuera del anfiteatro Mario del Tr\u00e1nsito Cocomarola.\u00a0<br><br>Una semana antes de que se diera el primer sapucay en el escenario Sosa Cordero, diferentes cuadrillas de trabajadores se encargaron del mantenimiento del espacio p\u00fablico, en toda la zona del Cocomarola.<br><br>Adem\u00e1s, para incentivar acciones de cara a una ciudad sustentable, durante todas las noches de la 32\u00aa Fiesta Nacional del Chamam\u00e9 se instalaron cuatro islas de reciclado de pl\u00e1stico, aluminio, papel, cart\u00f3n y de residuos no reciclables para que las personas puedan depositar sus desechos.<br><br>El secretario de Ambiente y Desarrollo Sustentable, Ignacio Maldonado Yonna explic\u00f3 que estos cuatro puntos \u201cest\u00e1n debidamente ubicados en las salidas de cada pasillo para que la gente se sume a colaborar en la separaci\u00f3n de los residuos que luego ser\u00e1n entregados a las distintas cooperativas y que sean ellas las encargadas de ingresarlos nuevamente al mercado\u201d.<br><br>Adem\u00e1s, agreg\u00f3 que lo que se busca con estas acciones es \u201cseguir promoviendo el reciclaje y fortalecer la educaci\u00f3n ambiental y como siempre generar una ciudad m\u00e1s sustentable donde los vecinos y turistas que nos visitan puedan colaborar con buenos h\u00e1bitos\u201d.<br><br>DIVERSI\u00d3N RESPONSABLE<br><br>La directora general de Coordinaci\u00f3n de Gobierno, Mar\u00eda Cruz Silvero, explic\u00f3 por su parte que para fortalecer el concepto de \u201cDiversi\u00f3n responsable\u201d, desde el programa Muni Joven se entrega de manera gratuita material profil\u00e1ctico y folleter\u00eda referente a la educaci\u00f3n sexual integral. \u201cTambi\u00e9n estamos entregando carteles en b\u00fasqueda de la frase m\u00e1s creativa. Una vez que elijamos la frase, se realizar\u00e1n sorteos de entradas para los carnavales\u201d, anticip\u00f3.<br><br>Asimismo, noche a noche, equipos de Muni Joven recorrer\u00e1n el Anfiteatro entregando biromes y llaveros de regalo, adem\u00e1s de brindarles informaci\u00f3n sobre las propuestas tur\u00edsticas con las que cuenta la ciudad durante esta temporada.<br><br>PE\u00d1AS BARRIALES\u00a0<br><br>El secretario de Cultura y Educaci\u00f3n, Jos\u00e9 Sand, coment\u00f3 sobre las actividades pensadas para los vecinos y turistas de la ciudad que no se pueden acercar al anfiteatro Mario del Tr\u00e1nsito Cocomarola.<br><br>\u201cSi bien la fiesta central es en el Anfiteatro, la Municipalidad se encarga de llevar pe\u00f1as itinerantes a distintos puntos de la ciudad para que aquellos vecinos que no pueden venir o quieren disfrutar de otra manera, tengan esa oportunidad y lo pueden hacer cerca de sus casas, con m\u00fasica en vivo, con pantallas donde pueden observar cada tanto lo que se est\u00e1 viviendo en el Cocomarola, y tambi\u00e9n para que puedan disfrutar de gastronom\u00eda y artesan\u00eda en esos lugares\u201d, coment\u00f3.<br><br>La coordinadora de Planificaci\u00f3n Art\u00edstica de la Comuna, Patricia Barboza, cont\u00f3 que \u201cel s\u00e1bado 14 de enero comenzamos las actividades en la plaza de la Tradici\u00f3n del barrio San Ger\u00f3nimo y proseguimos el domingo 15 en la rotonda de la plaza Espa\u00f1a, con una gran respuesta del p\u00fablico\u201d.<br><br>La funcionaria agreg\u00f3 \u201cque el s\u00e1bado 21 de enero vamos a estar con la Pe\u00f1a Itinerante en la plaza Mercosur del barrio 17 de Agosto, mientras que el domingo 22 se llevar\u00e1 a cabo en el Paseo Arazaty de la Costanera Sur Juan Pablo II la tradicional Pe\u00f1a Oficial de la Ciudad\u201d.<br><br>CLASES DE CHAMAM\u00c9<br><br>Durante enero, todos los martes y jueves, de 19 a 21, el Centro Cultural Adolfo Mors (Pellegrini 542), recibir\u00e1 a todas aquellas personas que quieran aprender a bailar chamam\u00e9. De manera totalmente gratuita, los interesados deben acercarse solamente con ropa c\u00f3moda y agua para hidratarse.<br><br>Barboza se\u00f1al\u00f3 que \u201ctambi\u00e9n tenemos programadas clases de chamam\u00e9 que se dictan todos los martes y jueves de enero, de 19 a 21, en el Centro Cultural Adolfo Mors del parque Camb\u00e1 Cu\u00e1, las cu\u00e1les no tienen l\u00edmite de edades y son absolutamente gratuitas\u201d.<\/p>\n\n\n\n<figure class=\"wp-block-embed is-type-video is-provider-youtube wp-block-embed-youtube wp-embed-aspect-16-9 wp-has-aspect-ratio\"><div class=\"wp-block-embed__wrapper\">\n<iframe loading=\"lazy\" title=\"Municipalidad participa de la Fiesta del Chamam\u00e9 con un mensaje ecol\u00f3gico y de diversi\u00f3n responsable\" width=\"1110\" height=\"624\" src=\"https:\/\/www.youtube.com\/embed\/JQopRTGASvU?feature=oembed\" frameborder=\"0\" allow=\"accelerometer; autoplay; clipboard-write; encrypted-media; gyroscope; picture-in-picture; web-share\" allowfullscreen><\/iframe>\n<\/div><\/figure>\n","protected":false},"excerpt":{"rendered":"<p>La Municipalidad de Corrientes est\u00e1 llevando adelante distintas acciones para acompa\u00f1ar la m\u00e1xima celebraci\u00f3n de la regi\u00f3n. Durante todas las noches chamameceras se podr\u00e1 conocer sobre puntos de reciclado y&hellip; <\/p>\n","protected":false},"author":1,"featured_media":33997,"comment_status":"closed","ping_status":"open","sticky":false,"template":"","format":"standard","meta":{"footnotes":""},"categories":[26],"tags":[],"class_list":["post-33996","post","type-post","status-publish","format-standard","has-post-thumbnail","hentry","category-destacados"],"_links":{"self":[{"href":"https:\/\/corrientesdetarde.com\/index.php\/wp-json\/wp\/v2\/posts\/33996","targetHints":{"allow":["GET"]}}],"collection":[{"href":"https:\/\/corrientesdetarde.com\/index.php\/wp-json\/wp\/v2\/posts"}],"about":[{"href":"https:\/\/corrientesdetarde.com\/index.php\/wp-json\/wp\/v2\/types\/post"}],"author":[{"embeddable":true,"href":"https:\/\/corrientesdetarde.com\/index.php\/wp-json\/wp\/v2\/users\/1"}],"replies":[{"embeddable":true,"href":"https:\/\/corrientesdetarde.com\/index.php\/wp-json\/wp\/v2\/comments?post=33996"}],"version-history":[{"count":1,"href":"https:\/\/corrientesdetarde.com\/index.php\/wp-json\/wp\/v2\/posts\/33996\/revisions"}],"predecessor-version":[{"id":33998,"href":"https:\/\/corrientesdetarde.com\/index.php\/wp-json\/wp\/v2\/posts\/33996\/revisions\/33998"}],"wp:featuredmedia":[{"embeddable":true,"href":"https:\/\/corrientesdetarde.com\/index.php\/wp-json\/wp\/v2\/media\/33997"}],"wp:attachment":[{"href":"https:\/\/corrientesdetarde.com\/index.php\/wp-json\/wp\/v2\/media?parent=33996"}],"wp:term":[{"taxonomy":"category","embeddable":true,"href":"https:\/\/corrientesdetarde.com\/index.php\/wp-json\/wp\/v2\/categories?post=33996"},{"taxonomy":"post_tag","embeddable":true,"href":"https:\/\/corrientesdetarde.com\/index.php\/wp-json\/wp\/v2\/tags?post=33996"}],"curies":[{"name":"wp","href":"https:\/\/api.w.org\/{rel}","templated":true}]}}