{"id":34003,"date":"2023-01-17T19:00:04","date_gmt":"2023-01-17T22:00:04","guid":{"rendered":"https:\/\/corrientesdetarde.com\/?p=34003"},"modified":"2023-01-17T19:00:10","modified_gmt":"2023-01-17T22:00:10","slug":"tension-diplomatica-en-la-celac-lopez-obrador-ortega-y-lasso-no-vendran-a-la-cumbre-de-buenos-aires","status":"publish","type":"post","link":"https:\/\/corrientesdetarde.com\/index.php\/politica\/tension-diplomatica-en-la-celac-lopez-obrador-ortega-y-lasso-no-vendran-a-la-cumbre-de-buenos-aires\/","title":{"rendered":"Tensi\u00f3n diplom\u00e1tica en la Celac: L\u00f3pez Obrador, Ortega y Lasso no vendr\u00e1n a la cumbre de Buenos Aires"},"content":{"rendered":"\n<h2 class=\"wp-block-heading\">La relaci\u00f3n con Ecuador se vio afectada por el pedido de asilo pol\u00edtico en Argentina de una ex ministra de Correa condenada por corrupci\u00f3n. Por su parte, Lula da Silva confirm\u00f3 su presencia luego de la crisis pol\u00edtica que se desat\u00f3 en Brasil<\/h2>\n\n\n\n<p>Los presidentes de Ecuador,&nbsp;<strong>Guillermo Lasso<\/strong>; de M\u00e9xico,&nbsp;<strong>Andr\u00e9s Manuel L\u00f3pez Obrador<\/strong>; y de Nicaragua,<strong>&nbsp;Daniel Ortega<\/strong>,no participar\u00e1n de la Cumbre de la CELAC que se realizar\u00e1 el pr\u00f3ximo 24 de enero en Buenos Aires, seg\u00fan pudo saber&nbsp;<strong>Infobae<\/strong>. Con el mexicano existe una tensi\u00f3n desde que no se pusieron de acuerdo con el candidato de consenso en Am\u00e9rica Latina para ocupar la direcci\u00f3n del Banco Interamericano de Desarrollo (BID). En paralelo, la relaci\u00f3n con Ecuador se vio afectada por el pedido de asilo pol\u00edtico en Argentina de la ex ministra de Correa&nbsp;<strong>Mar\u00eda de los \u00c1ngeles Duarte Pesantes<\/strong>, condenada a 8 a\u00f1os por corrupci\u00f3n.<\/p>\n\n\n\n<p>Duarte Pesantes se encuentra en la embajada de argentina en Quito desde agosto de 2020, tras probarse su participaci\u00f3n directa en el caso&nbsp;<em>Sobornos 2012-2016<\/em>. Esta investigaci\u00f3n judicial revel\u00f3 una trama de financiamiento irregular del movimiento Alianza Pa\u00eds, la coalici\u00f3n pol\u00edtica que encabez\u00f3 Correa y que tuvo como una de sus principales protagonistas a la entonces ministra de Transporte y Obras P\u00fablicas.<\/p>\n\n\n\n<p>Una asesora de Correa -llamada Pamela Mart\u00ednez-&nbsp;<strong>llevaba un cuaderno de contabilidad que registraba los aportes ilegales de empresas privadas al aparato pol\u00edtico del ex presidente.<\/strong>&nbsp;Entre esas compa\u00f1\u00edas se encontraba la constructora brasile\u00f1a Odebrecht, que enfrent\u00f3 casos de corrupci\u00f3n en toda Am\u00e9rica Latina.<\/p>\n\n\n\n<p><img loading=\"lazy\" decoding=\"async\" alt=\"Mar\u00eda de los \u00c1ngeles Duarte Pesantes, ministra de Transporte y Obras P\u00fablicas durante el gobierno de Rafael Correa, fue sentenciada a ocho a\u00f1os de prisi\u00f3n por haber recibido sobornos\n\" height=\"432\" width=\"768\" class=\"\" src=\"https:\/\/cloudfront-us-east-1.images.arcpublishing.com\/infobae\/IGMQQ7B44NCHFDOUSXHGNSFFGQ.webp\" srcset=\"https:\/\/www.infobae.com\/new-resizer\/FHenYymLj4AISpZHrKHauoDsGtg=\/420x236\/filters:format(webp):quality(85)\/cloudfront-us-east-1.images.arcpublishing.com\/infobae\/IGMQQ7B44NCHFDOUSXHGNSFFGQ.webp 420w,https:\/\/www.infobae.com\/new-resizer\/Ti1VhD9uRYL27L4v5-89vS7aLtA=\/768x432\/filters:format(webp):quality(85)\/cloudfront-us-east-1.images.arcpublishing.com\/infobae\/IGMQQ7B44NCHFDOUSXHGNSFFGQ.webp 768w,https:\/\/www.infobae.com\/new-resizer\/u7KeXF8zsJl-v56ZdWRvSZ3MSTw=\/992x558\/filters:format(webp):quality(85)\/cloudfront-us-east-1.images.arcpublishing.com\/infobae\/IGMQQ7B44NCHFDOUSXHGNSFFGQ.webp 992w,https:\/\/www.infobae.com\/new-resizer\/grxPtTC9FU0PFaflgwFRiL35Imo=\/1200x675\/filters:format(webp):quality(85)\/cloudfront-us-east-1.images.arcpublishing.com\/infobae\/IGMQQ7B44NCHFDOUSXHGNSFFGQ.webp 1200w,https:\/\/www.infobae.com\/new-resizer\/CbbdGTOHj1w5lGMz0I223N-Witk=\/1440x810\/filters:format(webp):quality(85)\/cloudfront-us-east-1.images.arcpublishing.com\/infobae\/IGMQQ7B44NCHFDOUSXHGNSFFGQ.webp 1440w\">Mar\u00eda de los \u00c1ngeles Duarte Pesantes, ministra de Transporte y Obras P\u00fablicas durante el gobierno de Rafael Correa, fue sentenciada a ocho a\u00f1os de prisi\u00f3n por haber recibido sobornos<\/p>\n\n\n\n<p>Argentina y Ecuador adhirieron a la Convenci\u00f3n sobre Asilo Diplom\u00e1tico que entr\u00f3 en vigencia el 29 de diciembre de 1954. En este marco, la Canciller\u00eda solicit\u00f3 asilo a favor de Duarte y pidi\u00f3 una reuni\u00f3n de t\u00e9cnicos de ambos pa\u00edses para resolver los tiempos y la forma que permitir\u00edan a la exministra abandonar la embajada de Argentina en Quito y volar a Buenos Aires. En medio de este conflicto diplom\u00e1tico es que Lasso anunci\u00f3 su ausencia a la cumbre de la CELAC.<\/p>\n\n\n\n<p>Fern\u00e1ndez tambi\u00e9n mantiene una relaci\u00f3n tensa con L\u00f3pez Obrador, luego de la elecci\u00f3n del brasile\u00f1o<strong>&nbsp;Ilan Goldfajn<\/strong>&nbsp;como nuevo titular del Banco Interamericano de Desarrollo (BID) que se realiz\u00f3 el domingo en Washington. Argentina present\u00f3 all\u00ed a&nbsp;<strong>Cecilia Todesca<\/strong>&nbsp;como candidata y M\u00e9xico, que en principio hab\u00eda descartado para el puesto a Alicia B\u00e1rcena, propuso para la competencia a Gerardo Esquivel, quien apenas reuni\u00f3 el 6,8% de los votos.<\/p>\n\n\n\n<p>Luego de la primera ronda de votaciones en el BID para nombrar al sucesor del estadounidense Mauricio Claver-Carone, en la siguiente, con el apoyo clave de Estados Unidos y tambi\u00e9n de Argentina (que se qued\u00f3 con tres ubicaciones importantes en el directorio), se consagr\u00f3 ganador a Goldfajn.<\/p>\n\n\n\n<h2 class=\"wp-block-heading\">La participaci\u00f3n de Brasil<\/h2>\n\n\n\n<p>Pese a la crisis pol\u00edtica que se desat\u00f3 en Brasil, Lula da Silva Lula se comunic\u00f3 en los \u00faltimos d\u00edas Alberto Fern\u00e1ndez, con quien mantiene adem\u00e1s una amistosa relaci\u00f3n personal, que participar\u00e1 de la cumbre. Ambos mandatarios se mantuvieron en contacto desde que empezaron los violentos disturbios el domingo provocados por miles de personas que simpatizan con&nbsp;<strong>Jair Bolsonaro<\/strong>&nbsp;y que destruyeron las instalaciones de diversos edificios p\u00fablicos como la sede del gobierno de Planalto, en Brasilia, el del Congreso y tambi\u00e9n el del Tribunal Superior Federal, que alberga a los tribunales del vecino pa\u00eds. Esos manifestantes, ped\u00edan la intervenci\u00f3n de las fuerzas militares para destituir al titular del Partido de los Trabajadores que se impuso en las elecciones del 30 de octubre por un ajustado margen.<\/p>\n\n\n\n<p><img loading=\"lazy\" decoding=\"async\" alt=\"Alberto Fern\u00e1ndez junto a Lula da Silva (REUTERS)\" height=\"534\" width=\"800\" class=\"\" src=\"https:\/\/cloudfront-us-east-1.images.arcpublishing.com\/infobae\/74XMQBZQJC5WCCE7GKK2I4N6KE.jpg\" srcset=\"https:\/\/www.infobae.com\/new-resizer\/UjVtDxItEIpSdzX7GrLqJfz3LHQ=\/420x280\/filters:format(webp):quality(85)\/cloudfront-us-east-1.images.arcpublishing.com\/infobae\/74XMQBZQJC5WCCE7GKK2I4N6KE.jpg 420w,https:\/\/www.infobae.com\/new-resizer\/QVmVufFyp3_oYG8SNqBjZr3TG9A=\/768x512\/filters:format(webp):quality(85)\/cloudfront-us-east-1.images.arcpublishing.com\/infobae\/74XMQBZQJC5WCCE7GKK2I4N6KE.jpg 768w,https:\/\/www.infobae.com\/new-resizer\/AQsL623No_FE96pX7Z6G6VMKr7o=\/992x661\/filters:format(webp):quality(85)\/cloudfront-us-east-1.images.arcpublishing.com\/infobae\/74XMQBZQJC5WCCE7GKK2I4N6KE.jpg 992w,https:\/\/www.infobae.com\/new-resizer\/n5smi39LLWmY7rLFqyeq5jn0bpE=\/1200x800\/filters:format(webp):quality(85)\/cloudfront-us-east-1.images.arcpublishing.com\/infobae\/74XMQBZQJC5WCCE7GKK2I4N6KE.jpg 1200w,https:\/\/www.infobae.com\/new-resizer\/drDpot17OKtBO6jbDXAA1sIu5pU=\/1440x960\/filters:format(webp):quality(85)\/cloudfront-us-east-1.images.arcpublishing.com\/infobae\/74XMQBZQJC5WCCE7GKK2I4N6KE.jpg 1440w\">Alberto Fern\u00e1ndez junto a Lula da Silva (REUTERS)<\/p>\n\n\n\n<p>El organismo, que agrupa a pr\u00e1cticamente todos los&nbsp;<strong>miembros de la OEA<\/strong>&nbsp;con excepci\u00f3n de&nbsp;<strong>Estados Unidos y Canad\u00e1<\/strong>, pero con presencia de Cuba, fue una iniciativa del propio<strong>&nbsp;Lula da Silva&nbsp;<\/strong>cuando se cre\u00f3 en 2010. Tiene como objetivos promover el&nbsp;<strong>di\u00e1logo pol\u00edtico, la concertaci\u00f3n y la cooperaci\u00f3n regional<\/strong>&nbsp;en temas como la s<strong>eguridad alimentaria y energ\u00e9tica<\/strong>, la salud, la inclusi\u00f3n social, el desarrollo sostenible, la transformaci\u00f3n digital y la infraestructura para la integraci\u00f3n regional.<\/p>\n\n\n\n<p>Durante el Gobierno de&nbsp;<strong>Bolsonaro<\/strong>, Brasil tambi\u00e9n fue retirado de la&nbsp;<strong>Uni\u00f3n de las Naciones Suramericanas<\/strong>&nbsp;(Unasur) y opt\u00f3 por integrarse al Foro para el Progreso de&nbsp;<strong>Sudam\u00e9rica&nbsp;<\/strong>(Prosur). La pr\u00f3xima&nbsp;<strong>Cumbre de Jefes de Estado y de Gobierno de la Celac<\/strong>&nbsp;tendr\u00e1 lugar el&nbsp;<strong>24 de enero&nbsp;<\/strong>en Buenos Aires, evento al que asistir\u00e1 Lula, por invitaci\u00f3n de su hom\u00f3logo argentino,&nbsp;<strong>Alberto Fern\u00e1ndez,<\/strong>&nbsp;quien ejerce la presidencia pro tempore del foro.<\/p>\n\n\n\n<p><\/p>\n","protected":false},"excerpt":{"rendered":"<p>La relaci\u00f3n con Ecuador se vio afectada por el pedido de asilo pol\u00edtico en Argentina de una ex ministra de Correa condenada por corrupci\u00f3n. Por su parte, Lula da Silva&hellip; <\/p>\n","protected":false},"author":1,"featured_media":34004,"comment_status":"closed","ping_status":"open","sticky":false,"template":"","format":"standard","meta":{"footnotes":""},"categories":[3],"tags":[],"class_list":["post-34003","post","type-post","status-publish","format-standard","has-post-thumbnail","hentry","category-politica"],"_links":{"self":[{"href":"https:\/\/corrientesdetarde.com\/index.php\/wp-json\/wp\/v2\/posts\/34003","targetHints":{"allow":["GET"]}}],"collection":[{"href":"https:\/\/corrientesdetarde.com\/index.php\/wp-json\/wp\/v2\/posts"}],"about":[{"href":"https:\/\/corrientesdetarde.com\/index.php\/wp-json\/wp\/v2\/types\/post"}],"author":[{"embeddable":true,"href":"https:\/\/corrientesdetarde.com\/index.php\/wp-json\/wp\/v2\/users\/1"}],"replies":[{"embeddable":true,"href":"https:\/\/corrientesdetarde.com\/index.php\/wp-json\/wp\/v2\/comments?post=34003"}],"version-history":[{"count":1,"href":"https:\/\/corrientesdetarde.com\/index.php\/wp-json\/wp\/v2\/posts\/34003\/revisions"}],"predecessor-version":[{"id":34005,"href":"https:\/\/corrientesdetarde.com\/index.php\/wp-json\/wp\/v2\/posts\/34003\/revisions\/34005"}],"wp:featuredmedia":[{"embeddable":true,"href":"https:\/\/corrientesdetarde.com\/index.php\/wp-json\/wp\/v2\/media\/34004"}],"wp:attachment":[{"href":"https:\/\/corrientesdetarde.com\/index.php\/wp-json\/wp\/v2\/media?parent=34003"}],"wp:term":[{"taxonomy":"category","embeddable":true,"href":"https:\/\/corrientesdetarde.com\/index.php\/wp-json\/wp\/v2\/categories?post=34003"},{"taxonomy":"post_tag","embeddable":true,"href":"https:\/\/corrientesdetarde.com\/index.php\/wp-json\/wp\/v2\/tags?post=34003"}],"curies":[{"name":"wp","href":"https:\/\/api.w.org\/{rel}","templated":true}]}}