{"id":34006,"date":"2023-01-17T19:02:18","date_gmt":"2023-01-17T22:02:18","guid":{"rendered":"https:\/\/corrientesdetarde.com\/?p=34006"},"modified":"2023-01-17T19:02:22","modified_gmt":"2023-01-17T22:02:22","slug":"pese-a-las-criticas-de-las-empresas-el-gobierno-insistira-con-los-controles-de-precios-a-cargo-de-camioneros","status":"publish","type":"post","link":"https:\/\/corrientesdetarde.com\/index.php\/nacionales\/pese-a-las-criticas-de-las-empresas-el-gobierno-insistira-con-los-controles-de-precios-a-cargo-de-camioneros\/","title":{"rendered":"Pese a las cr\u00edticas de las empresas, el Gobierno insistir\u00e1 con los controles de precios a cargo de Camioneros"},"content":{"rendered":"\n<h2 class=\"wp-block-heading\">En la Secretar\u00eda de Comercio est\u00e1n evaluando los resultados de las fiscalizaciones a tres grandes cadenas de supermercados. Pablo Moyano ratific\u00f3 que seguir\u00e1 colaborando con los relevamientos en centros de distribuci\u00f3n<\/h2>\n\n\n\n<p>Los controles de precios que realiza el Gobierno para que se cumpla el programa Precios Justos&nbsp;<strong>continuar\u00e1n pese a las cr\u00edticas<\/strong>&nbsp;que desataron en representantes de la oposici\u00f3n y de las voces de protesta que empiezan a manifestar algunos empresarios que son due\u00f1os de supermercados. Algunos gremios, como los de Camioneros y de Comercio, m\u00e1s los militantes de las organizaciones sociales afines al oficialismo y los inspectores municipales de intendencias del Conurbano y del interior del pa\u00eds, seguir\u00e1n colaborando y monitoreando que&nbsp;<strong>no haya faltante de productos en los centros de distribuci\u00f3n y en las g\u00f3ndolas.<\/strong><\/p>\n\n\n\n<p>\u201cHicimos tres operativos en grandes cadenas la semana pasada porque nos dec\u00edan que hab\u00eda problemas. Nos basamos en las denuncias. Generalmente los supermercados son los que m\u00e1s nos informan si hay alg\u00fan producto que no les est\u00e1 llegando\u201d, explicaron a&nbsp;<strong>Infobae<\/strong>&nbsp;fuentes de la Secretar\u00eda de Comercio, a cargo de Mat\u00edas Tombolini.<\/p>\n\n\n\n<p>Tambi\u00e9n sostuvieron que \u201c<strong>todav\u00eda se est\u00e1n evaluando los resultados de esas inspecciones&nbsp;<\/strong>para saber si el abastecimiento qued\u00f3 asegurado\u201d. Por eso, para esta semana&nbsp;<strong>\u201cno hay programados\u201d<\/strong>&nbsp;otros operativos. En la cuenta de Twitter de la Secretar\u00eda que orienta Tombolini se public\u00f3 el 13 de enero que se hab\u00edan hecho \u201ccontroles en los centros de distribuci\u00f3n de Carrefour, Coto y Cencosud\u201d. En esta \u00faltima cadena est\u00e1n los supermercados Jumbo, Disco y Vea.<\/p>\n\n\n\n<p><img loading=\"lazy\" decoding=\"async\" alt=\"Integrantes del sindicato de Camioneros acompa\u00f1aron a las autoridades de la secretar\u00eda de Comercio de la Naci\u00f3n en la recorrida por algunos de los centros de distribuci\u00f3n de los supermercados la semana pasada (@infocamioneros)\" height=\"1080\" width=\"1920\" class=\"\" src=\"https:\/\/cloudfront-us-east-1.images.arcpublishing.com\/infobae\/J5QAYYCQ7ZG4ZD2S4DAT5KH7AI.jpg\" srcset=\"https:\/\/www.infobae.com\/new-resizer\/muz_KR6Ny4WqvF0YBpuvpMb5-es=\/420x236\/filters:format(webp):quality(85)\/cloudfront-us-east-1.images.arcpublishing.com\/infobae\/J5QAYYCQ7ZG4ZD2S4DAT5KH7AI.jpg 420w,https:\/\/www.infobae.com\/new-resizer\/BIP4qnjqrseSovlpedT0szowQA8=\/768x432\/filters:format(webp):quality(85)\/cloudfront-us-east-1.images.arcpublishing.com\/infobae\/J5QAYYCQ7ZG4ZD2S4DAT5KH7AI.jpg 768w,https:\/\/www.infobae.com\/new-resizer\/W7TQxblgUdBU3EoxOq-SKdNGSZw=\/992x558\/filters:format(webp):quality(85)\/cloudfront-us-east-1.images.arcpublishing.com\/infobae\/J5QAYYCQ7ZG4ZD2S4DAT5KH7AI.jpg 992w,https:\/\/www.infobae.com\/new-resizer\/-_hstqT4yUUfgjLHGj2cef_InK8=\/1200x675\/filters:format(webp):quality(85)\/cloudfront-us-east-1.images.arcpublishing.com\/infobae\/J5QAYYCQ7ZG4ZD2S4DAT5KH7AI.jpg 1200w,https:\/\/www.infobae.com\/new-resizer\/d5ZmzWSoH87S8vPEU6zoZRzlG_o=\/1440x810\/filters:format(webp):quality(85)\/cloudfront-us-east-1.images.arcpublishing.com\/infobae\/J5QAYYCQ7ZG4ZD2S4DAT5KH7AI.jpg 1440w\">Integrantes del sindicato de Camioneros acompa\u00f1aron a las autoridades de la secretar\u00eda de Comercio de la Naci\u00f3n en la recorrida por algunos de los centros de distribuci\u00f3n de los supermercados la semana pasada (@infocamioneros)<\/p>\n\n\n\n<p><strong>\u201cDe ninguna manera habr\u00e1 una tregua\u201d<\/strong>, sostuvo una fuente de las organizaciones sociales sobre la ayuda que est\u00e1n proporcionando al Gobierno. \u201cSeguimos colaborando como hasta ahora\u201d, dijeron. Tanto desde Barrios de Pie, como del Movimiento Evita y de otros movimientos nucleados en la UTEP (Uni\u00f3n de Trabajadores de la Econom\u00eda Popular) enviaron a sus militantes a explicar y difundir el uso de la aplicaci\u00f3n \u201cPrecios Justos\u201d que permite efectuar la denuncia correspondiente si alguno de los 1.800 productos incluidos en el programa est\u00e1n faltando en las g\u00f3ndolas. Ahora concentrar\u00e1n sus esfuerzos en los centros tur\u00edsticos, principalmente en la Costa Atl\u00e1ntica.<\/p>\n\n\n\n<p>Una de las mayores pol\u00e9micas se produjo por el rol del sindicato de Camioneros, cuyo secretario adjunto es Pablo Moyano, en la fiscalizaci\u00f3n que ejerce la Secretar\u00eda de Comercio. El gremialista aclar\u00f3 a la agencia&nbsp;<em>T\u00e9lam<\/em>&nbsp;que ese sindicato no tiene&nbsp;<strong>\u201cpoder de sancionar ni de clausurar un supermercado\u201d<\/strong>, sino \u201csolamente de notificar a los inspectores de la Secretar\u00eda de Comercio si salen 10 camiones de \u00b4x\u00b4 producto del centro de distribuci\u00f3n\u201d, para evitar que se \u201cproduzca la especulaci\u00f3n y encanuten la mercader\u00eda para despu\u00e9s revenderlas con otro precio\u201d.<\/p>\n\n\n\n<p>Desde el entorno de Tombolini remarcaron que Camioneros realiza tareas de acompa\u00f1amiento en los operativos en los centros de distribuci\u00f3n: \u201cSe controlan los camiones que salen de ah\u00ed con mercader\u00eda.&nbsp;<strong>No est\u00e1n yendo a las g\u00f3ndolas\u201d, advirtieron.<\/strong>&nbsp;En ese mismo sentido insistieron en se\u00f1alar que \u201cel rol del Estado es indelegable, de ninguna manera quienes colaboran son una autoridad de aplicaci\u00f3n\u201d\u201d.<\/p>\n\n\n\n<p>\u201cNosotros nos pusimos a disposici\u00f3n de la secretar\u00eda de Comercio porque trabajamos all\u00ed, en los centros de distribuci\u00f3n. Tenemos compa\u00f1eros que est\u00e1n ah\u00ed hace 20 o 30 a\u00f1os y saben como funciona el tema con los supermercados. Informamos si salen 10 u 8 camiones de cada centro de distribuci\u00f3n y si despu\u00e9s a los supermercados solamente llegan 2. Ah\u00ed tenemos un problema, y le toca al Gobierno solucionarlo\u201d, dijo Moyano esta ma\u00f1ana en di\u00e1logo con&nbsp;<em>C5N<\/em>.<\/p>\n\n\n\n<p><img loading=\"lazy\" decoding=\"async\" alt=\"Pablo Moyano defendi\u00f3 la participaci\u00f3n de su gremio en los controles y denunci\u00f3 que hay supermercados &quot;que encanutan mercader\u00eda, la esconden&quot;\" height=\"1075\" width=\"1920\" class=\"\" src=\"https:\/\/cloudfront-us-east-1.images.arcpublishing.com\/infobae\/NI66RJR7BZFWDJC5ATWZ5APCB4.jpg\" srcset=\"https:\/\/www.infobae.com\/new-resizer\/7Q6E96FAK7MW8WoW4Oc_rf1qii4=\/420x236\/filters:format(webp):quality(85)\/cloudfront-us-east-1.images.arcpublishing.com\/infobae\/NI66RJR7BZFWDJC5ATWZ5APCB4.jpg 420w,https:\/\/www.infobae.com\/new-resizer\/h5dJ2B-7_iRJAonZR8b58CV_q7w=\/768x432\/filters:format(webp):quality(85)\/cloudfront-us-east-1.images.arcpublishing.com\/infobae\/NI66RJR7BZFWDJC5ATWZ5APCB4.jpg 768w,https:\/\/www.infobae.com\/new-resizer\/rWqTqEJYl0Yi2qV3f1O79l9YNmE=\/992x558\/filters:format(webp):quality(85)\/cloudfront-us-east-1.images.arcpublishing.com\/infobae\/NI66RJR7BZFWDJC5ATWZ5APCB4.jpg 992w,https:\/\/www.infobae.com\/new-resizer\/QQNXpxInVUu5Z-xgELHfQFBSRTg=\/1200x675\/filters:format(webp):quality(85)\/cloudfront-us-east-1.images.arcpublishing.com\/infobae\/NI66RJR7BZFWDJC5ATWZ5APCB4.jpg 1200w,https:\/\/www.infobae.com\/new-resizer\/VzSUGlPlKhDGbDLiGJsLH0WVz_c=\/1440x810\/filters:format(webp):quality(85)\/cloudfront-us-east-1.images.arcpublishing.com\/infobae\/NI66RJR7BZFWDJC5ATWZ5APCB4.jpg 1440w\">Pablo Moyano defendi\u00f3 la participaci\u00f3n de su gremio en los controles y denunci\u00f3 que hay supermercados &#8220;que encanutan mercader\u00eda, la esconden&#8221;<\/p>\n\n\n\n<p>\u201c<strong>No queremos que 4 o 5 vivos le roben el plato de comida a millones de argentinos.<\/strong>&nbsp;Encanutan la mercader\u00eda, la esconden\u201d, denunci\u00f3 el gremialista, quien tambi\u00e9n critic\u00f3 con dureza los cuestionamientos de los pol\u00edticos enrolados en la oposici\u00f3n. \u201cNunca la oposici\u00f3n resalt\u00f3 el papel que tuvimos durante la pandemia, cuando mientras muchos de ellos estaban en sus casas, nosotros pon\u00edamos el pecho en las rutas de todo el pa\u00eds para que a nadie le faltara nada\u201d, afirm\u00f3.<\/p>\n\n\n\n<p>En los pr\u00f3ximos d\u00edas, adem\u00e1s, \u201c<strong>habr\u00e1 m\u00e1s convenios con municipios para que pongan sus inspectores a controlar<\/strong>\u201d, de acuerdo a una fuente del ministerio de Econom\u00eda. Citan como ejemplo que, con ayuda de intendentes, efectuaron hace dos semanas un relevamiento en una importante cadena de supermercados que incluy\u00f3 374 sucursales de todo el pa\u00eds.<\/p>\n\n\n\n<p>Mientras tanto, sum\u00e1ndose a las cr\u00edticas de la oposici\u00f3n, el titular de la Federaci\u00f3n Argentina de Supermercados,&nbsp;<strong>V\u00edctor Palpacelli<\/strong>, sostuvo en&nbsp;<em>CNN Radio<\/em>&nbsp;que si los gremios contin\u00faan participando de los controles de precios hay cadenas del sector que piensan \u201cbajarse del programa de Precios Justos\u201d.<\/p>\n\n\n\n<p>\u201cLo vemos con preocupaci\u00f3n. Estas situaciones alejan la posibilidad de que distintas cadenas se sumen al programa,&nbsp;<strong>incluso las adheridas buscan bajarse porque se desalientan por este tipo de situaciones a las que nos exponen\u201d<\/strong>, expres\u00f3.<\/p>\n\n\n\n<p>Y agreg\u00f3: \u201cQueremos acompa\u00f1ar, pero evidentemente se necesita de la seguridad de la provisi\u00f3n de la mercader\u00eda de parte de la industria. Lejos est\u00e1 de nuestra parte la intenci\u00f3n de acaparar y no vender\u201d.<\/p>\n\n\n\n<p>Seg\u00fan precis\u00f3 la secretar\u00eda de Comercio, existe un incumplimiento cercano al 34% en los supermercados, situaci\u00f3n que, seg\u00fan se\u00f1al\u00f3 ayer el secretario de Industria y Desarrollo Productivo,&nbsp;<strong>Jos\u00e9 Ignacio de Mendiguren<\/strong>, se debe a que productos faltantes \u201cvan a otros canales que no tienen el acuerdo\u201d de Precios Justos, como los comercios de cercan\u00eda y almacenes.<\/p>\n\n\n\n<p>El acuerdo firmado de Precios Justos es hasta fines de febrero, pero ya se negocia extenderlo por unos meses m\u00e1s e incluso hasta fin de a\u00f1o. Incluye a m\u00e1s de 10 sectores (no solo el alimenticio, sino tambi\u00e9n el textil, el calzado, higiene y limpieza), 358 empresas, 12 c\u00e1maras y la intervenci\u00f3n de sindicatos.<\/p>\n","protected":false},"excerpt":{"rendered":"<p>En la Secretar\u00eda de Comercio est\u00e1n evaluando los resultados de las fiscalizaciones a tres grandes cadenas de supermercados. Pablo Moyano ratific\u00f3 que seguir\u00e1 colaborando con los relevamientos en centros de&hellip; <\/p>\n","protected":false},"author":1,"featured_media":34007,"comment_status":"closed","ping_status":"open","sticky":false,"template":"","format":"standard","meta":{"footnotes":""},"categories":[10],"tags":[],"class_list":["post-34006","post","type-post","status-publish","format-standard","has-post-thumbnail","hentry","category-nacionales"],"_links":{"self":[{"href":"https:\/\/corrientesdetarde.com\/index.php\/wp-json\/wp\/v2\/posts\/34006","targetHints":{"allow":["GET"]}}],"collection":[{"href":"https:\/\/corrientesdetarde.com\/index.php\/wp-json\/wp\/v2\/posts"}],"about":[{"href":"https:\/\/corrientesdetarde.com\/index.php\/wp-json\/wp\/v2\/types\/post"}],"author":[{"embeddable":true,"href":"https:\/\/corrientesdetarde.com\/index.php\/wp-json\/wp\/v2\/users\/1"}],"replies":[{"embeddable":true,"href":"https:\/\/corrientesdetarde.com\/index.php\/wp-json\/wp\/v2\/comments?post=34006"}],"version-history":[{"count":1,"href":"https:\/\/corrientesdetarde.com\/index.php\/wp-json\/wp\/v2\/posts\/34006\/revisions"}],"predecessor-version":[{"id":34008,"href":"https:\/\/corrientesdetarde.com\/index.php\/wp-json\/wp\/v2\/posts\/34006\/revisions\/34008"}],"wp:featuredmedia":[{"embeddable":true,"href":"https:\/\/corrientesdetarde.com\/index.php\/wp-json\/wp\/v2\/media\/34007"}],"wp:attachment":[{"href":"https:\/\/corrientesdetarde.com\/index.php\/wp-json\/wp\/v2\/media?parent=34006"}],"wp:term":[{"taxonomy":"category","embeddable":true,"href":"https:\/\/corrientesdetarde.com\/index.php\/wp-json\/wp\/v2\/categories?post=34006"},{"taxonomy":"post_tag","embeddable":true,"href":"https:\/\/corrientesdetarde.com\/index.php\/wp-json\/wp\/v2\/tags?post=34006"}],"curies":[{"name":"wp","href":"https:\/\/api.w.org\/{rel}","templated":true}]}}