{"id":34013,"date":"2023-01-17T19:10:27","date_gmt":"2023-01-17T22:10:27","guid":{"rendered":"https:\/\/corrientesdetarde.com\/?p=34013"},"modified":"2023-01-17T19:10:32","modified_gmt":"2023-01-17T22:10:32","slug":"fuerte-advertencia-de-constitucionalistas-ante-el-pedido-de-capitanich-para-reformar-la-corte-suprema-por-dnu","status":"publish","type":"post","link":"https:\/\/corrientesdetarde.com\/index.php\/politica\/fuerte-advertencia-de-constitucionalistas-ante-el-pedido-de-capitanich-para-reformar-la-corte-suprema-por-dnu\/","title":{"rendered":"Fuerte advertencia de constitucionalistas ante el pedido de Capitanich para reformar la Corte Suprema por DNU"},"content":{"rendered":"\n<h2 class=\"wp-block-heading\">En di\u00e1logo con Infobae, distintos abogados se\u00f1alaron que Alberto Fern\u00e1ndez est\u00e1 habilitado a realizar la maniobra, pero adelantaron que podr\u00edan presentarse medidas de amparo<\/h2>\n\n\n\n<p>Las declaraciones de varios referentes del oficialismo que le reclamaron al presidente&nbsp;<strong>Alberto Fern\u00e1ndez<\/strong>&nbsp;avanzar a trav\u00e9s de Decretos de Necesidad y Urgencia con algunos de los proyectos que la oposici\u00f3n se niega a tratar en el Congreso, abri\u00f3 un debate sobre la legalidad de la utilizaci\u00f3n de este mecanismo, que los mandatarios nacionales suelen usar en m\u00e1s de una ocasi\u00f3n.<\/p>\n\n\n\n<p>En este sentido, diferentes abogados constitucionalistas advirtieron a<strong>&nbsp;Infobae&nbsp;<\/strong>que, t\u00e9cnicamente, el jefe de Estado estar\u00eda habilitado a, por ejemplo, reformar el<strong>&nbsp;Consejo de la Magistratura<\/strong>&nbsp;o ampliar el n\u00famero de integrantes de la&nbsp;<strong>Corte Suprema de Justicia<\/strong>&nbsp;mediante un DNU, ya que eso no est\u00e1 prohibido en la Carta Magna.<\/p>\n\n\n\n<p>Seg\u00fan explic\u00f3\u00a0<strong>F\u00e9lix Lonigro<\/strong>, tras la reforma de 1994 en la Constituci\u00f3n qued\u00f3 establecido que, en determinados momentos en los que rijan \u201ccircunstancias excepcionales\u201d, el Presidente puede atribuirse funciones que son propias del Poder Legislativo.<\/p>\n\n\n\n<p>Las \u00fanicas limitaciones que tiene en ese caso es en cuestiones penales, impositivas, de regulaci\u00f3n electoral y de partidos pol\u00edticos, en las que no puede intervenir bajo ning\u00fan supuesto, por lo que las iniciativas que pretende aprobar el Frente de Todos, que son en su mayor\u00eda del \u00e1mbito judicial, no est\u00e1n contempladas y no estar\u00edan prohibidas.<\/p>\n\n\n\n<p><img loading=\"lazy\" decoding=\"async\" alt=\"La ampliaci\u00f3n de los miembros de la Corte Suprema Justicia es una de las iniciativas que impulsa el oficialismo \" height=\"1080\" width=\"1920\" class=\"\" src=\"https:\/\/cloudfront-us-east-1.images.arcpublishing.com\/infobae\/2NTFMHKWKZFZLP25FS7R6S5GXE.jpg\" srcset=\"https:\/\/www.infobae.com\/new-resizer\/0dvIwrs5kMoJC0anP9XLVJtJ1D8=\/420x236\/filters:format(webp):quality(85)\/cloudfront-us-east-1.images.arcpublishing.com\/infobae\/2NTFMHKWKZFZLP25FS7R6S5GXE.jpg 420w,https:\/\/www.infobae.com\/new-resizer\/P-AqwoINwXG8qA0hsGqhGqO5yIQ=\/768x432\/filters:format(webp):quality(85)\/cloudfront-us-east-1.images.arcpublishing.com\/infobae\/2NTFMHKWKZFZLP25FS7R6S5GXE.jpg 768w,https:\/\/www.infobae.com\/new-resizer\/CGaBZYq9et1ZiqOnyOTYUck6kjw=\/992x558\/filters:format(webp):quality(85)\/cloudfront-us-east-1.images.arcpublishing.com\/infobae\/2NTFMHKWKZFZLP25FS7R6S5GXE.jpg 992w,https:\/\/www.infobae.com\/new-resizer\/RACuWTI1IbcUmdHgPWXJlYIxzz0=\/1200x675\/filters:format(webp):quality(85)\/cloudfront-us-east-1.images.arcpublishing.com\/infobae\/2NTFMHKWKZFZLP25FS7R6S5GXE.jpg 1200w,https:\/\/www.infobae.com\/new-resizer\/CcHx9zq9uuwVtze8bpYBXddbAGs=\/1440x810\/filters:format(webp):quality(85)\/cloudfront-us-east-1.images.arcpublishing.com\/infobae\/2NTFMHKWKZFZLP25FS7R6S5GXE.jpg 1440w\">La ampliaci\u00f3n de los miembros de la Corte Suprema Justicia es una de las iniciativas que impulsa el oficialismo<\/p>\n\n\n\n<p>\u201cPara que pueda hacerlo, solo necesita que el decreto lleve la firma de todos los ministros, que haya circunstancias excepcionales que impidan esperar a la tarea legislativa y, adem\u00e1s, que no sea de ninguno de los temas mencionados. Despu\u00e9s eso pasa por una comisi\u00f3n bicameral, se emite dictamen y tiene que ser aprobado por, al menos, una de las C\u00e1maras\u201d, se\u00f1al\u00f3.<\/p>\n\n\n\n<p>La discusi\u00f3n, de acuerdo con lo que precis\u00f3 Lonigro, est\u00e1 en la interpretaci\u00f3n que se hace de las cuestiones extraordinarias que supuestamente imperan para utilizar esta herramienta, ya que eso es algo&nbsp;<strong>\u201ctotalmente subjetivo\u201d.<\/strong><\/p>\n\n\n\n<p>\u201cReformar el Consejo de la Magistratura o ampliar el n\u00famero de integrantes de la Corte, \u00bfest\u00e1n entre los temas prohibidos seg\u00fan el art\u00edculo 99, inciso 3, de la Constituci\u00f3n? No. Por lo tanto, tenemos que ver si hay circunstancias excepcionales o no. Para la Corte, circunstancias excepcionales son hechos de guerra, tsunamis o inundaciones que les impidan a los legisladores llegar al Congreso\u201d, aclar\u00f3.<\/p>\n\n\n\n<p>Sin embargo, el abogado se\u00f1al\u00f3 que \u201cpara los Presidentes, en cambio, una circunstancia excepcional puede ser cualquier cosa, como el regreso de la Selecci\u00f3n Argentina despu\u00e9s de haber ganado el Mundial, como pas\u00f3, por lo que con m\u00e1s raz\u00f3n van a considerar que existe ahora\u201d.<\/p>\n\n\n\n<p>\u201c<strong>Jam\u00e1s no dar qu\u00f3rum puede ser una circunstancia excepcional<\/strong>, porque eso es parte de la pr\u00e1ctica legislativa com\u00fan y corriente. De manera tal que, eso lo podemos discutir, pero desde el punto de vista t\u00e9cnico, aunque sea espantoso, el Presidente puede hacer semejantes cosas. Pero la culpa no es m\u00eda, es de la reforma del \u201896 y de la ley 26.122, sancionada en 2006, cuya autor\u00eda es de la actual vicepresidenta (Cristina Kirchner), que permite que con la aprobaci\u00f3n de una sola C\u00e1mara, cualquier DNU siga vigente\u201d, cerr\u00f3.<\/p>\n\n\n\n<p>De esta manera, desestim\u00f3 el argumento del diputado nacional Carlos Heller, quien recientemente opin\u00f3 que \u201csi el Parlamento no funciona, est\u00e1 dada la necesidad y la urgencia porque hay cosas que resolver que no se est\u00e1n resolviendo\u201d.<\/p>\n\n\n\n<p>Por su parte, el tambi\u00e9n abogado constitucionalista&nbsp;<strong>Daniel Sabsay<\/strong>&nbsp;remarc\u00f3 que, si bien los proyectos del oficialismo no est\u00e1n dentro de los cuatro temas que no se pueden resolver por decreto, \u201cla Constituci\u00f3n es muy clara respecto de ellos y dice que, como principio general, est\u00e1n prohibidos\u201d.<\/p>\n\n\n\n<p>\u201cSolo permite su utilizaci\u00f3n en circunstancias que impidan el tr\u00e1mite normal del Poder Legislativo, excluyendo siempre esas cuatro materias, por lo tanto, en este caso el asunto entrar\u00eda en la prohibici\u00f3n general, ya que no hay una urgencia ni una necesidad\u201d, indic\u00f3.<\/p>\n\n\n\n<p>En esta l\u00ednea, el especialista asegur\u00f3 que \u201cel principio de legalidad en estos temas es absoluto, adem\u00e1s, esto algo que lo puede llevar a juicios muy gravosos, a situaciones econ\u00f3micas complicadas, incluso despu\u00e9s de que deje la Presidencia\u201d.<\/p>\n\n\n\n<p>\u201cYo no creo que lo haga, cualquier fiscal realizar\u00eda la denuncia correspondiente y avanzar\u00eda con&nbsp;<strong>un amparo<\/strong>&nbsp;si lo hace. Las consideran cuestiones excepcionales porque a ellos les conviene considerarlas as\u00ed, pero en realidad no hay una urgencia real, es todo parte del relato. La Corte Suprema ha establecido en varias sentencias que las circunstancias excepcionales son, por ejemplo, una tragedia natural o una situaci\u00f3n econ\u00f3mica de tal magnitud que exija que inmediatamente se tengan que tomar medidas, y que el \u00fanico que pueda hacerlo sea el Poder Ejecutivo\u201d, finaliz\u00f3.<\/p>\n","protected":false},"excerpt":{"rendered":"<p>En di\u00e1logo con Infobae, distintos abogados se\u00f1alaron que Alberto Fern\u00e1ndez est\u00e1 habilitado a realizar la maniobra, pero adelantaron que podr\u00edan presentarse medidas de amparo Las declaraciones de varios referentes del&hellip; <\/p>\n","protected":false},"author":1,"featured_media":34014,"comment_status":"closed","ping_status":"open","sticky":false,"template":"","format":"standard","meta":{"footnotes":""},"categories":[3],"tags":[],"class_list":["post-34013","post","type-post","status-publish","format-standard","has-post-thumbnail","hentry","category-politica"],"_links":{"self":[{"href":"https:\/\/corrientesdetarde.com\/index.php\/wp-json\/wp\/v2\/posts\/34013","targetHints":{"allow":["GET"]}}],"collection":[{"href":"https:\/\/corrientesdetarde.com\/index.php\/wp-json\/wp\/v2\/posts"}],"about":[{"href":"https:\/\/corrientesdetarde.com\/index.php\/wp-json\/wp\/v2\/types\/post"}],"author":[{"embeddable":true,"href":"https:\/\/corrientesdetarde.com\/index.php\/wp-json\/wp\/v2\/users\/1"}],"replies":[{"embeddable":true,"href":"https:\/\/corrientesdetarde.com\/index.php\/wp-json\/wp\/v2\/comments?post=34013"}],"version-history":[{"count":1,"href":"https:\/\/corrientesdetarde.com\/index.php\/wp-json\/wp\/v2\/posts\/34013\/revisions"}],"predecessor-version":[{"id":34015,"href":"https:\/\/corrientesdetarde.com\/index.php\/wp-json\/wp\/v2\/posts\/34013\/revisions\/34015"}],"wp:featuredmedia":[{"embeddable":true,"href":"https:\/\/corrientesdetarde.com\/index.php\/wp-json\/wp\/v2\/media\/34014"}],"wp:attachment":[{"href":"https:\/\/corrientesdetarde.com\/index.php\/wp-json\/wp\/v2\/media?parent=34013"}],"wp:term":[{"taxonomy":"category","embeddable":true,"href":"https:\/\/corrientesdetarde.com\/index.php\/wp-json\/wp\/v2\/categories?post=34013"},{"taxonomy":"post_tag","embeddable":true,"href":"https:\/\/corrientesdetarde.com\/index.php\/wp-json\/wp\/v2\/tags?post=34013"}],"curies":[{"name":"wp","href":"https:\/\/api.w.org\/{rel}","templated":true}]}}