{"id":34020,"date":"2023-01-17T19:16:52","date_gmt":"2023-01-17T22:16:52","guid":{"rendered":"https:\/\/corrientesdetarde.com\/?p=34020"},"modified":"2023-01-17T19:17:00","modified_gmt":"2023-01-17T22:17:00","slug":"la-madre-de-lucio-dupuy-sera-sentenciada-el-2-de-febrero-a-mi-hijo-lo-lloro-en-privado","status":"publish","type":"post","link":"https:\/\/corrientesdetarde.com\/index.php\/crimen-y-justicia\/la-madre-de-lucio-dupuy-sera-sentenciada-el-2-de-febrero-a-mi-hijo-lo-lloro-en-privado\/","title":{"rendered":"La madre de Lucio Dupuy ser\u00e1 sentenciada el 2 de febrero: &#8220;A mi hijo lo lloro en privado&#8221;"},"content":{"rendered":"\n<h2 class=\"wp-block-heading\">La fiscal del caso, Ver\u00f3nica Ferrero, pidi\u00f3 que las acusadas reciban una sentencia \u201cjusta y correcta\u201d. El juicio culmin\u00f3 luego de 18 audiencias a puertas cerradas.<\/h2>\n\n\n\n<p>Tras 18 audiencias a puertas cerradas,\u00a0<strong>culmin\u00f3 el juicio por el asesinato de\u00a0Lucio Dupuy\u00a0y el pr\u00f3ximo 2 de febrero se conocer\u00e1 el veredicto<\/strong>\u00a0de los jueces. Durante el alegato final, tanto la madre del ni\u00f1o,\u00a0<strong>Magdalena Esp\u00f3sito Valenti<\/strong>, como su pareja,\u00a0<strong>Abigail P\u00e1ez<\/strong>, tuvieron la posibilidad de decir sus \u00faltimas palabras sobre el caso.<\/p>\n\n\n\n<p>\u201cA muchos les parecer\u00e1 mal que no est\u00e9 llorando, pero me mentalic\u00e9 para ser lo m\u00e1s fuerte posible para poder hablar claramente.<strong>\u00a0A\u00a0Lucio\u00a0lo lloro en privado<\/strong>, me parece m\u00e1s humano que hacerlo delante de personas que no me conocen a m\u00ed, ni conocieron a Lucio\u201d, sostuvo Esp\u00f3sito.<\/p>\n\n\n\n<p>El Ministerio P\u00fablico Fiscal acus\u00f3 a Magdalena Esp\u00f3sito Valenti, la madre del peque\u00f1o, y su pareja Abigail P\u00e1ez, por<strong>\u00a0homicidio calificado y abuso sexual gravemente ultrajante de\u00a0Lucio Dupuy\u00a0de 5 a\u00f1os<\/strong>.<\/p>\n\n\n\n<p>P\u00e1ez, a su turno dijo que \u201cno declar\u00e9 en la polic\u00eda lo del robo porque no era verdad, fue un momento de desesperaci\u00f3n. Eso se lo dije a un vecino que no conoc\u00eda.<strong>&nbsp;No vine ac\u00e1 a mentir, sino a dar mi versi\u00f3n y a decir la verdad de los hechos<\/strong>; y aunque no jur\u00e9, lo juro ahora por todas mis creencias que lo que dije es la verdad\u201d.<\/p>\n\n\n\n<p>\u201cTodo lo que puedan decir de mi es horrible, por eso le pido perd\u00f3n a las personas se hayan sentido tocadas por el tema y por toda esta situaci\u00f3n, y que lo lloran y lo extra\u00f1an como me pasa a mi y a su mam\u00e1 \u2013acot\u00f3\u2013. Y tambi\u00e9n quiero pedirles disculpas a mi familia y a mi mam\u00e1 porque le fall\u00e9, porque ella no me ense\u00f1\u00f3 estas cosas.<strong>&nbsp;No s\u00e9 realmente lo que pas\u00f3, tengo muchas lagunas en la cabeza, y si no cont\u00e9 detalles es porque estoy muy traumada<\/strong>. S\u00e9 que \u00e9l (por Lucio) me perdon\u00f3. Ojal\u00e1 yo me pueda perdonar\u201d, concluy\u00f3.<\/p>\n\n\n\n<p>En su alegato de cierre, la fiscal Ver\u00f3nica Ferrero \u2013que estuvo acompa\u00f1ada por el fiscal general M\u00e1ximo Paulucci y por su par M\u00f3nica Rivero\u2013 dio por probado que aquel d\u00eda&nbsp;<strong>las acusadas \u201cagredieron f\u00edsicamente, en forma conjunta\u201d, a Lucio<\/strong>&nbsp;entre las 17.30 y las 19.40 ocasion\u00e1ndole m\u00faltiples lesiones; y agreg\u00f3 que esas lesiones le provocaron la muerte luego de un per\u00edodo de agon\u00eda.<\/p>\n\n\n\n<p>&#8220;Deseo que la vida pase r\u00e1pido para volver a verte&#8221;: la sentida carta del padre de Lucio Dupuy<\/p>\n\n\n\n<p>Ferrero, bas\u00e1ndose en la autopsia, habl\u00f3 de un maltrato f\u00edsico continuo \u2013aludi\u00f3 a lesiones de vieja data\u2013 y consider\u00f3 que tambi\u00e9n quedaron acreditados los abusos sexuales en reiteradas ocasiones.<\/p>\n\n\n\n<p>Por ello, acus\u00f3 a Esp\u00f3sito Valenti de abuso sexual gravemente ultrajante por las circunstancias de realizaci\u00f3n con acceso carnal v\u00eda anal con un objeto agravado por haber sido cometido por la ascendiente (progenitora), con el concurso de dos personas y aprovechando la convivencia con la v\u00edctima menor de 18 a\u00f1os; todo como delito continuado; en concurso real con homicidio calificado por ser la ascendiente, por ensa\u00f1amiento y alevos\u00eda.<\/p>\n\n\n\n<p><strong>A P\u00e1ez le imput\u00f3 abuso sexual gravemente ultrajante por las circunstancias de realizaci\u00f3n y con acceso carnal v\u00eda anal con un objeto<\/strong>; agravado por haber sido cometido por la guardadora, con el concurso de dos personas y aprovechando la convivencia con la v\u00edctima menor de 18 a\u00f1os; todo como delito continuado; en concurso real con homicidio calificado por ensa\u00f1amiento y alevos\u00eda.<\/p>\n\n\n\n<figure class=\"wp-block-image\"><img decoding=\"async\" src=\"https:\/\/fotos.perfil.com\/\/2022\/11\/25\/900\/0\/lucio-dupuy-20221124-1459864.jpg\" alt=\"Lucio Dupuy 20221124\"\/><\/figure>\n\n\n\n<p>Seg\u00fan fuentes judiciales, con estas acusaciones&nbsp;<strong>a las acusadas les corresponder\u00eda una pena de prisi\u00f3n perpetua<\/strong>.<\/p>\n\n\n\n<p>Por su parte, el apoderado de la querella particular, Jos\u00e9 Mario Aguerrido \u2013que representa al padre de Lucio, Christian Dupuy\u2013, adhiri\u00f3 a esas calificaciones legales y agreg\u00f3 la agravante de&nbsp;<strong>odio de g\u00e9nero para el homicidio<\/strong>. Sostuvo que esa fue la motivaci\u00f3n para matar a Lucio y que ello qued\u00f3 probado a partir del nivel de \u201cviolencia continua\u201d que existi\u00f3 hacia el ni\u00f1o.<\/p>\n\n\n\n<p>El querellante aval\u00f3 la teor\u00eda de la fiscal\u00eda de que Esp\u00f3sito Valenti y P\u00e1ez estaban en el departamento de la calle Allan Kardec cuando Lucio recibi\u00f3 la golpiza. Dijo que \u201cambas lo atacaron o la atac\u00f3 una y la otro no hizo nada para evitarlo\u201d.<\/p>\n\n\n\n<h2 class=\"wp-block-heading\">El pedido de las defensas<\/h2>\n\n\n\n<p>Blanco G\u00f3mez, defensora oficial de P\u00e1ez, afirm\u00f3 que no existi\u00f3 un homicidio agravado sino un homicidio preterintencional, es decir que no existi\u00f3 dolo (intencionalidad) y que<strong>&nbsp;la imputada \u2013que admiti\u00f3 haberle pegado a Lucio\u2013 no busc\u00f3 el resultado muerte<\/strong>. Por eso enumer\u00f3 siete conductas que la imputada ejecut\u00f3 para evitar el deceso del ni\u00f1o. Entre ellas mencion\u00f3 la pr\u00e1ctica de RCP para reanimarlo, su traslado a la posta sanitaria del barrio Atuel, la b\u00fasqueda de ayuda en la polic\u00eda y el llevarlo al hospital Evita. \u201cSon conductas que deben ser valoradas de que no quiso matar\u201d, les manifest\u00f3 a la jueza Alejandra Ongaro y a los jueces Daniel S\u00e1ez Zamora y Andr\u00e9s Oli\u00e9. A su vez cuestion\u00f3 las conclusiones de la autopsia.<\/p>\n\n\n\n<p>La defensa asever\u00f3 que \u201cninguna de las tres agravantes\u201d planteadas por el Ministerio P\u00fablico Fiscal para el homicidio quedaron probadas, agregando que en el peor escenario pudo existir un homicidio simple con dolo eventual. Con respecto a la acusaci\u00f3n de abuso sexual<strong>&nbsp;pidi\u00f3 la absoluci\u00f3n de P\u00e1ez por el beneficio de la duda<\/strong>. Y asever\u00f3 que la mediatizaci\u00f3n del caso provoc\u00f3 un \u201cestado de indefensi\u00f3n\u201d en la imputada.<\/p>\n\n\n\n<p>El defensor oficial&nbsp;<strong>Pablo De Biasi pidi\u00f3 la absoluci\u00f3n de Esp\u00f3sito Valenti por ambos delitos<\/strong>. Asegur\u00f3 que \u201cen el lugar de los hechos hubo una persona y no dos\u201d y descart\u00f3 la coautor\u00eda del homicidio. \u201cLa \u00fanica testigo fue Abigail\u201d, acot\u00f3. Tambi\u00e9n descart\u00f3 cualquier responsabilidad de la madre por omisi\u00f3n. En forma subsidiaria plante\u00f3 que, si fuera hallada culpable, solo podr\u00eda imput\u00e1rsele una conducta preterintencional.<\/p>\n\n\n\n<p>Por otro lado, manifest\u00f3 que la fiscal\u00eda y la querella efectuaron \u201cmuchos recortes\u201d a los hechos para encuadrarlos en sus teor\u00edas y agreg\u00f3 que durante el proceso se diluy\u00f3 la responsabilidad del padre en el cuidado de Lucio.<\/p>\n\n\n\n<p><a target=\"_blank\" href=\"https:\/\/www.perfil.com\/noticias\/politica\/caso-lucio-dupuy-declaro-la-madre-acusada-por-el-asesinato-y-dijo-que-cuando-lo-deje-en-casa-estaba-vivo.phtml\" rel=\"noreferrer noopener\">Caso Lucio Dupuy: declar\u00f3 la madre acusada por el asesinato y dijo que &#8220;cuando lo dej\u00e9 en casa estaba vivo&#8221;<\/a><\/p>\n\n\n\n<p>El \u00faltimo alegato fue el de la asesora de Ni\u00f1as, Ni\u00f1os y Adolescentes, Graciela Massara. Ella respondi\u00f3 objeciones de las defensas sobre los alcances de la intervenci\u00f3n del organismo en este tipo de procesos; reafirm\u00f3 que existi\u00f3 maltrato infantil por acci\u00f3n y omisi\u00f3n; y reiter\u00f3 que las acusadas fueron violentas con Lucio. Su intervenci\u00f3n gir\u00f3 en torno a la legislaci\u00f3n que protege los derechos y el inter\u00e9s superior del ni\u00f1o. Massara adhiri\u00f3 a la acusaci\u00f3n de la fiscal.<\/p>\n\n\n\n<h2 class=\"wp-block-heading\">Juicio de cesura<\/h2>\n\n\n\n<p>Las defensas de las acusadas solicitaron la divisi\u00f3n del debate, lo que com\u00fanmente se denomina juicio de cesura o cesura de juicio. Eso es posible \u201ccuando la pena m\u00e1xima de los hechos punibles imputados, seg\u00fan la calificaci\u00f3n jur\u00eddica de la acusaci\u00f3n y del auto de apertura, supere los seis a\u00f1os de prisi\u00f3n\u201d, de acuerdo a lo que establece el art\u00edculo 343 del C\u00f3digo Procesal Penal de La Pampa.<\/p>\n\n\n\n<p>Por lo tanto, cuando se conozca la sentencia, el Tribunal resolver\u00e1 solamente si Esp\u00f3sito Valenti y P\u00e1ez son culpables o inocentes, pero no fijar\u00e1 una pena. Para ello habr\u00e1 una nueva audiencia en un plazo no mayor a los 15 d\u00edas a partir de conocerse el fallo.<\/p>\n","protected":false},"excerpt":{"rendered":"<p>La fiscal del caso, Ver\u00f3nica Ferrero, pidi\u00f3 que las acusadas reciban una sentencia \u201cjusta y correcta\u201d. El juicio culmin\u00f3 luego de 18 audiencias a puertas cerradas. Tras 18 audiencias a&hellip; <\/p>\n","protected":false},"author":1,"featured_media":34021,"comment_status":"closed","ping_status":"open","sticky":false,"template":"","format":"standard","meta":{"footnotes":""},"categories":[5],"tags":[],"class_list":["post-34020","post","type-post","status-publish","format-standard","has-post-thumbnail","hentry","category-crimen-y-justicia"],"_links":{"self":[{"href":"https:\/\/corrientesdetarde.com\/index.php\/wp-json\/wp\/v2\/posts\/34020","targetHints":{"allow":["GET"]}}],"collection":[{"href":"https:\/\/corrientesdetarde.com\/index.php\/wp-json\/wp\/v2\/posts"}],"about":[{"href":"https:\/\/corrientesdetarde.com\/index.php\/wp-json\/wp\/v2\/types\/post"}],"author":[{"embeddable":true,"href":"https:\/\/corrientesdetarde.com\/index.php\/wp-json\/wp\/v2\/users\/1"}],"replies":[{"embeddable":true,"href":"https:\/\/corrientesdetarde.com\/index.php\/wp-json\/wp\/v2\/comments?post=34020"}],"version-history":[{"count":1,"href":"https:\/\/corrientesdetarde.com\/index.php\/wp-json\/wp\/v2\/posts\/34020\/revisions"}],"predecessor-version":[{"id":34022,"href":"https:\/\/corrientesdetarde.com\/index.php\/wp-json\/wp\/v2\/posts\/34020\/revisions\/34022"}],"wp:featuredmedia":[{"embeddable":true,"href":"https:\/\/corrientesdetarde.com\/index.php\/wp-json\/wp\/v2\/media\/34021"}],"wp:attachment":[{"href":"https:\/\/corrientesdetarde.com\/index.php\/wp-json\/wp\/v2\/media?parent=34020"}],"wp:term":[{"taxonomy":"category","embeddable":true,"href":"https:\/\/corrientesdetarde.com\/index.php\/wp-json\/wp\/v2\/categories?post=34020"},{"taxonomy":"post_tag","embeddable":true,"href":"https:\/\/corrientesdetarde.com\/index.php\/wp-json\/wp\/v2\/tags?post=34020"}],"curies":[{"name":"wp","href":"https:\/\/api.w.org\/{rel}","templated":true}]}}