{"id":34023,"date":"2023-01-17T19:24:25","date_gmt":"2023-01-17T22:24:25","guid":{"rendered":"https:\/\/corrientesdetarde.com\/?p=34023"},"modified":"2023-01-17T19:24:32","modified_gmt":"2023-01-17T22:24:32","slug":"celac-cuba-y-venezuela-temen-que-ee-uu-pida-embargar-sus-aviones-oficiales-durante-la-cumbre-en-la-argentina","status":"publish","type":"post","link":"https:\/\/corrientesdetarde.com\/index.php\/internacionales\/celac-cuba-y-venezuela-temen-que-ee-uu-pida-embargar-sus-aviones-oficiales-durante-la-cumbre-en-la-argentina\/","title":{"rendered":"CELAC: Cuba y Venezuela temen que EE.UU. pida embargar sus aviones oficiales durante la cumbre en la Argentina"},"content":{"rendered":"\n<h2 class=\"wp-block-heading\">Las embajadas de ambos pa\u00edses expresaron su preocupaci\u00f3n al gobierno argentino. Quieren garant\u00edas para evitar sorpresas.<\/h2>\n\n\n\n<p>Los gobiernos de\u00a0Cuba\u00a0y\u00a0Venezuela\u00a0expresaron su preocupaci\u00f3n por un eventual embargo a los aviones oficiales que trasladen a sus respectivas delegaciones a Buenos Aires para participar de\u00a0la cumbre de la Comunidad de Estados Latinoamericanos y Caribe\u00f1os (CELAC), prevista para el 24 de este mes.<\/p>\n\n\n\n<p>El temor se basa en el antecedente del\u00a0Boeing 747-300 de Emtrasur\u00a0retenido en junio pasado en el aeropuerto de Ezeiza, a pedido de la justicia de Estados Unidos, con una tripulaci\u00f3n de 14 venezolanos y cinco iran\u00edes.<\/p>\n\n\n\n<p>Entonces, el ministerio de Justicia hizo lugar al pedido de secuestro que lleg\u00f3 desde Washington y desat\u00f3 un serio conflicto diplom\u00e1tico con Caracas.<\/p>\n\n\n\n<h2 class=\"wp-block-heading\">Hubo un planteo oficial de La Habana y Caracas ante el gobierno argentino<\/h2>\n\n\n\n<p>Seg\u00fan fuentes oficiales citadas por&nbsp;<em>Clar\u00edn<\/em>, los embajadores de Cuba y Venezuela en Argentina,&nbsp;<strong>Pedro Pablo Prada Quintero<\/strong>&nbsp;y&nbsp;<strong>Stella Lugo<\/strong>, respectivamente, expresaron al gobierno de Alberto Fern\u00e1ndez su temor por la seguridad de los aviones que trasladen a ambas delegaciones.<\/p>\n\n\n\n<p>Tanto D\u00edaz-Canel como Maduro se mueven en sus viajes por el exterior con aeronaves del&nbsp;<strong>Consorcio Venezolano de Industrias Aeron\u00e1uticas y Servicios A\u00e9reos (Conviasa).<\/strong><\/p>\n\n\n\n<figure class=\"wp-block-image\"><img decoding=\"async\" src=\"https:\/\/tn.com.ar\/resizer\/OpR0Ye99B4nmhMo9_BDRWJWymbo=\/767x0\/smart\/filters:format(webp)\/cloudfront-us-east-1.images.arcpublishing.com\/artear\/24P7D3PBUZDKDHSVMVFMELGELU.jpg\" alt=\"Nicol\u00e1s Maduro y Miguel D\u00edaz-Canel (Foto de archivo: EFE)\"\/><figcaption>Nicol\u00e1s Maduro y Miguel D\u00edaz-Canel (Foto de archivo: EFE)<\/figcaption><\/figure>\n\n\n\n<p>Ni La Habana ni Caracas han confirmado a\u00fan oficialmente la presencia de sus presidentes en la cumbre de la CELAC, de la que participar\u00e1 el flamante mandatario brasile\u00f1o,&nbsp;<strong>Luiz In\u00e1cio Lula da Silva<\/strong>.<\/p>\n\n\n\n<p>Lula llegar\u00e1 al pa\u00eds el 23 de enero, un d\u00eda antes de la reuni\u00f3n, en visita oficial, la primera que realiza al exterior en su tercer mandato.<\/p>\n\n\n\n<h2 class=\"wp-block-heading\">Las negociaciones siguen: el antecedente de otro avi\u00f3n de Conviasa que lleg\u00f3 a la Argentina<\/h2>\n\n\n\n<p>Las fuentes dijeron que el pedido de garant\u00edas que solicit\u00f3 el embajador Prada Quintero no fue satisfecho. No obstante, conf\u00edan en la buena relaci\u00f3n con el gobierno argentino y en especial con el kirchnerismo.<\/p>\n\n\n\n<p>La aerol\u00ednea Conviasa, usada tanto por D\u00edaz-Canel como por Maduro, est\u00e1 sancionada por la Oficina de Control de Activos Extranjeros de los Estados Unidos. Est\u00e1 acusada de formar parte de un presunto esquema de corrupci\u00f3n montado por el gobierno venezolano.<\/p>\n\n\n\n<p>Un hecho que puede servir de antecedente es\u00a0<a href=\"https:\/\/tn.com.ar\/politica\/2023\/01\/05\/un-avion-de-conviasa-la-aerolinea-sancionada-por-eeuu-aterrizo-en-buenos-aires-proveniente-de-venezuela\/\">la reciente llegada a Buenos Aires de un avi\u00f3n de Conviada en el que viajaron seis funcionarios venezolanos<\/a>. Pero la aeronave sali\u00f3 del aeropuerto tres horas despu\u00e9s de conocerse la noticia de su arribo.<\/p>\n","protected":false},"excerpt":{"rendered":"<p>Las embajadas de ambos pa\u00edses expresaron su preocupaci\u00f3n al gobierno argentino. Quieren garant\u00edas para evitar sorpresas. Los gobiernos de\u00a0Cuba\u00a0y\u00a0Venezuela\u00a0expresaron su preocupaci\u00f3n por un eventual embargo a los aviones oficiales que&hellip; <\/p>\n","protected":false},"author":1,"featured_media":34024,"comment_status":"closed","ping_status":"open","sticky":false,"template":"","format":"standard","meta":{"footnotes":""},"categories":[11],"tags":[],"class_list":["post-34023","post","type-post","status-publish","format-standard","has-post-thumbnail","hentry","category-internacionales"],"_links":{"self":[{"href":"https:\/\/corrientesdetarde.com\/index.php\/wp-json\/wp\/v2\/posts\/34023","targetHints":{"allow":["GET"]}}],"collection":[{"href":"https:\/\/corrientesdetarde.com\/index.php\/wp-json\/wp\/v2\/posts"}],"about":[{"href":"https:\/\/corrientesdetarde.com\/index.php\/wp-json\/wp\/v2\/types\/post"}],"author":[{"embeddable":true,"href":"https:\/\/corrientesdetarde.com\/index.php\/wp-json\/wp\/v2\/users\/1"}],"replies":[{"embeddable":true,"href":"https:\/\/corrientesdetarde.com\/index.php\/wp-json\/wp\/v2\/comments?post=34023"}],"version-history":[{"count":1,"href":"https:\/\/corrientesdetarde.com\/index.php\/wp-json\/wp\/v2\/posts\/34023\/revisions"}],"predecessor-version":[{"id":34025,"href":"https:\/\/corrientesdetarde.com\/index.php\/wp-json\/wp\/v2\/posts\/34023\/revisions\/34025"}],"wp:featuredmedia":[{"embeddable":true,"href":"https:\/\/corrientesdetarde.com\/index.php\/wp-json\/wp\/v2\/media\/34024"}],"wp:attachment":[{"href":"https:\/\/corrientesdetarde.com\/index.php\/wp-json\/wp\/v2\/media?parent=34023"}],"wp:term":[{"taxonomy":"category","embeddable":true,"href":"https:\/\/corrientesdetarde.com\/index.php\/wp-json\/wp\/v2\/categories?post=34023"},{"taxonomy":"post_tag","embeddable":true,"href":"https:\/\/corrientesdetarde.com\/index.php\/wp-json\/wp\/v2\/tags?post=34023"}],"curies":[{"name":"wp","href":"https:\/\/api.w.org\/{rel}","templated":true}]}}