{"id":34053,"date":"2023-01-17T23:16:51","date_gmt":"2023-01-18T02:16:51","guid":{"rendered":"https:\/\/corrientesdetarde.com\/?p=34053"},"modified":"2023-01-17T23:17:21","modified_gmt":"2023-01-18T02:17:21","slug":"una-nena-activo-el-boton-antipanico-y-salvo-a-su-mama-de-los-ataques-de-su-expareja-el-audio","status":"publish","type":"post","link":"https:\/\/corrientesdetarde.com\/index.php\/crimen-y-justicia\/una-nena-activo-el-boton-antipanico-y-salvo-a-su-mama-de-los-ataques-de-su-expareja-el-audio\/","title":{"rendered":"Una nena activ\u00f3 el bot\u00f3n antip\u00e1nico y salv\u00f3 a su mam\u00e1 de los ataques de su expareja"},"content":{"rendered":"\n<h2 class=\"wp-block-heading\">El hombre viol\u00f3 la perimetral y lleg\u00f3 a la casa de la mujer para amenazarla. Ante la situaci\u00f3n, la menor resguard\u00f3 a su hermanito y llam\u00f3 a la polic\u00eda.<\/h2>\n\n\n\n<p>Una nena salv\u00f3 la vida de su mam\u00e1 cuando vio que la expareja de la mujer fue al\u00a0domicilio a agredirla\u00a0y activ\u00f3 el\u00a0<strong>bot\u00f3n antip\u00e1nico<\/strong>\u00a0que le hab\u00eda dado el municipio de\u00a0<strong>Lan\u00fas.<\/strong>\u00a0Al alertar al Centro de Monitoreo local, intervino r\u00e1pidamente la polic\u00eda y detuvo al hombre.<\/p>\n\n\n\n<p><a href=\"https:\/\/tn.com.ar\/policiales\/2023\/01\/17\/una-nena-activo-el-boton-antipanico-y-salvo-a-su-mama-de-los-ataques-de-su-expareja-el-audio\/\">https:\/\/tn.com.ar\/policiales\/2023\/01\/17\/una-nena-activo-el-boton-antipanico-y-salvo-a-su-mama-de-los-ataques-de-su-expareja-el-audio\/<\/a><\/p>\n\n\n\n<p>La mujer hab\u00eda denunciado al agresor en 2021 por<strong>\u00a0lesiones y abuso sexual,<\/strong>\u00a0adem\u00e1s de pedir una<strong>\u00a0restricci\u00f3n perimetral<\/strong>\u00a0que finalmente viol\u00f3 para amenazarla frente a sus hijos.<\/p>\n\n\n\n<p>Todo comenz\u00f3 cuando el hombre, identificado como Iv\u00e1n C. de 27 a\u00f1os, irrumpi\u00f3 en la casa ubicada en el barrio ACUBA para&nbsp;<strong>amenazar a la mujer.<\/strong>&nbsp;En ese momento, la hija mayor de la v\u00edctima busc\u00f3 un refugio y se escondi\u00f3 junto a su hermano de dos a\u00f1os.<\/p>\n\n\n\n<p>Frente a esa situaci\u00f3n, la nena decidi\u00f3 activar el bot\u00f3n antip\u00e1nico y alertar inmediatamente al Centro de Monitoreo para que act\u00fae.&nbsp;<strong>\u201cVino la expareja de mi mam\u00e1\u201d<\/strong>, susurr\u00f3, mientras intentaba escuchar qu\u00e9 suced\u00eda con su mam\u00e1.<\/p>\n\n\n\n<figure class=\"wp-block-image\"><img decoding=\"async\" src=\"https:\/\/tn.com.ar\/resizer\/mO5TC1B_bcWsSNd8s-XUoAvNDPo=\/767x0\/smart\/filters:format(webp)\/cloudfront-us-east-1.images.arcpublishing.com\/artear\/UJVW2SFCGRD6NAT37I7YHI2UTQ.jpg\" alt=\"La nena activ\u00f3 r\u00e1pidamente el bot\u00f3n antip\u00e1nico y dio alerta a la polic\u00eda para defender a su mam\u00e1. (Foto: Adobestock)\"\/><figcaption>La nena activ\u00f3 r\u00e1pidamente el bot\u00f3n antip\u00e1nico y dio alerta a la polic\u00eda para defender a su mam\u00e1. (Foto: Adobestock)<\/figcaption><\/figure>\n\n\n\n<p>All\u00ed, la operadora le pide los datos necesarios para poder acercarse al domicilio y, a los pocos minutos, lleg\u00f3 el personal de las Patrullas de Respuesta Inmediata (PRI).<\/p>\n\n\n\n<p>Los oficiales pudieron reducir al agresor, que continuaba\u00a0<strong>amenazando con un arma blanca a su ex.\u00a0<\/strong>El hombre fue arrestado y luego trasladado a la Comisar\u00eda 5\u00b0 de Lan\u00fas. Una vez que llegaron los m\u00f3viles, la nena se manifest\u00f3 m\u00e1s tranquila e inform\u00f3 que se encontraban todos bien.<\/p>\n\n\n\n<p>Seg\u00fan confirmar fuentes oficiales, la mujer de 31 a\u00f1os hab\u00eda tomado la decisi\u00f3n de separarse del agresor en 2021, luego de enterarse de que hab\u00eda&nbsp;<strong>\u201cmanoseado\u201d a una de sus hijas.<\/strong><\/p>\n\n\n\n<p>En ese per\u00edodo, confirm\u00f3 el&nbsp;<strong>maltrato f\u00edsico y psicol\u00f3gico<\/strong>&nbsp;que ven\u00eda sufriendo por parte del agresor y lo denunci\u00f3 por lesi\u00f3n y abuso sexual. Adem\u00e1s de estas acusaciones, el hombre ten\u00eda en su contra un&nbsp;<strong>pedido de captura activo<\/strong>&nbsp;y pose\u00eda&nbsp;<strong>antecedentes por robo.<\/strong><\/p>\n\n\n\n<p>Desde la coordinaci\u00f3n de botones antip\u00e1nico de Lan\u00fas, se\u00f1alaron que&nbsp;<strong>durante el 2022 fueron aprehendidos 85 agresores&nbsp;<\/strong>que hab\u00edan violado la medida perimetral gracias a la activaci\u00f3n del dispositivo.<\/p>\n","protected":false},"excerpt":{"rendered":"<p>El hombre viol\u00f3 la perimetral y lleg\u00f3 a la casa de la mujer para amenazarla. Ante la situaci\u00f3n, la menor resguard\u00f3 a su hermanito y llam\u00f3 a la polic\u00eda. Una&hellip; <\/p>\n","protected":false},"author":1,"featured_media":34054,"comment_status":"closed","ping_status":"open","sticky":false,"template":"","format":"standard","meta":{"footnotes":""},"categories":[5],"tags":[],"class_list":["post-34053","post","type-post","status-publish","format-standard","has-post-thumbnail","hentry","category-crimen-y-justicia"],"_links":{"self":[{"href":"https:\/\/corrientesdetarde.com\/index.php\/wp-json\/wp\/v2\/posts\/34053","targetHints":{"allow":["GET"]}}],"collection":[{"href":"https:\/\/corrientesdetarde.com\/index.php\/wp-json\/wp\/v2\/posts"}],"about":[{"href":"https:\/\/corrientesdetarde.com\/index.php\/wp-json\/wp\/v2\/types\/post"}],"author":[{"embeddable":true,"href":"https:\/\/corrientesdetarde.com\/index.php\/wp-json\/wp\/v2\/users\/1"}],"replies":[{"embeddable":true,"href":"https:\/\/corrientesdetarde.com\/index.php\/wp-json\/wp\/v2\/comments?post=34053"}],"version-history":[{"count":2,"href":"https:\/\/corrientesdetarde.com\/index.php\/wp-json\/wp\/v2\/posts\/34053\/revisions"}],"predecessor-version":[{"id":34056,"href":"https:\/\/corrientesdetarde.com\/index.php\/wp-json\/wp\/v2\/posts\/34053\/revisions\/34056"}],"wp:featuredmedia":[{"embeddable":true,"href":"https:\/\/corrientesdetarde.com\/index.php\/wp-json\/wp\/v2\/media\/34054"}],"wp:attachment":[{"href":"https:\/\/corrientesdetarde.com\/index.php\/wp-json\/wp\/v2\/media?parent=34053"}],"wp:term":[{"taxonomy":"category","embeddable":true,"href":"https:\/\/corrientesdetarde.com\/index.php\/wp-json\/wp\/v2\/categories?post=34053"},{"taxonomy":"post_tag","embeddable":true,"href":"https:\/\/corrientesdetarde.com\/index.php\/wp-json\/wp\/v2\/tags?post=34053"}],"curies":[{"name":"wp","href":"https:\/\/api.w.org\/{rel}","templated":true}]}}