{"id":34061,"date":"2023-01-18T08:16:58","date_gmt":"2023-01-18T11:16:58","guid":{"rendered":"https:\/\/corrientesdetarde.com\/?p=34061"},"modified":"2023-01-18T08:17:01","modified_gmt":"2023-01-18T11:17:01","slug":"dos-medicos-y-la-posible-declaracion-de-imputados-en-la-ultima-jornada-de-pruebas","status":"publish","type":"post","link":"https:\/\/corrientesdetarde.com\/index.php\/crimen-y-justicia\/dos-medicos-y-la-posible-declaracion-de-imputados-en-la-ultima-jornada-de-pruebas\/","title":{"rendered":"Dos m\u00e9dicos y la posible declaraci\u00f3n de imputados en la \u00faltima jornada de pruebas"},"content":{"rendered":"\n<p>Con el testimonio de dos m\u00e9dicos forenses y la atenci\u00f3n puesta en la posibilidad de que alguno de los imputados opte por brindar declaraci\u00f3n, se llevar\u00e1 adelante la \u00faltima jornada de presentaci\u00f3n de prueba del juicio por el crimen de Fernando B\u00e1ez Sosa, en la cual ocho j\u00f3venes son juzgados por el homicidio.<\/p>\n\n\n\n<p>Fuentes judiciales indicaron a T\u00e9lam que son solo dos los testigos que restan declarar ante el Tribunal Oral en lo Criminal (TOC) 1 de Dolores ya que el resto de los que estaban pautados inicialmente fueron reprogramados para las audiencias previas o desistidos por las partes.<\/p>\n\n\n\n<p>A partir de las 9, declarar\u00e1n los m\u00e9dicos Juan Jos\u00e9 Fenoglio y Jorge Rodolfo Velich, peritos de parte de la defensa, a cargo de Hugo Tomei, quien ayer por la tarde visit\u00f3 a los ocho acusados a los que representa en la Unidad Penal 6 de Dolores y estuvo con ellos durante casi tres horas.<\/p>\n\n\n\n<p>&#8220;Estuve reunido. Lo que hablamos es parte del secreto profesional y es confidencial&#8221;, dijo el letrado a la prensa al retirarse de la c\u00e1rcel.<\/p>\n\n\n\n<p>En tanto, fuentes cercanas a la defensa indicaron que los testimonios de Fenoglio y Velich apuntar\u00e1n a presuntas inconsistencias en el trabajo del m\u00e9dico Diego Duarte, que practic\u00f3 la autopsia de Fernando tras el crimen, en el Hospital de Pinamar.<\/p>\n\n\n\n<p>M\u00e1s all\u00e1 de esos testigos, la atenci\u00f3n estar\u00e1 puesta adem\u00e1s en la posibilidad de que alg\u00fan imputado opte por declarar ante los jueces Mar\u00eda Claudia Castro, Emiliano Lazzari y Christian Rabaia, luego de que tres de ellos lo hicieran en jornadas previas.<\/p>\n\n\n\n<p>Desde el inicio del juicio, declararon hasta el momento Luciano Pertossi (21), primero en romper el silencio el \u00faltimo jueves; M\u00e1ximo Thomsen (23), quien lo hizo el \u00faltimo lunes, y en el pen\u00faltimo d\u00eda de testimonios pidi\u00f3 declarar Ciro Pertossi (22).<\/p>\n\n\n\n<p>Est\u00e1 previsto que los padres de Fernando presencien las declaraciones en la sala de audiencias del primer piso de los tribunales, como ocurri\u00f3 durante todo el debate, luego de haber declarado ellos mismos como testigos en la apertura.<\/p>\n\n\n\n<p>Los ocho imputados -Thomsen, Enzo Comelli (22), Mat\u00edas Benicelli (23), Blas Cinalli (21), Ayrton Viollaz (23), y Luciano, Ciro y Lucas Pertossi (23)- tambi\u00e9n estar\u00e1n presentes, al igual que a lo largo de todo el juicio.<\/p>\n","protected":false},"excerpt":{"rendered":"<p>Con el testimonio de dos m\u00e9dicos forenses y la atenci\u00f3n puesta en la posibilidad de que alguno de los imputados opte por brindar declaraci\u00f3n, se llevar\u00e1 adelante la \u00faltima jornada&hellip; <\/p>\n","protected":false},"author":4,"featured_media":34065,"comment_status":"closed","ping_status":"open","sticky":false,"template":"","format":"standard","meta":{"footnotes":""},"categories":[5],"tags":[],"class_list":["post-34061","post","type-post","status-publish","format-standard","has-post-thumbnail","hentry","category-crimen-y-justicia"],"_links":{"self":[{"href":"https:\/\/corrientesdetarde.com\/index.php\/wp-json\/wp\/v2\/posts\/34061","targetHints":{"allow":["GET"]}}],"collection":[{"href":"https:\/\/corrientesdetarde.com\/index.php\/wp-json\/wp\/v2\/posts"}],"about":[{"href":"https:\/\/corrientesdetarde.com\/index.php\/wp-json\/wp\/v2\/types\/post"}],"author":[{"embeddable":true,"href":"https:\/\/corrientesdetarde.com\/index.php\/wp-json\/wp\/v2\/users\/4"}],"replies":[{"embeddable":true,"href":"https:\/\/corrientesdetarde.com\/index.php\/wp-json\/wp\/v2\/comments?post=34061"}],"version-history":[{"count":1,"href":"https:\/\/corrientesdetarde.com\/index.php\/wp-json\/wp\/v2\/posts\/34061\/revisions"}],"predecessor-version":[{"id":34066,"href":"https:\/\/corrientesdetarde.com\/index.php\/wp-json\/wp\/v2\/posts\/34061\/revisions\/34066"}],"wp:featuredmedia":[{"embeddable":true,"href":"https:\/\/corrientesdetarde.com\/index.php\/wp-json\/wp\/v2\/media\/34065"}],"wp:attachment":[{"href":"https:\/\/corrientesdetarde.com\/index.php\/wp-json\/wp\/v2\/media?parent=34061"}],"wp:term":[{"taxonomy":"category","embeddable":true,"href":"https:\/\/corrientesdetarde.com\/index.php\/wp-json\/wp\/v2\/categories?post=34061"},{"taxonomy":"post_tag","embeddable":true,"href":"https:\/\/corrientesdetarde.com\/index.php\/wp-json\/wp\/v2\/tags?post=34061"}],"curies":[{"name":"wp","href":"https:\/\/api.w.org\/{rel}","templated":true}]}}