{"id":34068,"date":"2023-01-18T09:00:40","date_gmt":"2023-01-18T12:00:40","guid":{"rendered":"https:\/\/corrientesdetarde.com\/?p=34068"},"modified":"2023-01-18T09:01:53","modified_gmt":"2023-01-18T12:01:53","slug":"realizaran-diversos-homenajes-a-tres-anos-del-asesinato-de-fernando-baez-sosa","status":"publish","type":"post","link":"https:\/\/corrientesdetarde.com\/index.php\/crimen-y-justicia\/realizaran-diversos-homenajes-a-tres-anos-del-asesinato-de-fernando-baez-sosa\/","title":{"rendered":"Realizar\u00e1n diversos homenajes a tres a\u00f1os del asesinato de Fernando B\u00e1ez SosA"},"content":{"rendered":"\n<p>Este mi\u00e9rcoles, se cumple un nuevo aniversario del asesinato de Fernando B\u00e1ez Sosa y se organizaron movilizaciones en distintos puntos del pa\u00eds para recordarlo.<\/p>\n\n\n\n<p>Hoy, mi\u00e9rcoles 18 de enero, se cumplir\u00e1 un nuevo aniversario del asesinato de Fernando B\u00e1ez Sosa. Este tercer aniversario no se vivir\u00e1 como los anteriores ya que se da durante del juicio contra los rugbiers acusados del crimen. Hoy ser\u00e1 la \u00faltima jornada de audiencias antes del comienzo de los alegatos el pr\u00f3ximo lunes.<br>&nbsp;<br>En este contexto, se organizaron distintos homenajes para recordar a Fernando a tres a\u00f1os de su muerte. Silvino y Graciela, los padres de B\u00e1ez Sosa, organizaron una oraci\u00f3n interreligiosa en Dolores, adem\u00e1s de una colecta solidaria de alimentos y \u00fatiles escolares.<br>&nbsp;<\/p>\n\n\n\n<p>Oraci\u00f3n interreligiosa<\/p>\n\n\n\n<p><br>Los padres de Fernando B\u00e1ez Sosa, Silvino y Graciela anunciaron la semana pasada a la salida del Tribunal Oral Criminal 1 de Dolores que ma\u00f1ana organizar\u00e1n un homenaje a tres a\u00f1os del crimen.<\/p>\n\n\n\n<p>En un comunicado que leyeron ante los medios expusieron: &#8220;A tres a\u00f1os sin Fernando queremos paz y justicia, por eso el pr\u00f3ximo 18 de enero realizaremos una oraci\u00f3n interreligiosa en memoria de nuestro querido hijo&#8221;.<\/p>\n\n\n\n<p>&nbsp;<br>&#8220;Ser\u00e1 en el Anfiteatro de Dolores y los queremos invitar a todos a colaborar con una colecta solidaria que puede ser un alimento no perecedero o \u00fatiles escolares que ser\u00e1n donados a distintas entidades&#8221;, sostuvieron.<\/p>\n\n\n\n<p>La oraci\u00f3n interreligiosa fue declarada de &#8220;inter\u00e9s municipal&#8221; por las autoridades locales de Dolores.<\/p>\n\n\n\n<p><br>Colecta solidaria<\/p>\n\n\n\n<p><br>Adem\u00e1s de la oraci\u00f3n en el Anfiteatro de Dolores, donde se recibir\u00e1n donaciones, el centro de colecta solidaria en la Ciudad de Buenos Aires es en el Colegio Marianista, instituci\u00f3n en la que se form\u00f3 Fernando, ubicado en el barrio de Caballito.<\/p>\n\n\n\n<p>Hasta hoy a las 19 horas, se recibir\u00e1n alimentos no perecederos y \u00fatiles escolares en este colegio. Estas donaciones ma\u00f1ana ser\u00e1n trasladadas a Dolores al momento del homenaje.<\/p>\n\n\n\n<p>&nbsp;<br>&#8220;Queremos convertir el profundo dolor de la ausencia de Fernando en solidaridad, esperamos contar con su presencia. Cada vez nos acercamos m\u00e1s a la justicia para que Fer pueda descansar. Gracias a todos por el acompa\u00f1amiento de siempre&#8221;, expresaron los padres de B\u00e1ez Sosa en su comunicado.<\/p>\n\n\n\n<p>Marcha en Buenos Aires<\/p>\n\n\n\n<p><br>Por fuera de la convocatoria de los padres de Fernando B\u00e1ez Sosa a la oraci\u00f3n y a la colecta solidaria, se convoc\u00f3 tambi\u00e9n a una movilizaci\u00f3n en la Ciudad Aut\u00f3noma de Buenos Aires ma\u00f1ana al mediod\u00eda.<\/p>\n\n\n\n<p>&nbsp;<br>El llamado es a una marcha pac\u00edfica a partir de las 13 horas en el Obelisco. Pidieron asisitir a la movilizaci\u00f3n con una vela para homenajear a Fernando.<\/p>\n\n\n\n<p>Las consignas principales de la marcha ser\u00e1n el pedido de cadena perpetua para los acusados. Adem\u00e1s, de la condena m\u00e1xima que se solicita para los imputados, tambi\u00e9n se exige que estos no gocen de beneficios, si llegaran a caer en prisi\u00f3n.<\/p>\n\n\n\n<p>Movilizaci\u00f3n en Villa Gesell<\/p>\n\n\n\n<p><br>Otro de los homenajes anunciados para ma\u00f1ana ser\u00e1 en Villa Gesell, lugar donde Fernando B\u00e1ez Sosa fue asesinado. Seg\u00fan informaron, est\u00e1 previsto que se realice una actividad frente al boliche &#8220;Le Brique&#8221;, donde el obispo de Mar del Plata -ex de Villa Gesell-, Gabriel Mestre, dar\u00e1 una misa para recordar a Fernando.<\/p>\n\n\n\n<p>Los \u00faltimos aniversarios tuvieron como centro de los homenajes a Villa Gesell. Sin embargo, en esta oportunidad y en el contexto del juicio, las ceremonias principales se trasladaron a Dolores.<\/p>\n","protected":false},"excerpt":{"rendered":"<p>Este mi\u00e9rcoles, se cumple un nuevo aniversario del asesinato de Fernando B\u00e1ez Sosa y se organizaron movilizaciones en distintos puntos del pa\u00eds para recordarlo. Hoy, mi\u00e9rcoles 18 de enero, se&hellip; <\/p>\n","protected":false},"author":4,"featured_media":34076,"comment_status":"closed","ping_status":"open","sticky":false,"template":"","format":"standard","meta":{"footnotes":""},"categories":[5],"tags":[],"class_list":["post-34068","post","type-post","status-publish","format-standard","has-post-thumbnail","hentry","category-crimen-y-justicia"],"_links":{"self":[{"href":"https:\/\/corrientesdetarde.com\/index.php\/wp-json\/wp\/v2\/posts\/34068","targetHints":{"allow":["GET"]}}],"collection":[{"href":"https:\/\/corrientesdetarde.com\/index.php\/wp-json\/wp\/v2\/posts"}],"about":[{"href":"https:\/\/corrientesdetarde.com\/index.php\/wp-json\/wp\/v2\/types\/post"}],"author":[{"embeddable":true,"href":"https:\/\/corrientesdetarde.com\/index.php\/wp-json\/wp\/v2\/users\/4"}],"replies":[{"embeddable":true,"href":"https:\/\/corrientesdetarde.com\/index.php\/wp-json\/wp\/v2\/comments?post=34068"}],"version-history":[{"count":2,"href":"https:\/\/corrientesdetarde.com\/index.php\/wp-json\/wp\/v2\/posts\/34068\/revisions"}],"predecessor-version":[{"id":34079,"href":"https:\/\/corrientesdetarde.com\/index.php\/wp-json\/wp\/v2\/posts\/34068\/revisions\/34079"}],"wp:featuredmedia":[{"embeddable":true,"href":"https:\/\/corrientesdetarde.com\/index.php\/wp-json\/wp\/v2\/media\/34076"}],"wp:attachment":[{"href":"https:\/\/corrientesdetarde.com\/index.php\/wp-json\/wp\/v2\/media?parent=34068"}],"wp:term":[{"taxonomy":"category","embeddable":true,"href":"https:\/\/corrientesdetarde.com\/index.php\/wp-json\/wp\/v2\/categories?post=34068"},{"taxonomy":"post_tag","embeddable":true,"href":"https:\/\/corrientesdetarde.com\/index.php\/wp-json\/wp\/v2\/tags?post=34068"}],"curies":[{"name":"wp","href":"https:\/\/api.w.org\/{rel}","templated":true}]}}