{"id":34081,"date":"2023-01-18T09:20:06","date_gmt":"2023-01-18T12:20:06","guid":{"rendered":"https:\/\/corrientesdetarde.com\/?p=34081"},"modified":"2023-01-18T09:20:09","modified_gmt":"2023-01-18T12:20:09","slug":"la-apertura-de-itaipu-solo-produciria-un-alivio-pasajero-si-no-llueve","status":"publish","type":"post","link":"https:\/\/corrientesdetarde.com\/index.php\/actualidad\/la-apertura-de-itaipu-solo-produciria-un-alivio-pasajero-si-no-llueve\/","title":{"rendered":"La apertura de Itaip\u00fa s\u00f3lo producir\u00eda un alivio &#8220;pasajero&#8221; si no llueve"},"content":{"rendered":"\n<p>Despu\u00e9s de un a\u00f1o y medio, el pasado s\u00e1bado 14 de enero se volvieron a abrir las compuertas del vertedero de la represa hidroel\u00e9ctrica de Itaip\u00fa para incrementar el volumen de agua tras las fuertes lluvias registradas en el Sur de Brasil. Si bien esta situaci\u00f3n dar\u00e1 un aumento del caudal del r\u00edo Paran\u00e1 sobre el territorio argentino, expertos aseguran que se trata de un alivio pasajero y que es necesario que se normalice la frecuencia de las lluvias en la regi\u00f3n para que el panorama h\u00eddrico mejore de manera significativa y no estar dependiendo de la apertura de compuertas de esa central hidroel\u00e9ctrica binacional.<\/p>\n\n\n\n<p>Juan Borus, hidr\u00f3logo del Instituto Nacional del Agua (INA), en contacto radial, asegur\u00f3 que la apertura de compuertas permitir\u00e1 que el r\u00edo Paran\u00e1 incremente su caudal a finales de enero. Sin embargo, esta mejora ser\u00e1 temporal si no llueve en la regi\u00f3n. &#8220;La alta cuenca del Paran\u00e1 est\u00e1 largando agua por todos los medios de descargas que tiene Itaip\u00fa y es por un pedido de Argentina. No es que la situaci\u00f3n haya mejorado ostensiblemente. La recuperaci\u00f3n se espera en los \u00faltimos d\u00edas de enero. Despu\u00e9s de ese momento, estamos a merced de que las lluvias terminen de normalizarse no s\u00f3lo en las nacientes, sino en toda la cuenca&#8221;, explic\u00f3 Borus.<\/p>\n\n\n\n<p>Pero a pesar de la apertura que elevar\u00e1 el caudal h\u00eddrico, es necesario que se normalice la frecuencia de lluvias en la regi\u00f3n para que el r\u00edo Paran\u00e1 vuelva a su valores habituales.Con esto, el hidr\u00f3logo intent\u00f3 darle fin a la idea popular que existe en torno a que Brasil retiene el agua. &#8220;Es imprescindible que la gente entienda que no depende de que se libere agua o abran las compuertas. Es una expresi\u00f3n equ\u00edvoca que se maneja muy mal en los medios&#8221;, asegur\u00f3. Las \u00faltimas mediciones indican que el r\u00edo Paran\u00e1 se ubic\u00f3 en 1,46 metros en el hidr\u00f3metro del puerto de Corrientes.<\/p>\n\n\n\n<p>&#8220;Va a ser importante lo que pueda llover sobre el litoral y la expectativa para que esto se normalice no depende de que llueva mucho de golpe. Es necesario que se normalice la frecuencia de eventos en la regi\u00f3n. Esto es lo que tendr\u00eda que pasar y lo que, lamentablemente, por ahora, la tendencia indica que es poco probable&#8221;, finaliz\u00f3 Borus.<\/p>\n\n\n\n<p>Apertura de Itaip\u00fa<\/p>\n\n\n\n<p><br>Desde la direcci\u00f3n t\u00e9cnica de la presa hidroel\u00e9ctrica, situada entre Paraguay y Brasil sobre el r\u00edo Paran\u00e1, informaron que la apertura de compuertas del vertedero, que se llev\u00f3 a cabo el 14 de enero, se debe a un aumento significativo de los niveles de almacenamiento por las lluvias que se vienen registrando desde finales de noviembre en gran parte del Brasil y que continuaron durante las primeras semanas de este 2023. La \u00faltima vez que se hab\u00edan abierto las compuertas del vertedero de Itaip\u00fa fue el 23 de octubre de 2021, con un caudal vertido de 466 m3\/s en promedio.<\/p>\n\n\n\n<p>Al mismo tiempo, desde la entidad adelantaron que las compuertas deber\u00e1n permanecer abiertas &#8220;por algunas semanas, mientras haya recursos afluentes que no puedan ser asignados para atender a la demanda energ\u00e9tica del Paraguay y del Brasil&#8221;. Esta decisi\u00f3n traer\u00e1 algo de alivio al r\u00edo que en los pr\u00f3ximos d\u00edas tendr\u00e1 un aumento de su caudal sobre territorio argentino, lo que quedar\u00e1 en evidencia en los pr\u00f3ximos d\u00edas, como bien remarc\u00f3 Juan Borus.<\/p>\n\n\n\n<p>Cabe recordar que el r\u00edo Paran\u00e1 no alcanza a tener sus valores normales desde hace varios a\u00f1os, sumado a la sequ\u00eda y las bajas precipitaciones en la regi\u00f3n.<\/p>\n","protected":false},"excerpt":{"rendered":"<p>Despu\u00e9s de un a\u00f1o y medio, el pasado s\u00e1bado 14 de enero se volvieron a abrir las compuertas del vertedero de la represa hidroel\u00e9ctrica de Itaip\u00fa para incrementar el volumen&hellip; <\/p>\n","protected":false},"author":4,"featured_media":34082,"comment_status":"closed","ping_status":"open","sticky":false,"template":"","format":"standard","meta":{"footnotes":""},"categories":[23],"tags":[],"class_list":["post-34081","post","type-post","status-publish","format-standard","has-post-thumbnail","hentry","category-actualidad"],"_links":{"self":[{"href":"https:\/\/corrientesdetarde.com\/index.php\/wp-json\/wp\/v2\/posts\/34081","targetHints":{"allow":["GET"]}}],"collection":[{"href":"https:\/\/corrientesdetarde.com\/index.php\/wp-json\/wp\/v2\/posts"}],"about":[{"href":"https:\/\/corrientesdetarde.com\/index.php\/wp-json\/wp\/v2\/types\/post"}],"author":[{"embeddable":true,"href":"https:\/\/corrientesdetarde.com\/index.php\/wp-json\/wp\/v2\/users\/4"}],"replies":[{"embeddable":true,"href":"https:\/\/corrientesdetarde.com\/index.php\/wp-json\/wp\/v2\/comments?post=34081"}],"version-history":[{"count":1,"href":"https:\/\/corrientesdetarde.com\/index.php\/wp-json\/wp\/v2\/posts\/34081\/revisions"}],"predecessor-version":[{"id":34083,"href":"https:\/\/corrientesdetarde.com\/index.php\/wp-json\/wp\/v2\/posts\/34081\/revisions\/34083"}],"wp:featuredmedia":[{"embeddable":true,"href":"https:\/\/corrientesdetarde.com\/index.php\/wp-json\/wp\/v2\/media\/34082"}],"wp:attachment":[{"href":"https:\/\/corrientesdetarde.com\/index.php\/wp-json\/wp\/v2\/media?parent=34081"}],"wp:term":[{"taxonomy":"category","embeddable":true,"href":"https:\/\/corrientesdetarde.com\/index.php\/wp-json\/wp\/v2\/categories?post=34081"},{"taxonomy":"post_tag","embeddable":true,"href":"https:\/\/corrientesdetarde.com\/index.php\/wp-json\/wp\/v2\/tags?post=34081"}],"curies":[{"name":"wp","href":"https:\/\/api.w.org\/{rel}","templated":true}]}}