{"id":34401,"date":"2023-01-20T09:00:56","date_gmt":"2023-01-20T12:00:56","guid":{"rendered":"https:\/\/corrientesdetarde.com\/?p=34401"},"modified":"2023-01-20T09:01:01","modified_gmt":"2023-01-20T12:01:01","slug":"con-valdes-en-primera-linea-la-fiesta-nacional-del-chamame-volvio-a-ser-una-vidriera-politica","status":"publish","type":"post","link":"https:\/\/corrientesdetarde.com\/index.php\/politica\/con-valdes-en-primera-linea-la-fiesta-nacional-del-chamame-volvio-a-ser-una-vidriera-politica\/","title":{"rendered":"Con Vald\u00e9s en primera l\u00ednea, la Fiesta Nacional del Chamam\u00e9 volvi\u00f3 a ser una vidriera pol\u00edtica"},"content":{"rendered":"\n<p>Figuras de la pol\u00edtica nacional acompa\u00f1aron al gobernador Vald\u00e9s en una noche multitudinaria de Chamam\u00e9. Patricia Bullrich, Carolina Losada y Luis Naidenoff, entre los principales referentes.<\/p>\n\n\n\n<p>El gobernador Gustavo Vald\u00e9s asisti\u00f3 este jueves al Afiteatro Cocomarola de la ciudad de Corrientes acompa\u00f1ado por la presidente del PRO, Patricia Bullrich, y los senadores nacionales Carolina Losada y Luis Naidenoff, entre otros. All\u00ed los referentes nacionales de Juntos por el Cambio valoraron la gesti\u00f3n del mandatario correntino y su proyecci\u00f3n al pa\u00eds, en una noche multitudinaria con la asistencia de unas 15 mil personas a la s\u00e9ptima luna de la 32\u00b0 Fiesta Nacional del Chamam\u00e9 que tuvo a Karina con la Orquesta Folcl\u00f3rica de la Provincia y a Mario Bofill, entre los artistas m\u00e1s ovacionados de la velada.<\/p>\n\n\n\n<p>En la s\u00e9ptima luna de Chamam\u00e9, el gobernador Vald\u00e9s lleg\u00f3 acompa\u00f1ado de la presidente del PRO, Patricia Bullrich, con quien brindaron declaraciones al stand radial de Radio Dos. All\u00ed Bullrich record\u00f3 que desde su infancia en la escuela bail\u00f3 &#8220;todo tipo de danzas y por supuesto Chamam\u00e9&#8221;.<\/p>\n\n\n\n<p>En el lugar, Vald\u00e9s resalt\u00f3 la presencia del chamamecero popular Nino Ram\u00edrez, que se encontraba en el stand brindando una nota antes de que el mandatario se acercar\u00e1 junto a Bullrich.<\/p>\n\n\n\n<p>Asimismo, el Gobernador sobresali\u00f3 que es &#8220;un lujo que podamos tener en Corrientes una serie de figuras de relevancia nacional en esta Fiesta que es Patrimonio Inmaterial de la Humanidad&#8221;, y a la vez destac\u00f3 la presencia de la residente del PRO.<\/p>\n\n\n\n<p>&#8220;Esta Fiesta va tomando cada vez m\u00e1s vuelo y empuje, y poder proyectar nuestra forma de ser desde las redes, transmisiones televisivas y radiales&#8221;, ratific\u00f3 Vald\u00e9s.<\/p>\n\n\n\n<p>En este contexto, Vald\u00e9s resalt\u00f3 que se trabaj\u00f3 en el conurbano con &#8220;Pai Chamam\u00e9 en donde se junt\u00f3 mucha gente, como primera experiencia&#8221; y tambi\u00e9n record\u00f3 que &#8220;estuvimos en la Plata con el Instituto de Cultura&#8221;; y anunci\u00f3 que el Chamam\u00e9 bajo este programa llegar\u00e1 a la provincia de C\u00f3rdoba.<\/p>\n\n\n\n<p>&#8220;La cultura hay que trabajarla, y apoyarla, pero hay que acompa\u00f1ar, no solamente en la Fiesta, todo el a\u00f1o y en cada pueblo que tiene que tener su festival, sus artistas, su fiesta, y su Santo Patrono&#8221;, finaliz\u00f3 el Mandatario.<\/p>\n\n\n\n<p>Adem\u00e1s, en la ocasi\u00f3n Patricia Bullrich declar\u00f3 al medio televisivo NG Federal que es la primera vez que particip\u00f3 de la Fiesta y destac\u00f3 a Vald\u00e9s como un &#8220;gran anfitri\u00f3n&#8221;. Tambi\u00e9n, manifest\u00f3 que &#8220;redescubr\u00ed el Chamam\u00e9&#8221;.<\/p>\n\n\n\n<p>Al finalizar las entrevistas con los medios de comunicaci\u00f3n presentes, Vald\u00e9s se dirigi\u00f3, junto a su comitiva e invitados nacionales, a su lugar frente al escenario del Anfiteatro Cocomarola para disfrutar de una velada chamamecera.<\/p>\n\n\n\n<p><br>Un Chamam\u00e9 Federal<\/p>\n\n\n\n<p>Entre las figuras m\u00e1s relevantes, presentes en la s\u00e9ptima luna chamamecera, se destacaron las presencias de los senadores Nacionales Carolina Losada y Luis Naidenoff, quienes brindaron su opini\u00f3n sobre la Fiesta m\u00e1s popular de Corrientes.<\/p>\n\n\n\n<p>En la ocasi\u00f3n, el senador nacional Luis Naidenoff indic\u00f3 que &#8220;no es la primera vez que vengo y quiero que el mundo entero acceda a Corrientes&#8221;, y a la vez manifest\u00f3 que particip\u00f3 de la Fiesta &#8220;porque gusta y es parte de nuestra tradici\u00f3n, fundamentalmente de la regi\u00f3n, y de nuestra cultura&#8221;.<\/p>\n\n\n\n<p>En este contexto, expres\u00f3 que en Formosa el Chamam\u00e9 &#8220;se vive con mucha pasi\u00f3n&#8221; recordando que por el escenario mayor de Corrientes pas\u00f3 Lazarito Caballero formose\u00f1o &#8220;que abraza el mundo chamamecero&#8221;.<\/p>\n\n\n\n<p>Por su parte, Carolina Losada destac\u00f3 que en Santa Fe &#8220;el Chamam\u00e9 se vive con mucho entusiasmo, sobre todo en el norte de la provincia&#8221;, y revel\u00f3 que esta es la primera vez que participa de la misma.<\/p>\n\n\n\n<p>&#8220;Me parece que est\u00e1 bien que tengamos algo para celebrar en un momento en el que venimos un poco golpeados los argentinos&#8221;, sostuvo Losada y consider\u00f3 que le gustar\u00eda vivir una fiesta como esta en octubre &#8220;porque los argentinos nos merecemos vivir en un pa\u00eds serio, previsible, donde sea ser tranquilos salir a la calle, llegar a fin de mes trabajando, y tengo mucha fe de que sea realidad&#8221;.<\/p>\n\n\n\n<p>Por otra parte, en el escenario se destac\u00f3 la participaci\u00f3n de Karina que brind\u00f3 un show junto al Ensamble OFP, con quienes interpret\u00f3 canciones relevantes del Chamam\u00e9 como &#8220;Kil\u00f3metro 11&#8221;, &#8220;Puerto Tirol&#8221;, y &#8220;A mi Corrientes Por\u00e1&#8221;. Adem\u00e1s, la artista ejecut\u00f3 temas destacados de su propio repertorio como &#8220;Mentiroso&#8221;, y &#8220;Con la misma moneda&#8221;.<\/p>\n\n\n\n<p>Tambi\u00e9n, se destacaron las presencias de Chingoli y Mario Bofill, las Hermanas Vera, Rudi Flores Tr\u00edo, Ver\u00f3nica Noguera, Chamameceros de Ley, entre otros artistas.<\/p>\n\n\n\n<figure class=\"wp-block-image\"><img decoding=\"async\" src=\"https:\/\/www.lt7noticias.com\/content\/bucket\/1\/40721w770h544c.jpg.webp\" alt=\"\"\/><\/figure>\n\n\n\n<p>Presencias<\/p>\n\n\n\n<p>Participaron junto al gobernador Gustavo Vald\u00e9s; la primera dama provincial, Cristina Garro; el intendente de la Ciudad de Corrientes; Eduardo Tassano; ministros del Ejecutivo Provincial; legisladores Provinciales; secretarios y subsecretarios Provinciales; la presidente del PRO, Patricia Bullrich; los senadores nacionales; Carolina Losada y Luis Naidenoff; el bailar\u00edn y core\u00f3grafo, Maximiliano Guerra; intendentes locales, y dem\u00e1s autoridades.<\/p>\n\n\n\n<figure class=\"wp-block-image\"><img decoding=\"async\" src=\"https:\/\/www.lt7noticias.com\/content\/bucket\/3\/40723w770h503c.jpg.webp\" alt=\"\"\/><\/figure>\n","protected":false},"excerpt":{"rendered":"<p>Figuras de la pol\u00edtica nacional acompa\u00f1aron al gobernador Vald\u00e9s en una noche multitudinaria de Chamam\u00e9. Patricia Bullrich, Carolina Losada y Luis Naidenoff, entre los principales referentes. El gobernador Gustavo Vald\u00e9s&hellip; <\/p>\n","protected":false},"author":4,"featured_media":34418,"comment_status":"closed","ping_status":"open","sticky":false,"template":"","format":"standard","meta":{"footnotes":""},"categories":[3],"tags":[],"class_list":["post-34401","post","type-post","status-publish","format-standard","has-post-thumbnail","hentry","category-politica"],"_links":{"self":[{"href":"https:\/\/corrientesdetarde.com\/index.php\/wp-json\/wp\/v2\/posts\/34401","targetHints":{"allow":["GET"]}}],"collection":[{"href":"https:\/\/corrientesdetarde.com\/index.php\/wp-json\/wp\/v2\/posts"}],"about":[{"href":"https:\/\/corrientesdetarde.com\/index.php\/wp-json\/wp\/v2\/types\/post"}],"author":[{"embeddable":true,"href":"https:\/\/corrientesdetarde.com\/index.php\/wp-json\/wp\/v2\/users\/4"}],"replies":[{"embeddable":true,"href":"https:\/\/corrientesdetarde.com\/index.php\/wp-json\/wp\/v2\/comments?post=34401"}],"version-history":[{"count":1,"href":"https:\/\/corrientesdetarde.com\/index.php\/wp-json\/wp\/v2\/posts\/34401\/revisions"}],"predecessor-version":[{"id":34419,"href":"https:\/\/corrientesdetarde.com\/index.php\/wp-json\/wp\/v2\/posts\/34401\/revisions\/34419"}],"wp:featuredmedia":[{"embeddable":true,"href":"https:\/\/corrientesdetarde.com\/index.php\/wp-json\/wp\/v2\/media\/34418"}],"wp:attachment":[{"href":"https:\/\/corrientesdetarde.com\/index.php\/wp-json\/wp\/v2\/media?parent=34401"}],"wp:term":[{"taxonomy":"category","embeddable":true,"href":"https:\/\/corrientesdetarde.com\/index.php\/wp-json\/wp\/v2\/categories?post=34401"},{"taxonomy":"post_tag","embeddable":true,"href":"https:\/\/corrientesdetarde.com\/index.php\/wp-json\/wp\/v2\/tags?post=34401"}],"curies":[{"name":"wp","href":"https:\/\/api.w.org\/{rel}","templated":true}]}}