{"id":34402,"date":"2023-01-20T08:59:34","date_gmt":"2023-01-20T11:59:34","guid":{"rendered":"https:\/\/corrientesdetarde.com\/?p=34402"},"modified":"2023-01-20T08:59:38","modified_gmt":"2023-01-20T11:59:38","slug":"karina-canto-cumbia-en-la-fiesta-nacional-del-chamame-y-desato-polemicas","status":"publish","type":"post","link":"https:\/\/corrientesdetarde.com\/index.php\/espectaculos\/karina-canto-cumbia-en-la-fiesta-nacional-del-chamame-y-desato-polemicas\/","title":{"rendered":"Karina cant\u00f3 cumbia en la Fiesta Nacional del Chamam\u00e9 y desat\u00f3 pol\u00e9micas"},"content":{"rendered":"\n<p>&#8220;La Princesita&#8221; enton\u00f3 dos de sus himnos cumbieros sobre el Osvaldo Sosa Cordero. Hubo cr\u00edticas y apoyos por igual, pero hizo bailar a miles de personas.<\/p>\n\n\n\n<p>Este jueves 19 de enero se vivi\u00f3 la s\u00e9ptima luna de la Fiesta Nacional del Chamam\u00e9 con un Anfiteatro Cocomarola repleto. M\u00e1s de 15 mil personas llegaron para disfrutar del evento y el show de Karina, la princesita, era uno de los m\u00e1s esperados.<\/p>\n\n\n\n<p>La cantante de cumbia se sum\u00f3 a la larga lista de outsiders que cantaron en nuestra fiesta grande en los \u00faltimos a\u00f1os. Figuras de otros g\u00e9neros e incluso actores y actrices, han cantado sobre el Osvaldo Sosa Cordero despertando el inter\u00e9s de nuevos p\u00fablicos para con el evento y tambi\u00e9n con el g\u00e9nero.<\/p>\n\n\n\n<p>Pero Karina ten\u00eda preparado un repertorio que no dej\u00f3 indiferente a nadie. Es que adem\u00e1s de cantar chamam\u00e9, toc\u00f3 dos de sus canciones de cumbia m\u00e1s conocidas.<\/p>\n\n\n\n<p>Luego de una lista de cl\u00e1sicos, cant\u00f3 &#8220;Mentiroso&#8221; y &#8220;Con la misma moneda&#8221;, siendo la primera vez que en el evento se toca cumbia. Vale mencionar que artistas que se dedican a la cumbia ya han tocado otros a\u00f1os pero no hab\u00edan entonado temas propios como s\u00ed hizo Karina, quien destac\u00f3 que su abuela era correntina y de ah\u00ed su amor por el chamam\u00e9.<\/p>\n\n\n\n<p>Por redes sociales aparecieron numerosas muestras de apoyo para la cantante, como as\u00ed tambi\u00e9n un aluvi\u00f3n de cr\u00edticas. Pero en el Anfiteatro Cocomarola, miles de personas bailaron con ella.<\/p>\n\n\n\n<p>Es as\u00ed que este jueves 19 de enero pasar\u00e1 a ser otra de las hist\u00f3ricas noches del evento.<\/p>\n\n\n\n<p>Otra situaci\u00f3n muy criticada por los presentes es que Karina le\u00eda las letras que cantaba en su tel\u00e9fono celular.<\/p>\n","protected":false},"excerpt":{"rendered":"<p>&#8220;La Princesita&#8221; enton\u00f3 dos de sus himnos cumbieros sobre el Osvaldo Sosa Cordero. Hubo cr\u00edticas y apoyos por igual, pero hizo bailar a miles de personas. Este jueves 19 de&hellip; <\/p>\n","protected":false},"author":4,"featured_media":34416,"comment_status":"closed","ping_status":"open","sticky":false,"template":"","format":"standard","meta":{"footnotes":""},"categories":[19],"tags":[],"class_list":["post-34402","post","type-post","status-publish","format-standard","has-post-thumbnail","hentry","category-espectaculos"],"_links":{"self":[{"href":"https:\/\/corrientesdetarde.com\/index.php\/wp-json\/wp\/v2\/posts\/34402","targetHints":{"allow":["GET"]}}],"collection":[{"href":"https:\/\/corrientesdetarde.com\/index.php\/wp-json\/wp\/v2\/posts"}],"about":[{"href":"https:\/\/corrientesdetarde.com\/index.php\/wp-json\/wp\/v2\/types\/post"}],"author":[{"embeddable":true,"href":"https:\/\/corrientesdetarde.com\/index.php\/wp-json\/wp\/v2\/users\/4"}],"replies":[{"embeddable":true,"href":"https:\/\/corrientesdetarde.com\/index.php\/wp-json\/wp\/v2\/comments?post=34402"}],"version-history":[{"count":1,"href":"https:\/\/corrientesdetarde.com\/index.php\/wp-json\/wp\/v2\/posts\/34402\/revisions"}],"predecessor-version":[{"id":34417,"href":"https:\/\/corrientesdetarde.com\/index.php\/wp-json\/wp\/v2\/posts\/34402\/revisions\/34417"}],"wp:featuredmedia":[{"embeddable":true,"href":"https:\/\/corrientesdetarde.com\/index.php\/wp-json\/wp\/v2\/media\/34416"}],"wp:attachment":[{"href":"https:\/\/corrientesdetarde.com\/index.php\/wp-json\/wp\/v2\/media?parent=34402"}],"wp:term":[{"taxonomy":"category","embeddable":true,"href":"https:\/\/corrientesdetarde.com\/index.php\/wp-json\/wp\/v2\/categories?post=34402"},{"taxonomy":"post_tag","embeddable":true,"href":"https:\/\/corrientesdetarde.com\/index.php\/wp-json\/wp\/v2\/tags?post=34402"}],"curies":[{"name":"wp","href":"https:\/\/api.w.org\/{rel}","templated":true}]}}