{"id":34800,"date":"2023-01-22T18:36:07","date_gmt":"2023-01-22T21:36:07","guid":{"rendered":"https:\/\/corrientesdetarde.com\/?p=34800"},"modified":"2023-01-22T18:36:20","modified_gmt":"2023-01-22T21:36:20","slug":"gustavo-valdes-se-reunio-con-dirigentes-de-juntos-por-el-cambio-en-corrientes","status":"publish","type":"post","link":"https:\/\/corrientesdetarde.com\/index.php\/politica\/gustavo-valdes-se-reunio-con-dirigentes-de-juntos-por-el-cambio-en-corrientes\/","title":{"rendered":"Gustavo Vald\u00e9s se reuni\u00f3 con dirigentes de Juntos por el Cambio en Corrientes."},"content":{"rendered":"\n<h2 class=\"wp-block-heading\">El gobernador de Corrientes, Gustavo Vald\u00e9s, se reuni\u00f3 este domingo junto a importantes dirigentes de Juntos por el Cambio como lo son Horacio Rodr\u00edguez Larreta y Gerardo Morales.<\/h2>\n\n\n\n<p>Tras disfrutar de la Fiesta Nacional del Chamam\u00e9 Gustavo Vald\u00e9s se reuni\u00f3 con dos importantes dirigentes de Juntos por el Cambio a nivel nacional como lo son el Jefe de Gobierno Porte\u00f1o, Horacio Rodr\u00edguez Larreta, y el gobernador de Jujuy, Gerardo Morales.&nbsp;<\/p>\n\n\n\n<p>&#8220;Analizamos la situaci\u00f3n del pa\u00eds junto a @GerardoMorales \u00a0y @horaciorlarreta , y continuamos trabajando para construir la alternativa de cambio que la #Argentina necesita.&#8221;, escribi\u00f3 el gobernador de los correntinos en su cuenta de Twitter, dejando un claro mensaje a la pol\u00edtica nacional de cara a un a\u00f1o trascendental desde lo eleccionario.<\/p>\n\n\n\n<figure class=\"wp-block-embed is-type-rich is-provider-twitter wp-block-embed-twitter\"><div class=\"wp-block-embed__wrapper\">\n<blockquote class=\"twitter-tweet\" data-width=\"550\" data-dnt=\"true\"><p lang=\"es\" dir=\"ltr\">Analizamos la situaci\u00f3n del pa\u00eds junto a <a href=\"https:\/\/twitter.com\/GerardoMorales?ref_src=twsrc%5Etfw\">@GerardoMorales<\/a> y <a href=\"https:\/\/twitter.com\/horaciorlarreta?ref_src=twsrc%5Etfw\">@horaciorlarreta<\/a>, y continuamos trabajando para construir la alternativa de cambio que la <a href=\"https:\/\/twitter.com\/hashtag\/Argentina?src=hash&amp;ref_src=twsrc%5Etfw\">#Argentina<\/a> necesita. <a href=\"https:\/\/t.co\/TBkPUm8z8l\">pic.twitter.com\/TBkPUm8z8l<\/a><\/p>&mdash; Gustavo Vald\u00e9s (@gustavovaldesok) <a href=\"https:\/\/twitter.com\/gustavovaldesok\/status\/1617182838486626304?ref_src=twsrc%5Etfw\">January 22, 2023<\/a><\/blockquote><script async src=\"https:\/\/platform.twitter.com\/widgets.js\" charset=\"utf-8\"><\/script>\n<\/div><\/figure>\n\n\n\n<p>Fuente: LT7.<\/p>\n","protected":false},"excerpt":{"rendered":"<p>El gobernador de Corrientes, Gustavo Vald\u00e9s, se reuni\u00f3 este domingo junto a importantes dirigentes de Juntos por el Cambio como lo son Horacio Rodr\u00edguez Larreta y Gerardo Morales. Tras disfrutar&hellip; <\/p>\n","protected":false},"author":6,"featured_media":34801,"comment_status":"closed","ping_status":"open","sticky":false,"template":"","format":"standard","meta":{"footnotes":""},"categories":[3],"tags":[],"class_list":["post-34800","post","type-post","status-publish","format-standard","has-post-thumbnail","hentry","category-politica"],"_links":{"self":[{"href":"https:\/\/corrientesdetarde.com\/index.php\/wp-json\/wp\/v2\/posts\/34800","targetHints":{"allow":["GET"]}}],"collection":[{"href":"https:\/\/corrientesdetarde.com\/index.php\/wp-json\/wp\/v2\/posts"}],"about":[{"href":"https:\/\/corrientesdetarde.com\/index.php\/wp-json\/wp\/v2\/types\/post"}],"author":[{"embeddable":true,"href":"https:\/\/corrientesdetarde.com\/index.php\/wp-json\/wp\/v2\/users\/6"}],"replies":[{"embeddable":true,"href":"https:\/\/corrientesdetarde.com\/index.php\/wp-json\/wp\/v2\/comments?post=34800"}],"version-history":[{"count":1,"href":"https:\/\/corrientesdetarde.com\/index.php\/wp-json\/wp\/v2\/posts\/34800\/revisions"}],"predecessor-version":[{"id":34802,"href":"https:\/\/corrientesdetarde.com\/index.php\/wp-json\/wp\/v2\/posts\/34800\/revisions\/34802"}],"wp:featuredmedia":[{"embeddable":true,"href":"https:\/\/corrientesdetarde.com\/index.php\/wp-json\/wp\/v2\/media\/34801"}],"wp:attachment":[{"href":"https:\/\/corrientesdetarde.com\/index.php\/wp-json\/wp\/v2\/media?parent=34800"}],"wp:term":[{"taxonomy":"category","embeddable":true,"href":"https:\/\/corrientesdetarde.com\/index.php\/wp-json\/wp\/v2\/categories?post=34800"},{"taxonomy":"post_tag","embeddable":true,"href":"https:\/\/corrientesdetarde.com\/index.php\/wp-json\/wp\/v2\/tags?post=34800"}],"curies":[{"name":"wp","href":"https:\/\/api.w.org\/{rel}","templated":true}]}}