{"id":34809,"date":"2023-01-22T19:07:37","date_gmt":"2023-01-22T22:07:37","guid":{"rendered":"https:\/\/corrientesdetarde.com\/?p=34809"},"modified":"2023-01-22T19:07:41","modified_gmt":"2023-01-22T22:07:41","slug":"fiesta-nacional-del-chamame-esta-sera-la-grilla-de-la-ultima-luna-de-la-fiesta","status":"publish","type":"post","link":"https:\/\/corrientesdetarde.com\/index.php\/eventos\/fiesta-nacional-del-chamame-esta-sera-la-grilla-de-la-ultima-luna-de-la-fiesta\/","title":{"rendered":"Fiesta Nacional del Chamam\u00e9: esta ser\u00e1 la grilla de la \u00faltima luna de la fiesta."},"content":{"rendered":"\n<p>La Fiesta Nacional del Chamam\u00e9 arranc\u00f3\u00a0el viernes\u00a013\u00a0y finaliza hoy domingo\u00a022 de enero. Fueron 10 noches a pleno\u00a0en el Anfiteatro Cocomarola. Mir\u00e1 el cronograma de la \u00faltima\u00a0jornada en la que se espera la presencia de consagrados como Los Alonsitos o La Pilarcita, entre otros destacados.\u00a0<\/p>\n\n\n\n<figure class=\"wp-block-image size-full\"><img loading=\"lazy\" decoding=\"async\" width=\"700\" height=\"875\" src=\"https:\/\/corrientesdetarde.com\/wp-content\/uploads\/2023\/01\/373457.jpg_nota.jpg\" alt=\"\" class=\"wp-image-34810\" srcset=\"https:\/\/corrientesdetarde.com\/wp-content\/uploads\/2023\/01\/373457.jpg_nota.jpg 700w, https:\/\/corrientesdetarde.com\/wp-content\/uploads\/2023\/01\/373457.jpg_nota-240x300.jpg 240w\" sizes=\"auto, (max-width: 700px) 100vw, 700px\" \/><\/figure>\n","protected":false},"excerpt":{"rendered":"<p>La Fiesta Nacional del Chamam\u00e9 arranc\u00f3\u00a0el viernes\u00a013\u00a0y finaliza hoy domingo\u00a022 de enero. Fueron 10 noches a pleno\u00a0en el Anfiteatro Cocomarola. Mir\u00e1 el cronograma de la \u00faltima\u00a0jornada en la que se&hellip; <\/p>\n","protected":false},"author":6,"featured_media":34811,"comment_status":"closed","ping_status":"open","sticky":false,"template":"","format":"standard","meta":{"footnotes":""},"categories":[22],"tags":[],"class_list":["post-34809","post","type-post","status-publish","format-standard","has-post-thumbnail","hentry","category-eventos"],"_links":{"self":[{"href":"https:\/\/corrientesdetarde.com\/index.php\/wp-json\/wp\/v2\/posts\/34809","targetHints":{"allow":["GET"]}}],"collection":[{"href":"https:\/\/corrientesdetarde.com\/index.php\/wp-json\/wp\/v2\/posts"}],"about":[{"href":"https:\/\/corrientesdetarde.com\/index.php\/wp-json\/wp\/v2\/types\/post"}],"author":[{"embeddable":true,"href":"https:\/\/corrientesdetarde.com\/index.php\/wp-json\/wp\/v2\/users\/6"}],"replies":[{"embeddable":true,"href":"https:\/\/corrientesdetarde.com\/index.php\/wp-json\/wp\/v2\/comments?post=34809"}],"version-history":[{"count":1,"href":"https:\/\/corrientesdetarde.com\/index.php\/wp-json\/wp\/v2\/posts\/34809\/revisions"}],"predecessor-version":[{"id":34812,"href":"https:\/\/corrientesdetarde.com\/index.php\/wp-json\/wp\/v2\/posts\/34809\/revisions\/34812"}],"wp:featuredmedia":[{"embeddable":true,"href":"https:\/\/corrientesdetarde.com\/index.php\/wp-json\/wp\/v2\/media\/34811"}],"wp:attachment":[{"href":"https:\/\/corrientesdetarde.com\/index.php\/wp-json\/wp\/v2\/media?parent=34809"}],"wp:term":[{"taxonomy":"category","embeddable":true,"href":"https:\/\/corrientesdetarde.com\/index.php\/wp-json\/wp\/v2\/categories?post=34809"},{"taxonomy":"post_tag","embeddable":true,"href":"https:\/\/corrientesdetarde.com\/index.php\/wp-json\/wp\/v2\/tags?post=34809"}],"curies":[{"name":"wp","href":"https:\/\/api.w.org\/{rel}","templated":true}]}}