{"id":34816,"date":"2023-01-22T19:47:48","date_gmt":"2023-01-22T22:47:48","guid":{"rendered":"https:\/\/corrientesdetarde.com\/?p=34816"},"modified":"2023-01-22T19:47:51","modified_gmt":"2023-01-22T22:47:51","slug":"fernando-burlando-arremetio-contra-las-acusadas-por-el-crimen-de-lucio-dupuy","status":"publish","type":"post","link":"https:\/\/corrientesdetarde.com\/index.php\/crimen-y-justicia\/fernando-burlando-arremetio-contra-las-acusadas-por-el-crimen-de-lucio-dupuy\/","title":{"rendered":"Fernando Burlando arremeti\u00f3 contra las acusadas por el crimen de Lucio Dupuy."},"content":{"rendered":"\n<h2 class=\"wp-block-heading\">Magdalena Esp\u00f3sito Valenti y Abigail P\u00e1ez son las \u00fanicas dos imputadas por el asesinato. El veredicto se conocer\u00e1 el pr\u00f3ximo 2 de febrero.<\/h2>\n\n\n\n<p>El abogado de la familia de\u00a0<strong>Fernando B\u00e1ez Sosa<\/strong>, Fernando Burlando, arremeti\u00f3 contra Magdalena Esp\u00f3sito Valenti y Abigail P\u00e1ez, las dos acusadas por el crimen de\u00a0<strong>Lucio Dupuy<\/strong>\u00a0en La Pampa.<\/p>\n\n\n\n<p>\u201cLa violencia no tiene g\u00e9nero.\u00a0<strong>Lucio fue asesinado\u00a0<\/strong>por la madre y su novia en un aberrante hecho\u201d, escribi\u00f3 el letrado en su cuenta de Twitter.<\/p>\n\n\n\n<p>En este sentido, sentenci\u00f3: \u201cLo vejaron. Le quebraron varios huesos. Lo violaron y masacraron a golpes hasta su muerte.&nbsp;<strong>Estas inhumanas merecen morir en la c\u00e1rcel<\/strong>. \u00a1Justicia por Lucio Dupuy!\u201d.<\/p>\n\n\n\n<figure class=\"wp-block-image\"><img decoding=\"async\" src=\"https:\/\/tn.com.ar\/resizer\/ndOr2sEp7hSGvKSOhxa52RaGDb4=\/767x0\/smart\/filters:format(webp)\/cloudfront-us-east-1.images.arcpublishing.com\/artear\/QZHUOCETCFDCHLJCI4JIXBHF6M.png\" alt=\"El tuit del abogado. (Foto: captura Twitter\/@FernandBurlando)\"\/><figcaption>El tuit del abogado. (Foto: captura Twitter\/@FernandBurlando)<\/figcaption><\/figure>\n\n\n\n<h2 class=\"wp-block-heading\">El fiscal pidi\u00f3 que sean condenadas por homicidio y violaci\u00f3n<\/h2>\n\n\n\n<p>El fiscal del juicio por el crimen de\u00a0<strong>Lucio Dupuy<\/strong>, el nene de 5 a\u00f1os asesinado en noviembre de 2021 en La Pampa, pidi\u00f3 que la madre de la v\u00edctima y su pareja sean condenadas por<strong>\u201chomicidio calificado y abuso sexual\u201d<\/strong>. El veredicto del tribunal a cargo del debate se conocer\u00e1 el 2 de febrero.<\/p>\n\n\n\n<p>Por su parte, la querella agreg\u00f3 en su acusaci\u00f3n el agravante de<strong>&nbsp;\u201codio de g\u00e9nero\u201d<\/strong>. En cuanto a las defensas, plantearon la hip\u00f3tesis de un hecho \u201cpreterintencional\u201d, es decir, cuando el agresor tiene intenciones de causar un da\u00f1o, pero no la muerte.<\/p>\n\n\n\n<p>Para la fiscal\u00eda, las imputadas \u201cagredieron f\u00edsicamente, en forma conjunta\u201d a Lucio entre las 17:30 y las 19:40 del 26 de noviembre de 2021 en la casa en la que viv\u00edan en Santa Rosa. A su vez, se\u00f1al\u00f3 que las m\u00faltiples lesiones<strong>&nbsp;le provocaron la muerte<\/strong>&nbsp;luego de un per\u00edodo de agon\u00eda.<\/p>\n\n\n\n<h2 class=\"wp-block-heading\">El desgarrador mensaje del pap\u00e1 de Lucio Dupuy<\/h2>\n\n\n\n<p>En una carta que comparti\u00f3 a trav\u00e9s de su perfil de Facebook, Christian Dupuy, el pap\u00e1 del nene de 5 a\u00f1os, expres\u00f3&nbsp;<strong>cu\u00e1nto extra\u00f1a y recuerda a su hijo<\/strong>.<\/p>\n\n\n\n<figure class=\"wp-block-image\"><img decoding=\"async\" src=\"https:\/\/tn.com.ar\/resizer\/aXH5K_IR9ExpKrPpqCJxAE0Gqdk=\/767x0\/smart\/filters:format(webp)\/cloudfront-us-east-1.images.arcpublishing.com\/artear\/J2IIEAJV5RF7XO2TMSKLAVVZOE.webp\" alt=\"El desgarrador mensaje del padre de Lucio Dupuy a tres semanas de la sentencia. (Foto: Facebook\/Christian Dupuy)\"\/><figcaption>El desgarrador mensaje del padre de Lucio Dupuy a tres semanas de la sentencia. (Foto: Facebook\/Christian Dupuy)<\/figcaption><\/figure>\n\n\n\n<p>\u201cTe extra\u00f1o. Lo he intentado y es in\u00fatil, llevo un tiempo tratando de soltarte, pero&nbsp;<strong>es totalmente in\u00fatil intentar olvidar<\/strong>&nbsp;algo que est\u00e1 y siempre estuvo tan dentro de m\u00ed\u201d, comenz\u00f3.<\/p>\n\n\n\n<p>Asimismo, lament\u00f3: \u201cEs imposible olvidar la sensaci\u00f3n de cuando llegaste al mundo y te entregaron a m\u00ed envuelto en mantitas, imposible olvidar lo desgarrador y<strong>&nbsp;doloroso (que fue) verte en un caj\u00f3n,<\/strong>&nbsp;cuando la ley de la vida dice que un hijo debe enterrar a su padre y no as\u00ed como pas\u00f3\u201d.<\/p>\n\n\n\n<p>Adem\u00e1s, record\u00f3 cu\u00e1nto tiempo pas\u00f3 desde el d\u00eda del crimen que conmocion\u00f3 al pa\u00eds: \u201cUn a\u00f1o y 2 meses y sigo sin entender, y a\u00fan nadie me ha dado explicaciones de por qu\u00e9 pas\u00f3 todo esto.&nbsp;<strong>Una tortura constante vive en m\u00ed,<\/strong>&nbsp;recordando esa hermosa risa, y tu vocecita dici\u00e9ndome \u2018papi\u2019\u201d.<\/p>\n\n\n\n<p>Finalmente, cerr\u00f3 con un emotivo saludo: \u201cTu hermana sigue nombr\u00e1ndote, no te olvida y nunca lo va a hacer porque tu recuerdo vive en nosotros y, con el amor que te tenemos,<strong>\u00a0jam\u00e1s podremos olvidarte.<\/strong>\u00a0Mi papito, deseo que la vida me pase r\u00e1pido, disfrutando de todo lo que tengo para volverte a ver. Te extra\u00f1o\u201d.<\/p>\n\n\n\n<p><\/p>\n\n\n\n<p>Fuente: TN.<\/p>\n","protected":false},"excerpt":{"rendered":"<p>Magdalena Esp\u00f3sito Valenti y Abigail P\u00e1ez son las \u00fanicas dos imputadas por el asesinato. El veredicto se conocer\u00e1 el pr\u00f3ximo 2 de febrero. El abogado de la familia de\u00a0Fernando B\u00e1ez&hellip; <\/p>\n","protected":false},"author":6,"featured_media":34817,"comment_status":"closed","ping_status":"open","sticky":false,"template":"","format":"standard","meta":{"footnotes":""},"categories":[5],"tags":[],"class_list":["post-34816","post","type-post","status-publish","format-standard","has-post-thumbnail","hentry","category-crimen-y-justicia"],"_links":{"self":[{"href":"https:\/\/corrientesdetarde.com\/index.php\/wp-json\/wp\/v2\/posts\/34816","targetHints":{"allow":["GET"]}}],"collection":[{"href":"https:\/\/corrientesdetarde.com\/index.php\/wp-json\/wp\/v2\/posts"}],"about":[{"href":"https:\/\/corrientesdetarde.com\/index.php\/wp-json\/wp\/v2\/types\/post"}],"author":[{"embeddable":true,"href":"https:\/\/corrientesdetarde.com\/index.php\/wp-json\/wp\/v2\/users\/6"}],"replies":[{"embeddable":true,"href":"https:\/\/corrientesdetarde.com\/index.php\/wp-json\/wp\/v2\/comments?post=34816"}],"version-history":[{"count":1,"href":"https:\/\/corrientesdetarde.com\/index.php\/wp-json\/wp\/v2\/posts\/34816\/revisions"}],"predecessor-version":[{"id":34818,"href":"https:\/\/corrientesdetarde.com\/index.php\/wp-json\/wp\/v2\/posts\/34816\/revisions\/34818"}],"wp:featuredmedia":[{"embeddable":true,"href":"https:\/\/corrientesdetarde.com\/index.php\/wp-json\/wp\/v2\/media\/34817"}],"wp:attachment":[{"href":"https:\/\/corrientesdetarde.com\/index.php\/wp-json\/wp\/v2\/media?parent=34816"}],"wp:term":[{"taxonomy":"category","embeddable":true,"href":"https:\/\/corrientesdetarde.com\/index.php\/wp-json\/wp\/v2\/categories?post=34816"},{"taxonomy":"post_tag","embeddable":true,"href":"https:\/\/corrientesdetarde.com\/index.php\/wp-json\/wp\/v2\/tags?post=34816"}],"curies":[{"name":"wp","href":"https:\/\/api.w.org\/{rel}","templated":true}]}}