{"id":34822,"date":"2023-01-22T20:02:04","date_gmt":"2023-01-22T23:02:04","guid":{"rendered":"https:\/\/corrientesdetarde.com\/?p=34822"},"modified":"2023-01-22T20:02:09","modified_gmt":"2023-01-22T23:02:09","slug":"facundo-arana-repudio-a-quienes-criticaron-el-cuerpo-de-la-beba-de-isabel-macedo","status":"publish","type":"post","link":"https:\/\/corrientesdetarde.com\/index.php\/espectaculos\/facundo-arana-repudio-a-quienes-criticaron-el-cuerpo-de-la-beba-de-isabel-macedo\/","title":{"rendered":"Facundo Arana repudi\u00f3 a quienes criticaron el cuerpo de la beba de Isabel Macedo."},"content":{"rendered":"\n<h2 class=\"wp-block-heading\">El actor se meti\u00f3 en la pol\u00e9mica y sali\u00f3 en defensa de la actriz, con la que estuvo en pareja durante 10 a\u00f1os. Adem\u00e1s, fulmin\u00f3 a los haters.<\/h2>\n\n\n\n<p><strong>Facundo Arana<\/strong>\u00a0se refiri\u00f3 a la pol\u00e9mica que se gener\u00f3 en las redes sociales despu\u00e9s de que varios usuarios\u00a0<strong>cuestionaran el cuerpo de la hija menor de Isabel Macedo y Juan Manuel Urtubey<\/strong>.<\/p>\n\n\n\n<p>Todo ocurri\u00f3 el viernes al aire de&nbsp;<em>Nosotros a la ma\u00f1ana<\/em>&nbsp;(<em>eltrece<\/em>) despu\u00e9s de que Mariel Di Lenarda le consultara su opini\u00f3n sobreal conflicto haciendo hincapi\u00e9 en quienes critican los cuerpos ajenos.<\/p>\n\n\n\n<p>\u201cPor mi historia con Isabel Macedo, yo vi setecientas mil fotos de ella cuando era beb\u00e9.&nbsp;<strong>Era id\u00e9ntica a su beb\u00e9<\/strong>. Entonces, si es una de las mujeres m\u00e1s lindas como han dicho ustedes toda la vida y yo tambi\u00e9n lo he dicho,&nbsp;<strong>pod\u00e9s garantizar que estas dos ni\u00f1as que tiene van a ser de lo m\u00e1s bello&nbsp;<\/strong>que vas a ver en la vida\u201d, asegur\u00f3 en referencia a la actriz con quien comparti\u00f3 10 a\u00f1os de vida.<\/p>\n\n\n\n<figure class=\"wp-block-image\"><img decoding=\"async\" src=\"https:\/\/tn.com.ar\/resizer\/8Tqa-YubIMFDdokU_3TErsLSqZY=\/767x0\/smart\/filters:format(webp)\/cloudfront-us-east-1.images.arcpublishing.com\/artear\/32KSLPGBAJD5LHXNK4UKFWKBWA.png\" alt=\"Isabel Macedo y Facundo Arana fueron pareja durante 10 a\u00f1os. (Foto: redes sociales).\"\/><figcaption>Isabel Macedo y Facundo Arana fueron pareja durante 10 a\u00f1os. (Foto: redes sociales).<\/figcaption><\/figure>\n\n\n\n<p>Luego, dispar\u00f3 contra los usuarios que usan las redes para cuestionar, criticar y agredir: \u201c<strong>Ponerse a hablar de un beb\u00e9 a m\u00ed me parece grav\u00edsimo&nbsp;<\/strong>y me parece que ella respondi\u00f3 mucho mejor a la pregunta. Justo hoy a la ma\u00f1ana vi algo de todo eso y dije \u2018Qu\u00e9 bien que respondi\u00f3 y qu\u00e9 mal la gente que opina de todas esas cosas. Mal, mal\u00edsimo\u2019\u201d.<\/p>\n\n\n\n<h2 class=\"wp-block-heading\">Isabel Macedo les respondi\u00f3 a quienes cuestionaron el aspecto f\u00edsico de su hija Julia y llam\u00f3 a la reflexi\u00f3n<\/h2>\n\n\n\n<p><strong>Isabel Macedo<\/strong>\u00a0public\u00f3\u00a0<strong>una foto de Julia, su hija de siete meses, en la playa<\/strong>\u00a0luciendo una malla con un gorrito haciendo juego. Si bien recibi\u00f3 cientos de mensajes de cari\u00f1o, no faltaron aquellos usuarios que\u00a0<strong>cuestionaron el aspecto f\u00edsico de la peque\u00f1a<\/strong>. Dolida, la actriz\u00a0<strong>llam\u00f3 a la reflexi\u00f3n\u00a0<\/strong>con un mensaje de amor.<\/p>\n\n\n\n<p>Todo ocurri\u00f3 despu\u00e9s de que Macedo publicara una foto de la beba en la playa luciendo una malla con un gorrito haciendo juego. \u201c\u00a1Ay Dios m\u00edo! No me alcanzan los segundos del d\u00eda para agradecerte\u2026 Sos lo m\u00e1s\u201d, escribi\u00f3 feliz de la familia que form\u00f3 junto a Juan Manuel Urtubey.<\/p>\n\n\n\n<figure class=\"wp-block-image\"><img decoding=\"async\" src=\"https:\/\/tn.com.ar\/resizer\/vdC-uMrhLr8u-IadwzlwqFck45U=\/767x0\/smart\/filters:format(webp)\/cloudfront-us-east-1.images.arcpublishing.com\/artear\/P4DPZA2EMBAXBEIRLAB25SFTVA.JPG\" alt=\"Isabel Macedo comparti\u00f3 fotos de su hija de siete meses en la playa y algunos usuarios cuestionaron su aspecto f\u00edsico. (Foto: Instagram \/isabelmacedophoto)\"\/><figcaption>Isabel Macedo comparti\u00f3 fotos de su hija de siete meses en la playa y algunos usuarios cuestionaron su aspecto f\u00edsico. (Foto: Instagram \/isabelmacedophoto)<\/figcaption><\/figure>\n\n\n\n<p>Sus seguidores le dedicaron cientos de mensajes de cari\u00f1o. Sin embargo, no faltaron aquellos que&nbsp;<strong>cuestionaron el aspecto f\u00edsico de la peque\u00f1a e incluso opinaron que estaba excedida de peso<\/strong>.<\/p>\n\n\n\n<p>Inmediatamente, varios followers de la actriz se mostraron indignados con los comentarios negativos y salieron al cruce.&nbsp;<strong>\u201c\u00bfC\u00f3mo puede haber gente que agreda el cuerpo de una beb\u00e9?&nbsp;<\/strong>Es hermosa y saludable, llena de amor que es lo importante. Qu\u00e9 necesidad de trasladar inseguridades que tienen\u201d, \u201cQu\u00e9 pena esos comentarios sobre la beba tan negativos sobre su peso\u201d, \u201c<strong>Me parece desagradable&nbsp;<\/strong>que opinen tan a la ligera si es saludable o si tiene alg\u00fan problema con el peso\u201d, se\u00f1alaron.<\/p>\n\n\n\n<figure class=\"wp-block-image\"><img decoding=\"async\" src=\"https:\/\/tn.com.ar\/resizer\/wXYjeEg7zqDyqMk-8zqQF1epmmc=\/767x0\/smart\/filters:format(webp)\/cloudfront-us-east-1.images.arcpublishing.com\/artear\/NS67K6CWOFHXTHGGEUUT6TW7BE.jpg\" alt=\"Isabel Macedo junto a Julia, la segunda hija que tuvo con Juan Manuel Urtubey. (Foto: Instagram\/@isabelmacedophoto)\"\/><figcaption>Isabel Macedo junto a Julia, la segunda hija que tuvo con Juan Manuel Urtubey. (Foto: Instagram\/@isabelmacedophoto)<\/figcaption><\/figure>\n\n\n\n<p>Tras el debate que se arm\u00f3 en su posteo, Macedo decidi\u00f3 hacer una nueva publicaci\u00f3n junto a su hija, donde escribi\u00f3 una reflexi\u00f3n llena de amor. \u201c<strong>Yo te amo. Para m\u00ed, sos perfecta<\/strong>\u201d, escribi\u00f3 junto a dos fotos con la peque\u00f1a desde la playa.<\/p>\n\n\n\n<figure class=\"wp-block-image\"><img decoding=\"async\" src=\"https:\/\/tn.com.ar\/resizer\/wZNp8oEc7hp8ngJYkh6fGjhwWSQ=\/767x0\/smart\/filters:format(webp)\/cloudfront-us-east-1.images.arcpublishing.com\/artear\/YY24WSDXURA7NA7WZ5GSGW4Q4A.JPG\" alt=\"Isabel Macedo respondi\u00f3 a quienes cuestionaron el aspecto f\u00edsico de Julia, su hija de siete meses. (Foto: Instagram \/isabelmacedophoto)\"\/><figcaption>Isabel Macedo respondi\u00f3 a quienes cuestionaron el aspecto f\u00edsico de Julia, su hija de siete meses. (Foto: Instagram \/isabelmacedophoto)<\/figcaption><\/figure>\n\n\n\n<p>\u201cHagamos esto:&nbsp;<strong>vamos a dejar pasar los comentarios negativos<\/strong>.&nbsp;<strong>Vamos a hacer de cuenta que no los le\u00edmos<\/strong>. Vamos a creer en un mundo mejor, lleno de gente buena, \u00bfdale?\u201d, propuso. Y destac\u00f3: \u201cPorque la verdad es que para m\u00ed,&nbsp;<strong>nunca el aspecto f\u00edsico de alguien lo va a definir.<\/strong>&nbsp;As\u00ed es como las voy a educar\u201d.<\/p>\n\n\n\n<p>A modo de cierre, dej\u00f3 en claro que elige quedarse con los comentarios de amor: \u201cNo nos tenemos que enojar. Hay cosas que es mejor dejar pasar. Gracias por todos los mensajes lindos. Los amo\u201d.<\/p>\n\n\n\n<p><\/p>\n","protected":false},"excerpt":{"rendered":"<p>El actor se meti\u00f3 en la pol\u00e9mica y sali\u00f3 en defensa de la actriz, con la que estuvo en pareja durante 10 a\u00f1os. Adem\u00e1s, fulmin\u00f3 a los haters. Facundo Arana\u00a0se&hellip; <\/p>\n","protected":false},"author":6,"featured_media":34823,"comment_status":"closed","ping_status":"open","sticky":false,"template":"","format":"standard","meta":{"footnotes":""},"categories":[19],"tags":[],"class_list":["post-34822","post","type-post","status-publish","format-standard","has-post-thumbnail","hentry","category-espectaculos"],"_links":{"self":[{"href":"https:\/\/corrientesdetarde.com\/index.php\/wp-json\/wp\/v2\/posts\/34822","targetHints":{"allow":["GET"]}}],"collection":[{"href":"https:\/\/corrientesdetarde.com\/index.php\/wp-json\/wp\/v2\/posts"}],"about":[{"href":"https:\/\/corrientesdetarde.com\/index.php\/wp-json\/wp\/v2\/types\/post"}],"author":[{"embeddable":true,"href":"https:\/\/corrientesdetarde.com\/index.php\/wp-json\/wp\/v2\/users\/6"}],"replies":[{"embeddable":true,"href":"https:\/\/corrientesdetarde.com\/index.php\/wp-json\/wp\/v2\/comments?post=34822"}],"version-history":[{"count":1,"href":"https:\/\/corrientesdetarde.com\/index.php\/wp-json\/wp\/v2\/posts\/34822\/revisions"}],"predecessor-version":[{"id":34824,"href":"https:\/\/corrientesdetarde.com\/index.php\/wp-json\/wp\/v2\/posts\/34822\/revisions\/34824"}],"wp:featuredmedia":[{"embeddable":true,"href":"https:\/\/corrientesdetarde.com\/index.php\/wp-json\/wp\/v2\/media\/34823"}],"wp:attachment":[{"href":"https:\/\/corrientesdetarde.com\/index.php\/wp-json\/wp\/v2\/media?parent=34822"}],"wp:term":[{"taxonomy":"category","embeddable":true,"href":"https:\/\/corrientesdetarde.com\/index.php\/wp-json\/wp\/v2\/categories?post=34822"},{"taxonomy":"post_tag","embeddable":true,"href":"https:\/\/corrientesdetarde.com\/index.php\/wp-json\/wp\/v2\/tags?post=34822"}],"curies":[{"name":"wp","href":"https:\/\/api.w.org\/{rel}","templated":true}]}}