{"id":34825,"date":"2023-01-22T20:04:10","date_gmt":"2023-01-22T23:04:10","guid":{"rendered":"https:\/\/corrientesdetarde.com\/?p=34825"},"modified":"2023-01-22T20:04:13","modified_gmt":"2023-01-22T23:04:13","slug":"tres-jovenes-se-tiraron-a-un-canal-de-riego-para-banarse-y-murieron-ahogados-en-mendoza","status":"publish","type":"post","link":"https:\/\/corrientesdetarde.com\/index.php\/crimen-y-justicia\/tres-jovenes-se-tiraron-a-un-canal-de-riego-para-banarse-y-murieron-ahogados-en-mendoza\/","title":{"rendered":"Tres j\u00f3venes se tiraron a un canal de riego para ba\u00f1arse y murieron ahogados en Mendoza."},"content":{"rendered":"\n<h2 class=\"wp-block-heading\">Las v\u00edctimas ten\u00edan entre 18 y 23 a\u00f1os. Testigos alertaron a la polic\u00eda de que hab\u00edan ingresado al agua y que fueron arrastradas por la corriente.<\/h2>\n\n\n\n<p>Este domingo, tres personas\u00a0<strong>murieron ahogados<\/strong>\u00a0luego de tirarse a un cauce de agua en la localidad mendocina de<strong>\u00a0San Mart\u00edn<\/strong>, informaron fuentes policiales.<\/p>\n\n\n\n<p>El dram\u00e1tico hecho ocurri\u00f3 al mediod\u00eda, cuando un llamado al 911 alert\u00f3 que tres personas hab\u00edan ingresado al canal ubicado sobre Carril Norte y Callej\u00f3n Esperanza para ba\u00f1arse, pero no hab\u00edan salido.<\/p>\n\n\n\n<p>A pesar de la prohibici\u00f3n de ba\u00f1arse en canales de riego, los j\u00f3venes se hab\u00edan metido al cauce para combatir otra jornada de&nbsp;<strong>altas temperaturas:&nbsp;<\/strong>despu\u00e9s de la m\u00e1xima de 37 grados del jueves, el calor apenas hab\u00eda remitido hasta los 33 grados de este domingo en San Mart\u00edn, a unos 40 kil\u00f3metros de la capital provincial.<\/p>\n\n\n\n<p>Testigos dijeron que las v\u00edctimas fueron&nbsp;<strong>arrastradas por la corriente hacia el este.&nbsp;<\/strong>Al arribar al lugar, con ese dato efectivos de la polic\u00eda comenzaron a realizar una b\u00fasqueda. Finalmente, hallaron los cuerpos a dos kil\u00f3metros del lugar donde hab\u00edan sido vistos por \u00faltima vez, a\u00f1adieron las fuentes.<\/p>\n\n\n\n<p>All\u00ed los uniformados lograron sacar del canal a uno de los cuerpos, mientras que los otros dos fueron rescatados del interior del cauce por los vecinos. Seg\u00fan inform\u00f3 el medio local&nbsp;<em>Los Andes<\/em>, los tres j\u00f3venes fueron identificados como&nbsp;<strong>Emilce Johana Gonz\u00e1lez (19), Marcos Antonio Gonz\u00e1lez (18) y Nicol\u00e1s Zarandon Sequione (23)<\/strong>.<\/p>\n\n\n\n<figure class=\"wp-block-image\"><img decoding=\"async\" src=\"https:\/\/tn.com.ar\/resizer\/et8V5WzdSrsDbBNQPLHhoxeTaxc=\/767x0\/smart\/filters:format(webp)\/cloudfront-us-east-1.images.arcpublishing.com\/artear\/MCLBZEA7ZZBXVNR6BNY2GZ4Q7M.jpg\" alt=\"La polic\u00eda hall\u00f3 los cuerpos a dos kil\u00f3metros desde donde fueron vistos por \u00faltima vez. (Foto: Gentileza Los Andes\/Orlando Pelichotti)\"\/><figcaption>La polic\u00eda hall\u00f3 los cuerpos a dos kil\u00f3metros desde donde fueron vistos por \u00faltima vez. (Foto: Gentileza Los Andes\/Orlando Pelichotti)<\/figcaption><\/figure>\n\n\n\n<p>Seg\u00fan detall\u00f3 el Ministerio de Seguridad, en el lugar se procedi\u00f3 a realizarles maniobras de&nbsp;<strong>RCP<\/strong>, con resultados negativos. Una ambulancia del Servicio Coordinado de Emergencias (SEC) arrib\u00f3 y constat\u00f3 el deceso de las v\u00edctimas.<\/p>\n\n\n\n<p>En tanto, seg\u00fan indic\u00f3 un reporte policial, no se observaron signos de violencia en los cuerpos, solo los golpes producto del arrastre. De acuerdo a&nbsp;<em>El Sol<\/em>, el canal ten\u00eda apenas 80 cent\u00edmetros de profundidad, pero los j\u00f3venes&nbsp;<strong>podr\u00edan haber quedado atrapados en un pozo.<\/strong><\/p>\n\n\n\n<p>En este canal de riego hab\u00eda ocurrido otra tragedia en noviembre de 2019. En su momento, un hombre&nbsp;<strong>muri\u00f3 ahogado cuando se arroj\u00f3 para rescatar a un ni\u00f1o<\/strong>&nbsp;que hab\u00eda ca\u00eddo al cauce. La correntada, sin embargo, arrastr\u00f3 a ambos.<\/p>\n\n\n\n<p>Los vecinos lograron<strong>&nbsp;rescatar a Kevin Guti\u00e9rrez (6)<\/strong>, pero no pudieron salvar a Carlos Godoy, de 50 a\u00f1os. Las autoridades lo ubicaron m\u00e1s tarde, a algunos metros del lugar, aunque los m\u00e9dicos del Servicio de Emergencias Coordinado (SEC) solo pudieron constatar la muerte.<\/p>\n","protected":false},"excerpt":{"rendered":"<p>Las v\u00edctimas ten\u00edan entre 18 y 23 a\u00f1os. Testigos alertaron a la polic\u00eda de que hab\u00edan ingresado al agua y que fueron arrastradas por la corriente. Este domingo, tres personas\u00a0murieron&hellip; <\/p>\n","protected":false},"author":6,"featured_media":34826,"comment_status":"closed","ping_status":"open","sticky":false,"template":"","format":"standard","meta":{"footnotes":""},"categories":[5],"tags":[],"class_list":["post-34825","post","type-post","status-publish","format-standard","has-post-thumbnail","hentry","category-crimen-y-justicia"],"_links":{"self":[{"href":"https:\/\/corrientesdetarde.com\/index.php\/wp-json\/wp\/v2\/posts\/34825","targetHints":{"allow":["GET"]}}],"collection":[{"href":"https:\/\/corrientesdetarde.com\/index.php\/wp-json\/wp\/v2\/posts"}],"about":[{"href":"https:\/\/corrientesdetarde.com\/index.php\/wp-json\/wp\/v2\/types\/post"}],"author":[{"embeddable":true,"href":"https:\/\/corrientesdetarde.com\/index.php\/wp-json\/wp\/v2\/users\/6"}],"replies":[{"embeddable":true,"href":"https:\/\/corrientesdetarde.com\/index.php\/wp-json\/wp\/v2\/comments?post=34825"}],"version-history":[{"count":1,"href":"https:\/\/corrientesdetarde.com\/index.php\/wp-json\/wp\/v2\/posts\/34825\/revisions"}],"predecessor-version":[{"id":34827,"href":"https:\/\/corrientesdetarde.com\/index.php\/wp-json\/wp\/v2\/posts\/34825\/revisions\/34827"}],"wp:featuredmedia":[{"embeddable":true,"href":"https:\/\/corrientesdetarde.com\/index.php\/wp-json\/wp\/v2\/media\/34826"}],"wp:attachment":[{"href":"https:\/\/corrientesdetarde.com\/index.php\/wp-json\/wp\/v2\/media?parent=34825"}],"wp:term":[{"taxonomy":"category","embeddable":true,"href":"https:\/\/corrientesdetarde.com\/index.php\/wp-json\/wp\/v2\/categories?post=34825"},{"taxonomy":"post_tag","embeddable":true,"href":"https:\/\/corrientesdetarde.com\/index.php\/wp-json\/wp\/v2\/tags?post=34825"}],"curies":[{"name":"wp","href":"https:\/\/api.w.org\/{rel}","templated":true}]}}