{"id":34828,"date":"2023-01-22T20:13:07","date_gmt":"2023-01-22T23:13:07","guid":{"rendered":"https:\/\/corrientesdetarde.com\/?p=34828"},"modified":"2023-01-22T20:13:12","modified_gmt":"2023-01-22T23:13:12","slug":"pampita-deslumbro-con-sus-looks-en-brasil","status":"publish","type":"post","link":"https:\/\/corrientesdetarde.com\/index.php\/espectaculos\/pampita-deslumbro-con-sus-looks-en-brasil\/","title":{"rendered":"Pampita deslumbr\u00f3 con sus looks en Brasil."},"content":{"rendered":"\n<h2 class=\"wp-block-heading\">De vacaciones junto a 40 familiares y amigos, la modelo festej\u00f3 su cumplea\u00f1os 45 y se luci\u00f3 con una prenda fashionista muy especial que ya marca tendencia.<\/h2>\n\n\n\n<p>Ya es un cl\u00e1sico de cada a\u00f1o en la vida de\u00a0<strong>Carolina Pampita Ardohain<\/strong>. No hay verano si la modelo no visita junto a su familia y amigos alg\u00fan exclusivo hotel en alguna parte del mundo de la cadena de la que es embajadora. Y tiene un ritual que repite cada 17 de enero, la fecha de su cumplea\u00f1os. La conductora de\u00a0<em><strong>El Hotel de los Famosos<\/strong><\/em>\u00a0elige recibir las 12 en diferentes partes del planeta. As\u00ed como a\u00f1os anteriores hab\u00eda visitado destinos como Punta Cana o M\u00e9xico, en el 2023 la celebraci\u00f3n tuvo lugar en Brasil.<\/p>\n\n\n\n<p>En el exclusivo hotel ubicado en el estado de Bah\u00eda, la modelo recibi\u00f3 su cumplea\u00f1os n\u00famero 45 rodeada de sus afectos m\u00e1s cercanos. Junto a ella estuvieron sus hijos&nbsp;<strong>Bautista, Beltr\u00e1n y Benicio<\/strong>, de su relaci\u00f3n con<strong>&nbsp;Benjam\u00edn Vicu\u00f1a<\/strong>, y la peque\u00f1a&nbsp;<strong>Ana<\/strong>, fruto de su v\u00ednculo con su actual marido, el legislador&nbsp;<strong>Roberto Garc\u00eda Morit\u00e1n<\/strong>. Precisamente la ni\u00f1a de un a\u00f1o y medio se gan\u00f3 uno de los momentos m\u00e1s tiernos de la jornada, cuando durante una excursi\u00f3n se la vio cantando junto a su madre y pronunciando, a su manera, el nombre del pa\u00eds vecino.<\/p>\n\n\n\n<p><img loading=\"lazy\" decoding=\"async\" height=\"1080\" width=\"1920\" srcset=\"https:\/\/www.infobae.com\/new-resizer\/w4pQ-X-QEzvIWUX651mBTLCVpwM=\/420x236\/filters:format(webp):quality(85)\/cloudfront-us-east-1.images.arcpublishing.com\/infobae\/KENZSIA7BFE4DPJ5BWRSKUPCQM.jpg 420w,https:\/\/www.infobae.com\/new-resizer\/uWFZY8Oqu8BG_MbGaqKshuXVhZI=\/768x432\/filters:format(webp):quality(85)\/cloudfront-us-east-1.images.arcpublishing.com\/infobae\/KENZSIA7BFE4DPJ5BWRSKUPCQM.jpg 768w,https:\/\/www.infobae.com\/new-resizer\/Rz9FW4h9dToGg90W5Bkax2xIiwE=\/992x558\/filters:format(webp):quality(85)\/cloudfront-us-east-1.images.arcpublishing.com\/infobae\/KENZSIA7BFE4DPJ5BWRSKUPCQM.jpg 992w,https:\/\/www.infobae.com\/new-resizer\/BDyWPiyVMCoinRmDViSuGEtrnVM=\/1200x675\/filters:format(webp):quality(85)\/cloudfront-us-east-1.images.arcpublishing.com\/infobae\/KENZSIA7BFE4DPJ5BWRSKUPCQM.jpg 1200w,https:\/\/www.infobae.com\/new-resizer\/VXO5kEfecWMhkc3-ermhd3gSRFQ=\/1440x810\/filters:format(webp):quality(85)\/cloudfront-us-east-1.images.arcpublishing.com\/infobae\/KENZSIA7BFE4DPJ5BWRSKUPCQM.jpg 1440w\" class=\"\" src=\"https:\/\/cloudfront-us-east-1.images.arcpublishing.com\/infobae\/KENZSIA7BFE4DPJ5BWRSKUPCQM.jpg\" alt=\"Pampita cumpli\u00f3 45 a\u00f1os y lo celebr\u00f3 en Brasil  (Cr\u00e9dito: Palladium Hotel Group \/ Grand Palladium Imbassa\u00ed Resort &amp; Spa)\">Pampita cumpli\u00f3 45 a\u00f1os y lo celebr\u00f3 en Brasil (Cr\u00e9dito: Palladium Hotel Group \/ Grand Palladium Imbassa\u00ed Resort &amp; Spa)<\/p>\n\n\n\n<p>En las redes sociales, sus casi siete millones y medio de seguidores pudieron seguir cada detalle del viaje multitudinario. En esta oportunidad, el contingente estaba integrado por&nbsp;<strong>Guillermo Ardohain<\/strong>, hermano y gran compinche de la conductora, junto a su pareja,&nbsp;<strong>Malena Zermoglio<\/strong>;&nbsp;<strong>Estefan\u00eda Novillo<\/strong>, maquilladora y otra de las mujeres de confianza de la homenajeada,&nbsp;<strong>Luciana Pizzolorusso<\/strong>&nbsp;y otras amigas \u00edntimas tanto de Buenos Aires como de Chile.<\/p>\n\n\n\n<p><img loading=\"lazy\" decoding=\"async\" alt=\"Pampita marc\u00f3 tendencia en Brasil (Instagram)\" height=\"2400\" width=\"1920\" class=\"\" src=\"https:\/\/cloudfront-us-east-1.images.arcpublishing.com\/infobae\/R7PQF7LFRNHYJCJLPJKAACGXBY.jpg\" srcset=\"https:\/\/www.infobae.com\/new-resizer\/A7z6HNh1llkbOQ2hSwQFjvK1U8g=\/420x560\/filters:format(webp):quality(85)\/cloudfront-us-east-1.images.arcpublishing.com\/infobae\/R7PQF7LFRNHYJCJLPJKAACGXBY.jpg 420w,https:\/\/www.infobae.com\/new-resizer\/6BWCjgehYE0IsOZvg6c-YAEfXm8=\/768x1024\/filters:format(webp):quality(85)\/cloudfront-us-east-1.images.arcpublishing.com\/infobae\/R7PQF7LFRNHYJCJLPJKAACGXBY.jpg 768w,https:\/\/www.infobae.com\/new-resizer\/YIkZryPLMnaCQ_BHHqpTXaJiN64=\/992x1323\/filters:format(webp):quality(85)\/cloudfront-us-east-1.images.arcpublishing.com\/infobae\/R7PQF7LFRNHYJCJLPJKAACGXBY.jpg 992w,https:\/\/www.infobae.com\/new-resizer\/Wk108l8XFL0_GfiBFQSKcOLbIxg=\/1200x1600\/filters:format(webp):quality(85)\/cloudfront-us-east-1.images.arcpublishing.com\/infobae\/R7PQF7LFRNHYJCJLPJKAACGXBY.jpg 1200w\">Pampita marc\u00f3 tendencia en Brasil (Instagram)<\/p>\n\n\n\n<p>Como sucedi\u00f3 otros a\u00f1os, la modelo tuvo dos festejos. Uno \u00edntimo cuando el reloj marc\u00f3 las 12, en el que seg\u00fan se puedo ver en las im\u00e1genes Guillermo sostiene la torta con una mano, mientras que con la otra carga a su sobrina. Con su nuevo look platinado, Bautista escolta a su madre mientras ella abraza a los dos menores mientras pide los deseos y sopla la velita con una sonrisa. La siguiente celebraci\u00f3n ya fue horas despu\u00e9s y se trat\u00f3 de una s\u00faper fiesta, en la que la homenajeada despleg\u00f3 todo su talento para el baile y acompa\u00f1\u00f3 a un grupo de percusionistas que armaron un show exclusivo para ellos.<\/p>\n\n\n\n<p>Durante el d\u00eda, una de las m\u00e1ximas referentes en el \u00e1mbito de la moda volvi\u00f3 a marcar tendencia. Si bien no es un \u00edtem novedoso, porque cada a\u00f1o muchas mujeres lo usan, la modelo lo llev\u00f3 a la playa y volvi\u00f3 a marcar tendencia. Se trata del kimono largo, una prenda que utiliza arriba de las bikinis y que le da un estilo m\u00e1s sofisticado a un simple outfit playero.<\/p>\n\n\n\n<p><img loading=\"lazy\" decoding=\"async\" alt=\"Pampita se volvi\u00f3 fan del kimono (Instagram)\" height=\"1080\" width=\"1920\" class=\"\" src=\"https:\/\/cloudfront-us-east-1.images.arcpublishing.com\/infobae\/QWZCRJGF4NF2TIZK5F6RKSKKRU.jpg\" srcset=\"https:\/\/www.infobae.com\/new-resizer\/riCfkxcTUp0bwiqUr4gOmaSE4Vw=\/420x236\/filters:format(webp):quality(85)\/cloudfront-us-east-1.images.arcpublishing.com\/infobae\/QWZCRJGF4NF2TIZK5F6RKSKKRU.jpg 420w,https:\/\/www.infobae.com\/new-resizer\/ZACQhlCocqGFdujRFC4mZ7VlhJE=\/768x432\/filters:format(webp):quality(85)\/cloudfront-us-east-1.images.arcpublishing.com\/infobae\/QWZCRJGF4NF2TIZK5F6RKSKKRU.jpg 768w,https:\/\/www.infobae.com\/new-resizer\/y6iiKOQqXtdMyXOxXsFL9uqZfMo=\/992x558\/filters:format(webp):quality(85)\/cloudfront-us-east-1.images.arcpublishing.com\/infobae\/QWZCRJGF4NF2TIZK5F6RKSKKRU.jpg 992w,https:\/\/www.infobae.com\/new-resizer\/NLF2YOv2453WD_DCVBpiUJd0uFU=\/1200x675\/filters:format(webp):quality(85)\/cloudfront-us-east-1.images.arcpublishing.com\/infobae\/QWZCRJGF4NF2TIZK5F6RKSKKRU.jpg 1200w,https:\/\/www.infobae.com\/new-resizer\/YVphYEDqCWVdTWrfRkfkU-4ei9s=\/1440x810\/filters:format(webp):quality(85)\/cloudfront-us-east-1.images.arcpublishing.com\/infobae\/QWZCRJGF4NF2TIZK5F6RKSKKRU.jpg 1440w\">Pampita se volvi\u00f3 fan del kimono (Instagram)<\/p>\n\n\n\n<p>Como dato de color, vale recordar que por las venas corre sangre brasile\u00f1a, ya que all\u00ed naci\u00f3 Tania Dos Santos, mam\u00e1 de Carolina y abuela de Ana. El swing propio del carnaval carioca, en una publicaci\u00f3n en la que dio cuenta de su estad\u00eda en las instalaciones del complejo y sirvi\u00f3 como el escenario virtual para que sus seguidores dejaran sus saludos de cumplea\u00f1os.<\/p>\n\n\n\n<p>De todos modos, a diario se la puede ver en pantalla ya que El Trece estren\u00f3 la segunda temporada de<em>\u00a0El Hotel de los Famosos<\/em>\u00a0que la tiene como conductora y si bien, a tres d\u00edas de su lanzamiento decidieron cambiarlo de horario por la baja medici\u00f3n (del prime time a la tarde) de a poco los n\u00fameros comienzan a crecer.<\/p>\n\n\n\n<p><\/p>\n\n\n\n<p>Fuente: Infobae.<\/p>\n","protected":false},"excerpt":{"rendered":"<p>De vacaciones junto a 40 familiares y amigos, la modelo festej\u00f3 su cumplea\u00f1os 45 y se luci\u00f3 con una prenda fashionista muy especial que ya marca tendencia. Ya es un&hellip; <\/p>\n","protected":false},"author":6,"featured_media":34829,"comment_status":"closed","ping_status":"open","sticky":false,"template":"","format":"standard","meta":{"footnotes":""},"categories":[19],"tags":[],"class_list":["post-34828","post","type-post","status-publish","format-standard","has-post-thumbnail","hentry","category-espectaculos"],"_links":{"self":[{"href":"https:\/\/corrientesdetarde.com\/index.php\/wp-json\/wp\/v2\/posts\/34828","targetHints":{"allow":["GET"]}}],"collection":[{"href":"https:\/\/corrientesdetarde.com\/index.php\/wp-json\/wp\/v2\/posts"}],"about":[{"href":"https:\/\/corrientesdetarde.com\/index.php\/wp-json\/wp\/v2\/types\/post"}],"author":[{"embeddable":true,"href":"https:\/\/corrientesdetarde.com\/index.php\/wp-json\/wp\/v2\/users\/6"}],"replies":[{"embeddable":true,"href":"https:\/\/corrientesdetarde.com\/index.php\/wp-json\/wp\/v2\/comments?post=34828"}],"version-history":[{"count":1,"href":"https:\/\/corrientesdetarde.com\/index.php\/wp-json\/wp\/v2\/posts\/34828\/revisions"}],"predecessor-version":[{"id":34830,"href":"https:\/\/corrientesdetarde.com\/index.php\/wp-json\/wp\/v2\/posts\/34828\/revisions\/34830"}],"wp:featuredmedia":[{"embeddable":true,"href":"https:\/\/corrientesdetarde.com\/index.php\/wp-json\/wp\/v2\/media\/34829"}],"wp:attachment":[{"href":"https:\/\/corrientesdetarde.com\/index.php\/wp-json\/wp\/v2\/media?parent=34828"}],"wp:term":[{"taxonomy":"category","embeddable":true,"href":"https:\/\/corrientesdetarde.com\/index.php\/wp-json\/wp\/v2\/categories?post=34828"},{"taxonomy":"post_tag","embeddable":true,"href":"https:\/\/corrientesdetarde.com\/index.php\/wp-json\/wp\/v2\/tags?post=34828"}],"curies":[{"name":"wp","href":"https:\/\/api.w.org\/{rel}","templated":true}]}}